{"id":121100,"date":"2025-12-20T02:39:11","date_gmt":"2025-12-20T02:39:11","guid":{"rendered":"https:\/\/www.europesays.com\/fi\/121100\/"},"modified":"2025-12-20T02:39:11","modified_gmt":"2025-12-20T02:39:11","slug":"keski-suomen-hyvinvointialueen-sosiaali-ja-terveyspalvelut-kinnulalaisille","status":"publish","type":"post","link":"https:\/\/www.europesays.com\/fi\/121100\/","title":{"rendered":"Keski-Suomen hyvinvointialueen sosiaali- ja terveyspalvelut kinnulalaisille"},"content":{"rendered":"<p>\n      Kinnulalaisten sosiaali- ja terveyspalvelut tulevat osaksi Keski-Suomen hyvinvointialueen palvelutuotantoa Suomen Terveystalo Oy:lt\u00e4 1.1.2026 alkaen.\n  <\/p>\n<p lang=\"FI-FI\">Palvelut l\u00f6ytyv\u00e4t vuoden vaihteen j\u00e4lkeen tutuista paikoista. Puhelinnumerot ovat p\u00e4\u00e4osin samat kuin ennenkin. Joitakin muutoksia numeroihin tulee. 2.1.2026 alkaen\u00a0\u00a0<\/p>\n<ul>\n<li>\n<p lang=\"FI-FI\">terveysaseman l\u00e4\u00e4k\u00e4ri- ja hoitajavastaanoton puhelinpalvelu\u00a0palvelee numerossa 014 266 3020 (arkisin kello 8\u201316). Terveysaseman vastaanotto ja palvelut ovat suljettuina perjantaina 2.1. ja kiirevastaanotto on saatavilla ajanvarauksella Viitasaarella.<\/p>\n<\/li>\n<li>\n<p lang=\"FI-FI\">suunterveydenhuolto numerossa 014 266 3040 (arkisin kello 8-15)\u00a0\u00a0<\/p>\n<\/li>\n<li>\n<p lang=\"FI-FI\">ik\u00e4\u00e4ntyneit\u00e4 palvelee lis\u00e4ksi uusi Seniori-neuvonnan numero 014 266 1801 tarjoaa neuvontaa, ohjausta ja tietoa palveluista ik\u00e4\u00e4ntyneille\u00a0ja heid\u00e4n l\u00e4heisilleen hyv\u00e4n arjen tueksi (arkisin kello 9\u201315).\u00a0<\/p>\n<\/li>\n<li>\n<p lang=\"FI-FI\">2.1.2026 alkaen kinnulalaiset voivat asioida Keski-Suomen hyvinvointialueen digitaalisissa sosiaali- ja terveyspalveluissa <a href=\"https:\/\/www.hyvaks.fi\/asioi-verkossa\" rel=\"nofollow noopener\" target=\"_blank\">www.hyvaks.fi\/asioi-verkossa<\/a>.<strong>\u00a0<\/strong><\/p>\n<\/li>\n<\/ul>\n<p lang=\"FI-FI\">L\u00e4hin kiirevastaanotto toimii Viitasaaren sosiaali- ja terveysasemalla (Sairaalantie 4, Viitasaari). Kun tarvitset kiireellist\u00e4 hoitoa terveysaseman ollessa kiinni iltaisin tai viikonloppuisin, soita aina ensin ymp\u00e4ri vuorokauden palvelevaan P\u00e4ivystysavun numeroon 116\u202f117. Iltaisin- ja viikonloppuisin kiirevastaanotto on \u00c4\u00e4nekosken sosiaali- ja terveyskeskuksessa (Terveyskatu 8, \u00c4\u00e4nekoski). Ymp\u00e4rivuorokautinen p\u00e4ivystys on Sairaala Novassa Jyv\u00e4skyl\u00e4ss\u00e4 (Hoitajantie 3).\u00a0<\/p>\n<p lang=\"FI-FI\"><strong>Asukastilaisuuden tallenne katsottavissa<\/strong><\/p>\n<p>Keski-Suomen hyvinvointialue j\u00e4rjesti kaikille avoimen asukastilaisuuden Kinnulassa ja et\u00e4yhteydell\u00e4 18.12. Tilaisuuden tallenne on katsottavissa Keski-Suomen hyvinvointialueen YouTube-kanavalla 1.2.2026 asti.\u00a0<\/p>\n<p>\u00a0<\/p>\n","protected":false},"excerpt":{"rendered":"Kinnulalaisten sosiaali- ja terveyspalvelut tulevat osaksi Keski-Suomen hyvinvointialueen palvelutuotantoa Suomen Terveystalo Oy:lt\u00e4 1.1.2026 alkaen. Palvelut l\u00f6ytyv\u00e4t vuoden vaihteen&hellip;\n","protected":false},"author":2,"featured_media":121101,"comment_status":"","ping_status":"","sticky":false,"template":"","format":"standard","meta":{"footnotes":""},"categories":[12],"tags":[22,23,26,27,33,31,30,17,24,25,28,29,15,18,21,32,19,20,16],"class_list":{"0":"post-121100","1":"post","2":"type-post","3":"status-publish","4":"format-standard","5":"has-post-thumbnail","7":"category-suomi","8":"tag-breaking-news","9":"tag-breakingnews","10":"tag-featured-news","11":"tag-featurednews","12":"tag-fi","13":"tag-finland","14":"tag-finnish","15":"tag-headlines","16":"tag-latest-news","17":"tag-latestnews","18":"tag-main-news","19":"tag-mainnews","20":"tag-news","21":"tag-otsikot","22":"tag-paauutiset","23":"tag-suomi","24":"tag-top-stories","25":"tag-topstories","26":"tag-uutiset"},"share_on_mastodon":{"url":"https:\/\/pubeurope.com\/@fi\/115749582523497687","error":""},"_links":{"self":[{"href":"https:\/\/www.europesays.com\/fi\/wp-json\/wp\/v2\/posts\/121100","targetHints":{"allow":["GET"]}}],"collection":[{"href":"https:\/\/www.europesays.com\/fi\/wp-json\/wp\/v2\/posts"}],"about":[{"href":"https:\/\/www.europesays.com\/fi\/wp-json\/wp\/v2\/types\/post"}],"author":[{"embeddable":true,"href":"https:\/\/www.europesays.com\/fi\/wp-json\/wp\/v2\/users\/2"}],"replies":[{"embeddable":true,"href":"https:\/\/www.europesays.com\/fi\/wp-json\/wp\/v2\/comments?post=121100"}],"version-history":[{"count":0,"href":"https:\/\/www.europesays.com\/fi\/wp-json\/wp\/v2\/posts\/121100\/revisions"}],"wp:featuredmedia":[{"embeddable":true,"href":"https:\/\/www.europesays.com\/fi\/wp-json\/wp\/v2\/media\/121101"}],"wp:attachment":[{"href":"https:\/\/www.europesays.com\/fi\/wp-json\/wp\/v2\/media?parent=121100"}],"wp:term":[{"taxonomy":"category","embeddable":true,"href":"https:\/\/www.europesays.com\/fi\/wp-json\/wp\/v2\/categories?post=121100"},{"taxonomy":"post_tag","embeddable":true,"href":"https:\/\/www.europesays.com\/fi\/wp-json\/wp\/v2\/tags?post=121100"}],"curies":[{"name":"wp","href":"https:\/\/api.w.org\/{rel}","templated":true}]}}