{"id":121104,"date":"2025-12-20T02:52:11","date_gmt":"2025-12-20T02:52:11","guid":{"rendered":"https:\/\/www.europesays.com\/fi\/121104\/"},"modified":"2025-12-20T02:52:11","modified_gmt":"2025-12-20T02:52:11","slug":"janni-hussi-avautuu-eron-jalkeisesta-yksinaisyydesta","status":"publish","type":"post","link":"https:\/\/www.europesays.com\/fi\/121104\/","title":{"rendered":"Janni Hussi avautuu eron j\u00e4lkeisest\u00e4 yksin\u00e4isyydest\u00e4"},"content":{"rendered":"<p>\n            202511203, Helsinki. Janni Hussi ja uusi koti.<br \/>\n            Timo Korhonen\n        <\/p>\n<p class=\"subtitle \">Janni avautuu yksin\u00e4isyydest\u00e4.<\/p>\n<p class=\"article-content article-content-width !bg-background\">Juontajat  ja  puhuvat tuoreimmassa <a href=\"https:\/\/podimo.com\/fi\/shows\/sana-on-vapaa?pc=fi_paid_1m1&amp;wpsrc=google&amp;wpcid=20592474881&amp;wpscid=&amp;wpcrid=&amp;wpkwid=&amp;wpkwn=&amp;wpkmatch=&amp;wpsnetn=x&amp;utm_source=google&amp;utm_medium=pmax&amp;utm_campaign=pmax&amp;utm_term=Sanaonvapaa%2F%3Fwpsrc%3Dgoogle&amp;wpcid=20592474881&amp;wpscid=&amp;wpcrid=&amp;wpkwid=&amp;wpkwn=&amp;wpkmatch=&amp;wpsnetn=x&amp;gad_source=1&amp;episode=c1a48dcd-28b3-4ffb-a8ae-b54d8a23c8aa\" aria-label=\"Sana on vapaa -podcastin tuorein jakso\" target=\"_blank\" rel=\"nofollow noopener\">Sana on vapaa -podcastissa yksin\u00e4isyydest\u00e4<\/a>. Jaksossa Janni paljastaa kokevansa eron j\u00e4lkeist\u00e4 yksin\u00e4isyytt\u00e4 erityisesti n\u00e4in juhlapyhien alla.<\/p>\n<p class=\"article-content article-content-width !bg-background\"><b>Video: Janni kertoo deittailusta &amp; sinkkuel\u00e4m\u00e4st\u00e4<\/b><\/p>\n<p class=\"article-content article-content-width !bg-background\">Janni erosi kes\u00e4ll\u00e4 puolisostaan .<\/p>\n<p class=\"article-content article-content-width !bg-background\">\u2013 En ole koskaan pit\u00e4nyt itse\u00e4ni yksin\u00e4isen\u00e4, Janni sanoo.<\/p>\n<p class=\"article-content article-content-width !bg-background\">\u2013 Mutta m\u00e4 olen v\u00e4h\u00e4n yksin\u00e4inen juuri nyt. Pyh\u00e4t ovat pirullisia, kun niihin patoutuu niin paljon sellaista tietty\u00e4 odotusta,\u00a0oletuksia ja ajatuksia siit\u00e4, miten niit\u00e4 kuuluisi viett\u00e4\u00e4.<\/p>\n<p>        <a itemprop=\"url\" href=\"https:\/\/www.seiska.fi\/kotimaa\/suomen-kaunein-koti-janni-hussin-uudessa-lukaalissa-pysayttava-naky\/2011931\" rel=\"nofollow noopener\" target=\"_blank\"><\/p>\n<p>\nSuomen kaunein koti?\n<\/p>\n<p class=\"section-date\">\n        <strong class=\"article-section\" data-section=\"kotimaa\"><br \/>\n            kotimaa<br \/>\n        <\/strong><br \/>\n        15.12. 05:00\n    <\/p>\n<p>Suomen kaunein koti? Janni Hussin uudessa lukaalissa pys\u00e4ytt\u00e4v\u00e4 n\u00e4ky\n    <\/p>\n<p itemprop=\"description\" class=\"subtitle \">\n    Seiskan reportteri h\u00e4mm\u00e4styi, kun Janni Hussi kutsui kyl\u00e4\u00e4n.\n<\/p>\n<p>        <\/a><\/p>\n<p class=\"article-content article-content-width !bg-background\">Janni paljastaa, ettei ole sen kummemmin jouluihminen, eik\u00e4 h\u00e4nell\u00e4 ole ket\u00e4\u00e4n mielitietty\u00e4 \u2013 ja ihmettelee, miksi siis stressaa joulunvietosta.<\/p>\n<p class=\"article-content article-content-width !bg-background\">\u2013 Ja yst\u00e4v\u00e4t ovat omien perheidens\u00e4 kanssa \u2013 olenhan min\u00e4kin perheeni kanssa, ja rakastan olla perheeni kanssa. Mutta silti siit\u00e4 tulee sellainen huonommuuden tunne.<\/p>\n<p>Korostuu uudenvuoden juhlinnassa<\/p>\n<p class=\"article-content article-content-width !bg-background\">Yksin\u00e4isyyden tunne korostuu my\u00f6s uuttavuotta juhlistaessa. Janni kuvailee, kuinka kaikilla h\u00e4nen yst\u00e4vill\u00e4\u00e4n on jo suunnitelmia perheidens\u00e4 tai kumppaneidensa kanssa, ja kuinka h\u00e4nen vuotensa tulee vaihtumaan katsomalla raketteja parvekkeelta yhdess\u00e4 koiransa kanssa.<\/p>\n<p>        <a itemprop=\"url\" href=\"https:\/\/www.seiska.fi\/vain-seiskassa\/kuvat-luksustalosta-janni-hussi-kutsui-seiskan-uuteen-kotiinsa-jestas-mika-lukaali\/2011218\" rel=\"nofollow noopener\" target=\"_blank\"><\/p>\n<p>\nKutsui Seiskan kyl\u00e4\u00e4n\n<\/p>\n<p class=\"section-date\">\n        <strong class=\"article-section\" data-section=\"vain seiskassa\"><br \/>\n            vain seiskassa<br \/>\n        <\/strong><br \/>\n        11.12. 05:00\n    <\/p>\n<p>Kuvat luksustalosta! Janni Hussi kutsui Seiskan uuteen kotiinsa \u2013 jestas, mik\u00e4 lukaali\n    <\/p>\n<p itemprop=\"description\" class=\"subtitle \">\n    Rallikartturi maksoi pitk\u00e4n pennin hulppeasta sinkkukodistaan.\n<\/p>\n<p>        <\/a><\/p>\n<p class=\"article-content article-content-width !bg-background\">\u2013 Se aiheuttaa kielt\u00e4m\u00e4tt\u00e4 aika kipe\u00e4\u00e4kin tunnetta, Janni sanoo.<\/p>\n<p class=\"article-content article-content-width !bg-background\">\u2013 Ihan varmasti, etenkin, kun n\u00e4m\u00e4 ovat nyt ensimm\u00e4iset juhlapyh\u00e4si erosi j\u00e4lkeen, ett\u00e4 se tulee varmaan niin kasvoille. Ja se on sit\u00e4, ett\u00e4 alat nyt luomaan traditioita ihan uudestaan ja itsesi n\u00e4k\u00f6iseksi, Sointu toteaa.<\/p>\n<p>Nyt on vaikeaa, sitten helpottaa<\/p>\n<p class=\"article-content article-content-width !bg-background\">Sointu veikkaa, ett\u00e4 juuri tuleva uusi vuosi saattaa olla vaikea, mutta sitten helpottaa.<\/p>\n<p class=\"article-content article-content-width !bg-background\">\u2013 Tuntuu varmaan tosi oudolta? Sointu kysyy.<\/p>\n<p>                <img decoding=\"async\" src=\"https:\/\/www.europesays.com\/fi\/wp-content\/uploads\/2025\/12\/1983217.webp\" width=\"576\" height=\"720\" title=\"Janni tunnetaan juontohommien lis\u00e4ksi my\u00f6s rallikartturina. Kuva Jyv\u00e4skyl\u00e4st\u00e4 t\u00e4m\u00e4n vuoden hein\u00e4kuulta.\" alt=\"Janni Hussi poseeraa mustapunaisessa ajopuvussaan rallipilttuun edess\u00e4. Valkoisessa aluspaidassa on pieni Suomen lippu jonka alla lukee J. Hussi.\" loading=\"lazy\" \/>            <\/p>\n<p>\n            Janni tunnetaan juontohommien lis\u00e4ksi my\u00f6s rallikartturina. Kuva Jyv\u00e4skyl\u00e4st\u00e4 t\u00e4m\u00e4n vuoden hein\u00e4kuulta.<br \/>\n            Timo Korhonen\n        <\/p>\n<p class=\"article-content article-content-width !bg-background\">\u2013 Kyll\u00e4, koska l\u00e4ht\u00f6kohtaisesti olen tottunut tekem\u00e4\u00e4n juhlapyhien suunnitelmat aina sen oman kumppanin kanssa. On se sitten uusi vuosi tai juhannus. Ja nyt minun pit\u00e4\u00e4 itse alkaa luomaan omia traditioitani tai tapoja viett\u00e4\u00e4 juhlapyhi\u00e4, Janni vastaa ja t\u00e4r\u00e4ytt\u00e4\u00e4:<\/p>\n<p>        <a itemprop=\"url\" href=\"https:\/\/www.seiska.fi\/kotimaa\/janni-hussi-treffi-ilta-kuplivaa-limusiinikyyti\/1994076\" rel=\"nofollow noopener\" target=\"_blank\"><\/p>\n<p>\nJanni Hussi:\n<\/p>\n<p class=\"section-date\">\n        <strong class=\"article-section\" data-section=\"kotimaa\"><br \/>\n            kotimaa<br \/>\n        <\/strong><br \/>\n        15.11. 16:30\n    <\/p>\n<p>Janni Hussi: &#8221;Treffi-ilta&#8221; &#8211; kuplivaa, limusiinikyyti&#8230;\n    <\/p>\n<p itemprop=\"description\" class=\"subtitle \">\n    Rallikartturi Janni Hussi vietti melkoisen illan.\n<\/p>\n<p>        <\/a><\/p>\n<p class=\"article-content article-content-width !bg-background\">\u2013 Se on tavallaan tosi surullista.\u00a0<\/p>\n<p class=\"article-content article-content-width !bg-background\">Sitten h\u00e4n kertoo, kuinka yht\u00e4kki\u00e4 h\u00e4nelle on tullut erikoinen tarve l\u00f6yt\u00e4\u00e4 uudeksi vuodeksi vuosisadan bileet, vaikkei h\u00e4n edes tykk\u00e4\u00e4 bilett\u00e4misest\u00e4.\u00a0<\/p>\n<p class=\"article-content article-content-width !bg-background\">\u2013 Yht\u00e4kki\u00e4 alan luomaan t\u00e4llaisia t\u00e4ysin j\u00e4rjett\u00f6mi\u00e4, irrationaalisia tarpeita itselleni liittyen juhlapyhiin, mit\u00e4 ei olisi koskaan tullut aiemmassa el\u00e4m\u00e4ntilanteessa.<\/p>\n<p class=\"article-content article-content-width !bg-background\">El\u00e4m\u00e4ntilanteen muuttuminen on j\u00e4tt\u00e4nyt Jannin el\u00e4m\u00e4\u00e4n tietyn aukon, mutta muutoksen my\u00f6t\u00e4 on tullut my\u00f6s tilaa l\u00f6yt\u00e4\u00e4 el\u00e4m\u00e4lle uusi, oma suunta, Sointu toteaa.<\/p>\n<p class=\"italic m-italic article-content article-content-width !bg-background\"><a href=\"https:\/\/podimo.com\/fi\/shows\/sana-on-vapaa?pc=fi_paid_1m1&amp;wpsrc=google&amp;wpcid=20592474881&amp;wpscid=&amp;wpcrid=&amp;wpkwid=&amp;wpkwn=&amp;wpkmatch=&amp;wpsnetn=x&amp;utm_source=google&amp;utm_medium=pmax&amp;utm_campaign=pmax&amp;utm_term=Sanaonvapaa%2F%3Fwpsrc%3Dgoogle&amp;wpcid=20592474881&amp;wpscid=&amp;wpcrid=&amp;wpkwid=&amp;wpkwn=&amp;wpkmatch=&amp;wpsnetn=x&amp;gad_source=1&amp;episode=c1a48dcd-28b3-4ffb-a8ae-b54d8a23c8aa\" aria-label=\"Sana on vapaa -podcastin tuorein jakso\" target=\"_blank\" rel=\"nofollow noopener\">Sana on vapaa -podcast<\/a> kuunneltavissa <a href=\"https:\/\/podimo.com\/fi\" aria-label=\"Podimo\" target=\"_blank\" rel=\"nofollow noopener\">Podimosta<\/a>.<\/p>\n","protected":false},"excerpt":{"rendered":"202511203, Helsinki. Janni Hussi ja uusi koti. Timo Korhonen Janni avautuu yksin\u00e4isyydest\u00e4. Juontajat ja puhuvat tuoreimmassa Sana on&hellip;\n","protected":false},"author":2,"featured_media":121105,"comment_status":"","ping_status":"","sticky":false,"template":"","format":"standard","meta":{"footnotes":""},"categories":[136],"tags":[407,137,1664,33,31,30,2597,21808,408,2680,32,109,9879],"class_list":{"0":"post-121104","1":"post","2":"type-post","3":"status-publish","4":"format-standard","5":"has-post-thumbnail","7":"category-julkkikset","8":"tag-celebrities","9":"tag-entertainment","10":"tag-ero","11":"tag-fi","12":"tag-finland","13":"tag-finnish","14":"tag-janni-hussi","15":"tag-juhlapyhat","16":"tag-julkkikset","17":"tag-sointu-borg","18":"tag-suomi","19":"tag-viihde","20":"tag-yksinaisyys"},"share_on_mastodon":{"url":"https:\/\/pubeurope.com\/@fi\/115749633826657264","error":""},"_links":{"self":[{"href":"https:\/\/www.europesays.com\/fi\/wp-json\/wp\/v2\/posts\/121104","targetHints":{"allow":["GET"]}}],"collection":[{"href":"https:\/\/www.europesays.com\/fi\/wp-json\/wp\/v2\/posts"}],"about":[{"href":"https:\/\/www.europesays.com\/fi\/wp-json\/wp\/v2\/types\/post"}],"author":[{"embeddable":true,"href":"https:\/\/www.europesays.com\/fi\/wp-json\/wp\/v2\/users\/2"}],"replies":[{"embeddable":true,"href":"https:\/\/www.europesays.com\/fi\/wp-json\/wp\/v2\/comments?post=121104"}],"version-history":[{"count":0,"href":"https:\/\/www.europesays.com\/fi\/wp-json\/wp\/v2\/posts\/121104\/revisions"}],"wp:featuredmedia":[{"embeddable":true,"href":"https:\/\/www.europesays.com\/fi\/wp-json\/wp\/v2\/media\/121105"}],"wp:attachment":[{"href":"https:\/\/www.europesays.com\/fi\/wp-json\/wp\/v2\/media?parent=121104"}],"wp:term":[{"taxonomy":"category","embeddable":true,"href":"https:\/\/www.europesays.com\/fi\/wp-json\/wp\/v2\/categories?post=121104"},{"taxonomy":"post_tag","embeddable":true,"href":"https:\/\/www.europesays.com\/fi\/wp-json\/wp\/v2\/tags?post=121104"}],"curies":[{"name":"wp","href":"https:\/\/api.w.org\/{rel}","templated":true}]}}