{"id":121112,"date":"2025-12-20T03:04:07","date_gmt":"2025-12-20T03:04:07","guid":{"rendered":"https:\/\/www.europesays.com\/fi\/121112\/"},"modified":"2025-12-20T03:04:07","modified_gmt":"2025-12-20T03:04:07","slug":"usa-teki-kostoiskun-syyriaan-hs-fi","status":"publish","type":"post","link":"https:\/\/www.europesays.com\/fi\/121112\/","title":{"rendered":"USA teki \u201dkostoiskun\u201d Syyriaan | HS.fi"},"content":{"rendered":"<p>L\u00e4hi-it\u00e4|Trump sanoo Yhdysvaltojen kostaneen viimeviikkoisen iskun, jossa kuoli yhdysvaltalaissotilaita.<\/p>\n<p class=\"article-body mb-nof-24 px-nof-16\">Yhdysvallat on iskenyt yli 70:een Isis-terroj\u00e4rjest\u00f6n kohteeseen Syyriassa perjantaina, kertovat uutistoimistot Reuters ja AFP.<\/p>\n<p class=\"article-body mb-nof-24 px-nof-16\">Presidentti <a class=\"article-personlink\" href=\"https:\/\/www.hs.fi\/haku\/?query=Donald%20Trump\" rel=\"nofollow noopener\" target=\"_blank\">Donald Trump<\/a> kutsui sit\u00e4 kostotoimeksi viime viikolla Syyrian Palmyrassa sattuneesta hy\u00f6kk\u00e4yksest\u00e4, jossa kuoli kolme yhdysvaltalaista.<\/p>\n<p class=\"article-body mb-nof-24 px-nof-16\">\u201dVastauksena Yhdysvallat iski yli 70:een kohteeseen useissa sijainneissa keski-Syyriassa h\u00e4vitt\u00e4jill\u00e4, taisteluhelikoptereilla ja tykist\u00f6ll\u00e4\u201d, L\u00e4hi-id\u00e4n-joukkojen komentokeskus (Centcom) kertoo lausunnossaan.<\/p>\n<p class=\"article-body mb-nof-24 px-nof-16\">Komentokeskuksen mukaan se iski Isisin infrastruktuuriin ja asevarastoihin.<\/p>\n<p class=\"article-body mb-nof-24 px-nof-16\">Trump sanoo Truth Social -julkaisussa, ett\u00e4 niihin, jotka iskev\u00e4t yhdysvaltalaisia vastaan, tullaan iskem\u00e4\u00e4n viel\u00e4 lujemmin.<\/p>\n<p class=\"article-body mb-nof-24 px-nof-16\">Puolustusministeri <a class=\"article-personlink\" href=\"https:\/\/www.hs.fi\/haku\/?query=Pete%20Hegseth\" rel=\"nofollow noopener\" target=\"_blank\">Pete Hegseth<\/a> kommentoi iskuja viestipalvelu X:ss\u00e4.<\/p>\n<p class=\"article-body mb-nof-24 px-nof-16\">\u201dT\u00e4m\u00e4 ei ole sodan alku \u2013 t\u00e4m\u00e4 on kostonjulistus. T\u00e4n\u00e4\u00e4n mets\u00e4stimme ja tapoimme vihollisiamme. Paljon heit\u00e4. Ja aiomme jatkaa.\u201d<\/p>\n<p class=\"article-body mb-nof-24 px-nof-16\">Syyrian puolustusministeri\u00f6 totesi X:ss\u00e4 perjantaina pian iskujen j\u00e4lkeen, ett\u00e4 maa on sitoutunut taistelemaan Isisi\u00e4 vastaan ja varmistamaan, ettei sill\u00e4 ole turvapaikkoja Syyrian alueella. Lis\u00e4ksi viestiss\u00e4 sanotaan, ett\u00e4 maa jatkaa sotilasoperaatioita Isisi\u00e4 vastaan kaikkialla, miss\u00e4 se muodostaa uhan.<\/p>\n<p class=\"article-body mb-nof-24 px-nof-16\">Viestiss\u00e4 ei kuitenkaan suoraan mainittu Yhdysvaltojen tekemi\u00e4 iskuja.<\/p>\n<p class=\"article-body mb-nof-24 px-nof-16\">Lauantaisessa hy\u00f6kk\u00e4yksess\u00e4 Palmyrassa ep\u00e4ilty Isis-jihadisti ampui kaksi yhdysvaltalaista sotilasta ja yhden tulkin kuoliaaksi. Lis\u00e4ksi kolme Yhdysvaltain sotilasta haavoittui.<\/p>\n<p class=\"article-body mb-nof-24 px-nof-16\">Viranomaisten mukaan hy\u00f6kk\u00e4ys kohdistui Yhdysvaltain ja Syyrian yhteiseen terrorisminvastaiseen partioon. Syyrian sotilaat tappoivat ampujan.<\/p>\n<p class=\"article-body mb-nof-24 px-nof-16\">Trump vannoi kostoa ja sanoi, ett\u00e4 kyseess\u00e4 oli Isisin hy\u00f6kk\u00e4ys Yhdysvaltoja ja Syyriaa vastaan.<\/p>\n<p class=\"article-body mb-nof-24 px-nof-16\">Kyse oli ensimm\u00e4isest\u00e4 vastaavasta iskusta sen j\u00e4lkeen, kun islamistien johtama kapinallisjoukko viime vuoden joulukuussa ajoi Syyrian diktaattorin <a class=\"article-personlink\" href=\"https:\/\/www.hs.fi\/haku\/?query=Bashar%20al-Assadin\" rel=\"nofollow noopener\" target=\"_blank\">Bashar al-Assadin<\/a> maanpakoon.<\/p>\n","protected":false},"excerpt":{"rendered":"L\u00e4hi-it\u00e4|Trump sanoo Yhdysvaltojen kostaneen viimeviikkoisen iskun, jossa kuoli yhdysvaltalaissotilaita. Yhdysvallat on iskenyt yli 70:een Isis-terroj\u00e4rjest\u00f6n kohteeseen Syyriassa perjantaina,&hellip;\n","protected":false},"author":2,"featured_media":121113,"comment_status":"","ping_status":"","sticky":false,"template":"","format":"standard","meta":{"footnotes":""},"categories":[14],"tags":[22,23,26,27,33,31,30,17,46,24,25,28,29,15,18,21,32,19,20,56,16,59,60,61],"class_list":{"0":"post-121112","1":"post","2":"type-post","3":"status-publish","4":"format-standard","5":"has-post-thumbnail","7":"category-ulkomaat","8":"tag-breaking-news","9":"tag-breakingnews","10":"tag-featured-news","11":"tag-featurednews","12":"tag-fi","13":"tag-finland","14":"tag-finnish","15":"tag-headlines","16":"tag-helsingin-sanomat","17":"tag-latest-news","18":"tag-latestnews","19":"tag-main-news","20":"tag-mainnews","21":"tag-news","22":"tag-otsikot","23":"tag-paauutiset","24":"tag-suomi","25":"tag-top-stories","26":"tag-topstories","27":"tag-ulkomaat","28":"tag-uutiset","29":"tag-world","30":"tag-world-news","31":"tag-worldnews"},"share_on_mastodon":{"url":"https:\/\/pubeurope.com\/@fi\/115749680829888359","error":""},"_links":{"self":[{"href":"https:\/\/www.europesays.com\/fi\/wp-json\/wp\/v2\/posts\/121112","targetHints":{"allow":["GET"]}}],"collection":[{"href":"https:\/\/www.europesays.com\/fi\/wp-json\/wp\/v2\/posts"}],"about":[{"href":"https:\/\/www.europesays.com\/fi\/wp-json\/wp\/v2\/types\/post"}],"author":[{"embeddable":true,"href":"https:\/\/www.europesays.com\/fi\/wp-json\/wp\/v2\/users\/2"}],"replies":[{"embeddable":true,"href":"https:\/\/www.europesays.com\/fi\/wp-json\/wp\/v2\/comments?post=121112"}],"version-history":[{"count":0,"href":"https:\/\/www.europesays.com\/fi\/wp-json\/wp\/v2\/posts\/121112\/revisions"}],"wp:featuredmedia":[{"embeddable":true,"href":"https:\/\/www.europesays.com\/fi\/wp-json\/wp\/v2\/media\/121113"}],"wp:attachment":[{"href":"https:\/\/www.europesays.com\/fi\/wp-json\/wp\/v2\/media?parent=121112"}],"wp:term":[{"taxonomy":"category","embeddable":true,"href":"https:\/\/www.europesays.com\/fi\/wp-json\/wp\/v2\/categories?post=121112"},{"taxonomy":"post_tag","embeddable":true,"href":"https:\/\/www.europesays.com\/fi\/wp-json\/wp\/v2\/tags?post=121112"}],"curies":[{"name":"wp","href":"https:\/\/api.w.org\/{rel}","templated":true}]}}