{"id":121114,"date":"2025-12-20T03:05:11","date_gmt":"2025-12-20T03:05:11","guid":{"rendered":"https:\/\/www.europesays.com\/fi\/121114\/"},"modified":"2025-12-20T03:05:11","modified_gmt":"2025-12-20T03:05:11","slug":"vuoden-2025-tuumastukki-palkinto-nokian-uudelle-kampukselle","status":"publish","type":"post","link":"https:\/\/www.europesays.com\/fi\/121114\/","title":{"rendered":"Vuoden 2025 Tuumastukki-palkinto Nokian uudelle kampukselle"},"content":{"rendered":"<p>Oulun rakennusvalvonta palkitsee vuosittain Tuumastukki-palkinnolla rakentamisteon, joka on onnistunut laadukkaassa rakentamisessa.\u00a0Vuoden 2025 Tuumastukki-palkinto on my\u00f6nnetty Nokian uudelle \u00e4lykampukselle, Home of Radio, Ritaharjussa.<\/p>\n<p>Kampuksen rakennuttajana Nokia on osoittanut kiitett\u00e4v\u00e4\u00e4 ja laaja-alaista kunnianhimoa hankkeen laadun suhteen koko rakennushankkeen ajan. Valmistunut hanke osoittaa, ett\u00e4 suuret tutkimus-, kehitys- ja tuotantotilat sek\u00e4 maisemallisesti mittavat energiatekniikkaratkaisut voidaan toteuttaa ymp\u00e4r\u00f6iv\u00e4n kaupunkirakenteen laatua parantavana kokonaisuutena, kun rakennuttajalta l\u00f6ytyy tahtoa ja toteutuksen arkkitehtuuri on korkeatasoista.<\/p>\n<p>Uusi kampus sijaitsee n\u00e4kyv\u00e4ll\u00e4 paikalla Ritaharjun kaupunginosassa ja se toimii samalla Oulun teknologiakeskittym\u00e4n k\u00e4yntikorttina. Kampus on kooltaan noin 55\u00a0000 neli\u00f6t\u00e4.<\/p>\n<p>\u201dRakennuttajan tavoitteet ovat olleet korkealla arkkitehtuurin lis\u00e4ksi my\u00f6s hiilineutraaliuden, tilojen muuntojoustavuuteen ja ylij\u00e4\u00e4m\u00e4energian hy\u00f6dynt\u00e4miseen osalla\u201d, kiittelee Oulun kaupunginarkkitehti\u00a0<strong>Sanna P\u00e4\u00e4kk\u00f6nen<\/strong>.<\/p>\n<p>Palkinnon vastaanottivat Home of Radion tiloissa\u00a0Nokia Real Estate kiinteist\u00f6p\u00e4\u00e4llikk\u00f6\u00a0<strong>Jani Aitta<\/strong> (estyneen\u00e4 Nokia real estate hankejohtaja <strong>Teppo S\u00e4r\u00f6<\/strong>) sek\u00e4 rakennuttajakonsultti Promen edustaja, johtaja <strong>Olli Hautala<\/strong> perjantaina 19. joulukuuta 2025.\u00a0<\/p>\n<p>Nokian kampusta rakennettiin vuosina 2022\u20132025. Avajaisia vietettiin syyskuussa 2025.<\/p>\n","protected":false},"excerpt":{"rendered":"Oulun rakennusvalvonta palkitsee vuosittain Tuumastukki-palkinnolla rakentamisteon, joka on onnistunut laadukkaassa rakentamisessa.\u00a0Vuoden 2025 Tuumastukki-palkinto on my\u00f6nnetty Nokian uudelle \u00e4lykampukselle,&hellip;\n","protected":false},"author":2,"featured_media":121115,"comment_status":"","ping_status":"","sticky":false,"template":"","format":"standard","meta":{"footnotes":""},"categories":[12],"tags":[22,23,26,27,33,31,30,17,24,25,28,29,15,18,21,32,19,20,16],"class_list":{"0":"post-121114","1":"post","2":"type-post","3":"status-publish","4":"format-standard","5":"has-post-thumbnail","7":"category-suomi","8":"tag-breaking-news","9":"tag-breakingnews","10":"tag-featured-news","11":"tag-featurednews","12":"tag-fi","13":"tag-finland","14":"tag-finnish","15":"tag-headlines","16":"tag-latest-news","17":"tag-latestnews","18":"tag-main-news","19":"tag-mainnews","20":"tag-news","21":"tag-otsikot","22":"tag-paauutiset","23":"tag-suomi","24":"tag-top-stories","25":"tag-topstories","26":"tag-uutiset"},"share_on_mastodon":{"url":"https:\/\/pubeurope.com\/@fi\/115749684777313651","error":""},"_links":{"self":[{"href":"https:\/\/www.europesays.com\/fi\/wp-json\/wp\/v2\/posts\/121114","targetHints":{"allow":["GET"]}}],"collection":[{"href":"https:\/\/www.europesays.com\/fi\/wp-json\/wp\/v2\/posts"}],"about":[{"href":"https:\/\/www.europesays.com\/fi\/wp-json\/wp\/v2\/types\/post"}],"author":[{"embeddable":true,"href":"https:\/\/www.europesays.com\/fi\/wp-json\/wp\/v2\/users\/2"}],"replies":[{"embeddable":true,"href":"https:\/\/www.europesays.com\/fi\/wp-json\/wp\/v2\/comments?post=121114"}],"version-history":[{"count":0,"href":"https:\/\/www.europesays.com\/fi\/wp-json\/wp\/v2\/posts\/121114\/revisions"}],"wp:featuredmedia":[{"embeddable":true,"href":"https:\/\/www.europesays.com\/fi\/wp-json\/wp\/v2\/media\/121115"}],"wp:attachment":[{"href":"https:\/\/www.europesays.com\/fi\/wp-json\/wp\/v2\/media?parent=121114"}],"wp:term":[{"taxonomy":"category","embeddable":true,"href":"https:\/\/www.europesays.com\/fi\/wp-json\/wp\/v2\/categories?post=121114"},{"taxonomy":"post_tag","embeddable":true,"href":"https:\/\/www.europesays.com\/fi\/wp-json\/wp\/v2\/tags?post=121114"}],"curies":[{"name":"wp","href":"https:\/\/api.w.org\/{rel}","templated":true}]}}