{"id":121118,"date":"2025-12-20T03:16:10","date_gmt":"2025-12-20T03:16:10","guid":{"rendered":"https:\/\/www.europesays.com\/fi\/121118\/"},"modified":"2025-12-20T03:16:10","modified_gmt":"2025-12-20T03:16:10","slug":"terhi-anna-wilskan-kolumni-teknisia-laitteita-on-vaikea-korjata-mutta-miksi-keski-suomi","status":"publish","type":"post","link":"https:\/\/www.europesays.com\/fi\/121118\/","title":{"rendered":"Terhi-Anna Wilskan kolumni | Teknisi\u00e4 laitteita on vaikea korjata \u2013 mutta miksi? | Keski-Suomi"},"content":{"rendered":"<p>L\u00e4hestyv\u00e4 joulu sek\u00e4 Black Friday -kampanjaviikot ovat j\u00e4lleen tarjonneet meille tuvan t\u00e4ydelt\u00e4 elektroniikkaa. Koen t\u00e4m\u00e4n teknologia\u00e4hkyn joka vuosi yht\u00e4 ahdistavana. Vaikka en pid\u00e4 itse\u00e4ni mallikansalaisena kest\u00e4v\u00e4n kulutuksen suhteen, inhoan teknologiaromun tuottamista. Pyrinkin viimeiseen asti v\u00e4ltt\u00e4m\u00e4\u00e4n uusien koneiden ja laitteiden ostamista, mutta v\u00e4lill\u00e4 jokin kone v\u00e4ist\u00e4m\u00e4tt\u00e4 hajoaa. Viime viikolla n\u00e4in k\u00e4vi pyykinpesukoneellemme.<\/p>\n<p>Vaikka mediat ovat viime kuukausina olleet t\u00e4ynn\u00e4 toinen toistaan edullisempia kodinkoneiden ja elektroniikan tarjouksia (miten ne voivatkin myyd\u00e4 niin halvalla?), halusin ehdottomasti korjauttaa pesukoneen.<\/p>\n<p><strong class=\"diks-storyline__impact\">Mieless\u00e4ni oli <\/strong>EU:n vuonna 2024 voimaan tullut Oikeus korjaukseen -asetus. Asetuksen mukaan tekniset laitteet on l\u00e4ht\u00f6kohtaisesti suunniteltava korjattaviksi. Laitteiden valmistajien on tarjottava korjauspalveluja ja varaosia my\u00f6s takuuajan j\u00e4lkeen. Tavoitteena on pident\u00e4\u00e4 laitteiden k\u00e4ytt\u00f6ik\u00e4\u00e4, v\u00e4hent\u00e4\u00e4 j\u00e4tett\u00e4 ja tukea kiertotaloutta.<\/p>\n<blockquote class=\"voice-no-read rs_skip diks-blockquote\">\n<p class=\"diks-blockquote__text\">Nyt globaali hintakilpailu ohjaa suunnittelua ja laitteet mitoitetaan kest\u00e4m\u00e4\u00e4n l\u00e4hinn\u00e4 takuuaika.<\/p>\n<\/blockquote>\n","protected":false},"excerpt":{"rendered":"L\u00e4hestyv\u00e4 joulu sek\u00e4 Black Friday -kampanjaviikot ovat j\u00e4lleen tarjonneet meille tuvan t\u00e4ydelt\u00e4 elektroniikkaa. Koen t\u00e4m\u00e4n teknologia\u00e4hkyn joka vuosi&hellip;\n","protected":false},"author":2,"featured_media":121119,"comment_status":"","ping_status":"","sticky":false,"template":"","format":"standard","meta":{"footnotes":""},"categories":[86],"tags":[420,1617,33,31,30,425,426,543,421,899,32,78,91,92,1247],"class_list":{"0":"post-121118","1":"post","2":"type-post","3":"status-publish","4":"format-standard","5":"has-post-thumbnail","7":"category-laitteet","8":"tag-equipment","9":"tag-euroopan-unioni","10":"tag-fi","11":"tag-finland","12":"tag-finnish","13":"tag-jyvaskyla","14":"tag-jyvaskylan-yliopisto","15":"tag-koti-ja-asuminen","16":"tag-laitteet","17":"tag-sisustaminen","18":"tag-suomi","19":"tag-talous","20":"tag-technology","21":"tag-teknologia","22":"tag-televisio"},"share_on_mastodon":{"url":"https:\/\/pubeurope.com\/@fi\/115749727958064811","error":""},"_links":{"self":[{"href":"https:\/\/www.europesays.com\/fi\/wp-json\/wp\/v2\/posts\/121118","targetHints":{"allow":["GET"]}}],"collection":[{"href":"https:\/\/www.europesays.com\/fi\/wp-json\/wp\/v2\/posts"}],"about":[{"href":"https:\/\/www.europesays.com\/fi\/wp-json\/wp\/v2\/types\/post"}],"author":[{"embeddable":true,"href":"https:\/\/www.europesays.com\/fi\/wp-json\/wp\/v2\/users\/2"}],"replies":[{"embeddable":true,"href":"https:\/\/www.europesays.com\/fi\/wp-json\/wp\/v2\/comments?post=121118"}],"version-history":[{"count":0,"href":"https:\/\/www.europesays.com\/fi\/wp-json\/wp\/v2\/posts\/121118\/revisions"}],"wp:featuredmedia":[{"embeddable":true,"href":"https:\/\/www.europesays.com\/fi\/wp-json\/wp\/v2\/media\/121119"}],"wp:attachment":[{"href":"https:\/\/www.europesays.com\/fi\/wp-json\/wp\/v2\/media?parent=121118"}],"wp:term":[{"taxonomy":"category","embeddable":true,"href":"https:\/\/www.europesays.com\/fi\/wp-json\/wp\/v2\/categories?post=121118"},{"taxonomy":"post_tag","embeddable":true,"href":"https:\/\/www.europesays.com\/fi\/wp-json\/wp\/v2\/tags?post=121118"}],"curies":[{"name":"wp","href":"https:\/\/api.w.org\/{rel}","templated":true}]}}