{"id":121120,"date":"2025-12-20T03:18:12","date_gmt":"2025-12-20T03:18:12","guid":{"rendered":"https:\/\/www.europesays.com\/fi\/121120\/"},"modified":"2025-12-20T03:18:12","modified_gmt":"2025-12-20T03:18:12","slug":"seiska-heli-palsanmaella-ikavia-oireita-syyna-syopahoidot","status":"publish","type":"post","link":"https:\/\/www.europesays.com\/fi\/121120\/","title":{"rendered":"Seiska: Heli Palsanm\u00e4ell\u00e4 ik\u00e4vi\u00e4 oireita \u2013 syyn\u00e4 sy\u00f6p\u00e4hoidot"},"content":{"rendered":"<p>Suomen Huutokauppakeisari -ohjelmasta tuttu pariskunta <strong>Heli<\/strong> ja <strong>Aki Palsanm\u00e4ki<\/strong> ovat molemmat k\u00e4yneet l\u00e4pi sy\u00f6p\u00e4hoitoja. Helill\u00e4 todettiin vuonna 2022 kohtusy\u00f6p\u00e4. H\u00e4net hoidettiin ja sy\u00f6p\u00e4 ei ole palannut. H\u00e4n kertoi Seiskalle siit\u00e4 ja muista kokemuksistaan hoitojen j\u00e4lkeen.<\/p>\n<p>Lue my\u00f6s: <a href=\"https:\/\/www.como.fi\/uutiset\/seiska-aki-ja-heli-palsanmaki-espanjasta-kesken-talven-suomeen-surullinen-syy-paljastui\/\" title=\"Seiska: Aki ja Heli Palsanm\u00e4ki Espanjasta kesken talven Suomeen \u2013 surullinen syy paljastui\" class=\"underline-custom !font-montserrat !font-bold !underline-offset-4 !decoration-4 !decoration-red-600 !text-md\" rel=\"nofollow noopener\" target=\"_blank\">Seiska: Aki ja Heli Palsanm\u00e4ki Espanjasta kesken talven Suomeen \u2013 surullinen syy paljastui<\/a><\/p>\n<p>\u2013 Olin kev\u00e4\u00e4ll\u00e4 3-vuotiskontrollissa ja sain puhtaat paperit. Tilanne on siin\u00e4 mieless\u00e4 hyv\u00e4 ja oloni huojentunut, kertoi Heli Seiskalle.<\/p>\n<p>Sy\u00f6p\u00e4hoidot muistuttavat Heli\u00e4 edelleen. H\u00e4n kertoi haastattelussa, millaisia oireita ja vaivoja h\u00e4n on sen j\u00e4lkeen saanut. S\u00e4dehoito aiheutti h\u00e4nen jalkoihinsa imusolmukevaurioita, jonka takia jalkoihin kertyy nestett\u00e4. H\u00e4n on saanut veritulpankin kaksi kertaa. H\u00e4n k\u00e4ytt\u00e4\u00e4 sen takia kompressiosukkia.<\/p>\n<p>\u2013 Ne ovat hyvin ep\u00e4mukavat ja kutsunkin niit\u00e4 helvetin sukiksi. Mutta toki ne ovat tarpeelliset, kertoi Heli sukista Seiskalle.<\/p>\n<p>Helill\u00e4 on ollut hoitojen j\u00e4lkeen my\u00f6s muistiongelmia.<\/p>\n<p>\u2013 Minulla on ollut my\u00f6s yll\u00e4tt\u00e4vi\u00e4 muistiongelmia. Monet sy\u00f6p\u00e4hoidoissa olleet kanssaihmiset ovat kertoneet samanlaisista vaikeuksista. Ehk\u00e4 kuormitusta on ollut liikaa p\u00e4\u00e4ss\u00e4, en tahdo muistaa ja tunnistaa ihmisi\u00e4. Keskittyminen on v\u00e4lill\u00e4 todella vaikeaa, varsinkin h\u00e4lin\u00e4ss\u00e4, paljasti Heli lehdelle.<\/p>\n<p>Palsanm\u00e4et viett\u00e4v\u00e4t joulun Espanjassa<\/p>\n<p>Helin viimeaikaisissa julkaisuissa on n\u00e4hty jouluisia kuvia ja videoita Espanjasta. Pariskunta aikoo viett\u00e4\u00e4 samoissa maisemissa my\u00f6s joulun.<\/p>\n<p>Palsanm\u00e4kien tarkoituksena oli viett\u00e4\u00e4 Espanjassa my\u00f6s viime joulu. He palasivat yll\u00e4tt\u00e4en ennen joulua Suomeen. He eiv\u00e4t kertoneet tuolloin sille syyt\u00e4. Seiskassa kerrottiin juuri, kuinka syyn\u00e4 oli sairaus.<\/p>\n<p>L\u00e4hde: <a href=\"https:\/\/www.seiska.fi\/vain-seiskassa\/heli-palsanmaki-karsii-ikavista-oireista-taustalla-syopa\/2012940\" target=\"_blank\" rel=\"noreferrer noopener nofollow\">Seiska<\/a><\/p>\n<p>Lue my\u00f6s: <a href=\"https:\/\/www.como.fi\/tilaa-comon-uutiskirje\/\" title=\"Tilaa Comon uutiskirje ja tied\u00e4t mist\u00e4 kahvitauolla puhutaan! Nappaa kotimaan tv-vinkit ja puheenaiheet suoraan s\u00e4hk\u00f6postiin t\u00e4st\u00e4.\" class=\"underline-custom !font-montserrat !font-bold !underline-offset-4 !decoration-4 !decoration-red-600 !text-md\" rel=\"nofollow noopener\" target=\"_blank\">Tilaa Comon uutiskirje ja tied\u00e4t mist\u00e4 kahvitauolla puhutaan! Nappaa kotimaan tv-vinkit ja puheenaiheet suoraan s\u00e4hk\u00f6postiin t\u00e4st\u00e4.<\/a><\/p>\n","protected":false},"excerpt":{"rendered":"Suomen Huutokauppakeisari -ohjelmasta tuttu pariskunta Heli ja Aki Palsanm\u00e4ki ovat molemmat k\u00e4yneet l\u00e4pi sy\u00f6p\u00e4hoitoja. Helill\u00e4 todettiin vuonna 2022&hellip;\n","protected":false},"author":2,"featured_media":121121,"comment_status":"","ping_status":"","sticky":false,"template":"","format":"standard","meta":{"footnotes":""},"categories":[136],"tags":[407,137,33,31,30,6611,408,32,109],"class_list":{"0":"post-121120","1":"post","2":"type-post","3":"status-publish","4":"format-standard","5":"has-post-thumbnail","7":"category-julkkikset","8":"tag-celebrities","9":"tag-entertainment","10":"tag-fi","11":"tag-finland","12":"tag-finnish","13":"tag-heli-palsanmu00e4ki","14":"tag-julkkikset","15":"tag-suomi","16":"tag-viihde"},"share_on_mastodon":{"url":"https:\/\/pubeurope.com\/@fi\/115749735838183082","error":""},"_links":{"self":[{"href":"https:\/\/www.europesays.com\/fi\/wp-json\/wp\/v2\/posts\/121120","targetHints":{"allow":["GET"]}}],"collection":[{"href":"https:\/\/www.europesays.com\/fi\/wp-json\/wp\/v2\/posts"}],"about":[{"href":"https:\/\/www.europesays.com\/fi\/wp-json\/wp\/v2\/types\/post"}],"author":[{"embeddable":true,"href":"https:\/\/www.europesays.com\/fi\/wp-json\/wp\/v2\/users\/2"}],"replies":[{"embeddable":true,"href":"https:\/\/www.europesays.com\/fi\/wp-json\/wp\/v2\/comments?post=121120"}],"version-history":[{"count":0,"href":"https:\/\/www.europesays.com\/fi\/wp-json\/wp\/v2\/posts\/121120\/revisions"}],"wp:featuredmedia":[{"embeddable":true,"href":"https:\/\/www.europesays.com\/fi\/wp-json\/wp\/v2\/media\/121121"}],"wp:attachment":[{"href":"https:\/\/www.europesays.com\/fi\/wp-json\/wp\/v2\/media?parent=121120"}],"wp:term":[{"taxonomy":"category","embeddable":true,"href":"https:\/\/www.europesays.com\/fi\/wp-json\/wp\/v2\/categories?post=121120"},{"taxonomy":"post_tag","embeddable":true,"href":"https:\/\/www.europesays.com\/fi\/wp-json\/wp\/v2\/tags?post=121120"}],"curies":[{"name":"wp","href":"https:\/\/api.w.org\/{rel}","templated":true}]}}