{"id":121126,"date":"2025-12-20T03:29:22","date_gmt":"2025-12-20T03:29:22","guid":{"rendered":"https:\/\/www.europesays.com\/fi\/121126\/"},"modified":"2025-12-20T03:29:22","modified_gmt":"2025-12-20T03:29:22","slug":"mita-korttimaksut-kertovat-kuluttamisesta-taloustaito-fi","status":"publish","type":"post","link":"https:\/\/www.europesays.com\/fi\/121126\/","title":{"rendered":"Mit\u00e4 korttimaksut kertovat kuluttamisesta? &#8211; Taloustaito.fi"},"content":{"rendered":"<p>&#13;<\/p>\n<p class=\"TTleipis2sansEisis ingress\">Pankkien ker\u00e4\u00e4m\u00e4 tieto maksukorteilla tehdyist\u00e4 maksuista tarjoaa ajankohtaista tietoa kuluttajien ostok\u00e4ytt\u00e4ytymisest\u00e4. Mit\u00e4 syksyn data kertoo kulutuksesta, Nordean analyytikko Jade Halme?<\/p>\n<p class=\"TTleipis2sansEisis ingress\"><img loading=\"lazy\" decoding=\"async\" class=\"img-right\" src=\"https:\/\/www.europesays.com\/fi\/wp-content\/uploads\/2025\/12\/tt11_12_rahas_halme-jade.jpg\" alt=\"TT11_12_rahas_Halme Jade.jpg\" width=\"140\" height=\"181\"\/><\/p>\n<p class=\"TTleipis2sansEisis\">&#8221;Aika vaisua kuluttaminen on p\u00e4\u00e4osin ollut. Nimelliset korttimaksut ovat k\u00e4\u00e4ntyneet syksyll\u00e4 varovaiseen nousuun. Se enteilee pient\u00e4 piristymist\u00e4 yksityisess\u00e4 kulutuksessa. Sen sijaan inflaation vaikutuksen huomioon ottavissa reaalisissa hinnoissa ollaan edelleen viime vuotta j\u00e4ljess\u00e4.&#8221;<\/p>\n<p class=\"TTleipis2sansEisis\"><strong>Millaisia eroja eri kulutuskohteiden v\u00e4lill\u00e4 on n\u00e4ht\u00e4viss\u00e4?<\/strong><\/p>\n<p class=\"TTleipis2sansEisis\">&#8221;Kulttuuripalveluihin k\u00e4ytettyjen korttimaksujen m\u00e4\u00e4r\u00e4 on noussut oikeastaan koko vuoden. Syksyll\u00e4 suunta oli selv\u00e4sti yl\u00f6sp\u00e4in my\u00f6s vapaa-ajan palveluissa, jotka kattavat esimerkiksi elokuvateattereiden, urheilutapahtumisen ja kuntosalien kaltaisia asioita.<\/p>\n<p class=\"TTleipis2sans\">Syys\u2013lokakuussa my\u00f6s muuhun v\u00e4hitt\u00e4iskauppaan k\u00e4ytetty raham\u00e4\u00e4r\u00e4 kasvoi. T\u00e4h\u00e4n lasketaan muun muassa tavaratalot, vaateliikkeet ja elektroniikkakaupat. Mit\u00e4\u00e4n vahvaa piristymist\u00e4 ei ollut kuitenkaan n\u00e4ht\u00e4viss\u00e4.<\/p>\n<p class=\"TTleipis2sans\">Sen sijaan rautakauppaan ja kodintarvikkeisiin k\u00e4ytettiin lokakuussa v\u00e4hemm\u00e4n rahaa kuin vuosi sitten. My\u00f6s kotimaisilla korteilla tehdyt maksut hotelleihin ja ravintoloihin ovat edelleen varsin heikolla tasolla.&#8221;<\/p>\n<p class=\"TTleipis2sansEisis\"><strong>Mitk\u00e4 ovat olleet keskeiset syyt vaisulle kuluttamiselle?<\/strong><\/p>\n<p class=\"TTleipis2sansEisis\">&#8221;Vaisuun kuluttamiseen vaikuttavat varmasti sek\u00e4 talouden realiteetit ett\u00e4 psykologiset tekij\u00e4t.<\/p>\n<p class=\"TTleipis2sans\">Kuluttajien luottamus romahti, kun Ven\u00e4j\u00e4n t\u00e4ysimittainen hy\u00f6kk\u00e4ys Ukrainaan alkoi vuonna 2022. Pohjalta on tultu yl\u00f6sp\u00e4in, mutta sotaa edelt\u00e4v\u00e4lle tasolle luottamus ei ole palautunut.<\/p>\n<p class=\"TTleipis2sans\">Talouden realiteeteista heikentynyt ty\u00f6markkinatilanne vaikuttaa, samoin reaalitulojen kehitys. Korkojen nousu laski reaalituloja reilusti. Korkotason laskun ja palkankorotusten my\u00f6t\u00e4 reaalitulot ovat alkaneet nousta v\u00e4hitellen vuosien 2019\u20132020 tasolle.<\/p>\n<p class=\"TTleipis2sans\">My\u00f6s hidastunut inflaatio on parantanut kuluttajien ostovoimaa. Odotamme, ett\u00e4 pikkuhiljaa se alkaisi pirist\u00e4\u00e4 kulutusta.&#8221;<\/p>\n<p class=\"TTleipis2sans\">Matti Remes<\/p>\n<p>&#13;<br \/>\n&#13;<br \/>\n            &#13;<br \/>\n                &#13;<br \/>\n            &#13;<\/p>\n","protected":false},"excerpt":{"rendered":"&#13; Pankkien ker\u00e4\u00e4m\u00e4 tieto maksukorteilla tehdyist\u00e4 maksuista tarjoaa ajankohtaista tietoa kuluttajien ostok\u00e4ytt\u00e4ytymisest\u00e4. Mit\u00e4 syksyn data kertoo kulutuksesta, Nordean&hellip;\n","protected":false},"author":2,"featured_media":121127,"comment_status":"","ping_status":"","sticky":false,"template":"","format":"standard","meta":{"footnotes":""},"categories":[76],"tags":[79,77,33,31,30,32,78],"class_list":{"0":"post-121126","1":"post","2":"type-post","3":"status-publish","4":"format-standard","5":"has-post-thumbnail","7":"category-talous","8":"tag-business","9":"tag-economy","10":"tag-fi","11":"tag-finland","12":"tag-finnish","13":"tag-suomi","14":"tag-talous"},"share_on_mastodon":{"url":"https:\/\/pubeurope.com\/@fi\/115749779236687522","error":""},"_links":{"self":[{"href":"https:\/\/www.europesays.com\/fi\/wp-json\/wp\/v2\/posts\/121126","targetHints":{"allow":["GET"]}}],"collection":[{"href":"https:\/\/www.europesays.com\/fi\/wp-json\/wp\/v2\/posts"}],"about":[{"href":"https:\/\/www.europesays.com\/fi\/wp-json\/wp\/v2\/types\/post"}],"author":[{"embeddable":true,"href":"https:\/\/www.europesays.com\/fi\/wp-json\/wp\/v2\/users\/2"}],"replies":[{"embeddable":true,"href":"https:\/\/www.europesays.com\/fi\/wp-json\/wp\/v2\/comments?post=121126"}],"version-history":[{"count":0,"href":"https:\/\/www.europesays.com\/fi\/wp-json\/wp\/v2\/posts\/121126\/revisions"}],"wp:featuredmedia":[{"embeddable":true,"href":"https:\/\/www.europesays.com\/fi\/wp-json\/wp\/v2\/media\/121127"}],"wp:attachment":[{"href":"https:\/\/www.europesays.com\/fi\/wp-json\/wp\/v2\/media?parent=121126"}],"wp:term":[{"taxonomy":"category","embeddable":true,"href":"https:\/\/www.europesays.com\/fi\/wp-json\/wp\/v2\/categories?post=121126"},{"taxonomy":"post_tag","embeddable":true,"href":"https:\/\/www.europesays.com\/fi\/wp-json\/wp\/v2\/tags?post=121126"}],"curies":[{"name":"wp","href":"https:\/\/api.w.org\/{rel}","templated":true}]}}