{"id":121130,"date":"2025-12-20T03:31:11","date_gmt":"2025-12-20T03:31:11","guid":{"rendered":"https:\/\/www.europesays.com\/fi\/121130\/"},"modified":"2025-12-20T03:31:11","modified_gmt":"2025-12-20T03:31:11","slug":"valvomme-varhaiskasvatuksen-laatua-valssilla-kalajoki","status":"publish","type":"post","link":"https:\/\/www.europesays.com\/fi\/121130\/","title":{"rendered":"Valvomme varhaiskasvatuksen laatua Valssilla &#8211; Kalajoki"},"content":{"rendered":"<p>                Varhaiskasvatus ja koulutus<\/p>\n<p>        Julkaistu 19.12.2025<\/p>\n<p>        Muokattu 19.12.2025<\/p>\n<p class=\"lead iwc-page-lead\">&#13;<br \/>\n            Kalajoen varhaiskasvatuksessa on otettu k\u00e4ytt\u00f6\u00f6n Kansallisen koulutuksen arviointikeskuksen Karvin yll\u00e4pit\u00e4m\u00e4n varhaiskasvatuksen laadunarviointij\u00e4rjestelm\u00e4 Valssi. T\u00e4n\u00e4 syksyn\u00e4 olemme arvioineet ja kehitt\u00e4neet leikki\u00e4.&#13;\n    <\/p>\n<p>            <img decoding=\"async\" alt=\"J\u00e4\u00e4tel\u00f6kioski leikki\" class=\"iwc-page-image\" loading=\"lazy\" src=\"https:\/\/www.europesays.com\/fi\/wp-content\/uploads\/2025\/12\/1000003111.jpg\"\/><\/p>\n<p>Arviointiprosessi on pysyv\u00e4 osa Kalajoen kaupungin varhaiskasvatusta. Tuloksia julkaistaan kaupungin nettisivuilla ja DaisyFamilyss\u00e4.<\/p>\n<p>Arvioinnin tulosten pohjalta m\u00e4\u00e4rit\u00e4mme yhteisi\u00e4 vahvuuksia ja kehityskohteita. Varhaiskasvatuksen hallinto seuraa tavoitteiden toteutumista. Oppiva yhteis\u00f6 on varhaiskasvatuksen toimintakulttuurin ytimen\u00e4. Henkil\u00f6st\u00f6\u00e4 kannustetaan itsearviointiin, tiedon ja osaamisen jakamiseen sek\u00e4 ammatilliseen kehittymiseen.<\/p>\n<p>Varhaiskasvatuksessa panostamme toimintakaudella 2025\u20132026 leikkiin. Lapsi leikkii silkasta leikkimisen ilosta. Se tuottaa mielihyv\u00e4\u00e4, on hauskaa ja motivoi oppimaan. Varhaiskasvatuksessa aikuisten teht\u00e4v\u00e4n\u00e4 on luoda leikille suotuisat olosuhteet, tarjota virikkeit\u00e4 ja tarvittaessa osallistua leikkiin sen rikastamiseksi.<\/p>\n<p>T\u00e4st\u00e4 linkist\u00e4 p\u00e4\u00e4set tarkastelemaan tuloksia <a title=\"Valssin tulokset syksy 2025.jpg\" href=\"https:\/\/www.kalajoki.fi\/media\/varhaiskasvatus-ja-koulutus\/tiedostot-varhaiskasvatus-ja-koulutus\/Valssin%20tulokset%20syksy%202025.jpg\" target=\"_blank\" rel=\"noopener nofollow\">Valssin tulokset syksy 2025<\/a><\/p>\n<p>\u00a0<\/p>\n<p><strong>Valssi: Varhaiskasvatuksen laadunarviointij\u00e4rjestelm\u00e4<\/strong><\/p>\n<p>\u00b7 Valssi on varhaiskasvatuksen digitaalinen laadunarviointij\u00e4rjestelm\u00e4 ja tukipalvelu kuntien laadun hallinta- ja kehitt\u00e4misty\u00f6h\u00f6n, johtamisen sek\u00e4 p\u00e4\u00e4t\u00f6ksenteon tueksi<\/p>\n<p>\u00b7 Kansallisesti yhten\u00e4iset tutkimusperustaiset arviointity\u00f6kalut varmistavat varhaiskasvatuksen laadun tasaisuutta valtakunnan tasolla.<\/p>\n<p>\u00b7 Valssin kautta koko varhaiskasvatuksen henkil\u00f6st\u00f6 on osallinen kehitt\u00e4misty\u00f6h\u00f6n.<\/p>\n<p>\u00b7 Arviointity\u00f6kalut perustuvat vuonna 2018 Karvin julkaisemiin laatuindikaattoreihin, jotka kuvaavat laadukasta ja tavoiteltavaa varhaiskasvatusta.<\/p>\n<p>\u00b7 Valssilla Kalajoki on mukana my\u00f6s kansallisessa laadunarvioinnissa<\/p>\n<p>Valssi-arviointi tulee jatkumaan syksyll\u00e4 2026. Kalajoen varhaiskasvatuksen toimipaikat (kunnalliset ja yksityiset p\u00e4iv\u00e4kodit) ja perhep\u00e4iv\u00e4hoito ovat mukana my\u00f6s varhaiskasvatuksen kansallinen arvioinnissa. Aiheena on kolmevuotiaiden ja sit\u00e4 nuorempien lasten varhaiskasvatus. Arvioinnin tiedonkeruu toteutetaan Valssi-j\u00e4rjestelm\u00e4ll\u00e4 lokakuussa 2026.<\/p>\n<p>\u00a0<\/p>\n","protected":false},"excerpt":{"rendered":"Varhaiskasvatus ja koulutus Julkaistu 19.12.2025 Muokattu 19.12.2025 &#13; Kalajoen varhaiskasvatuksessa on otettu k\u00e4ytt\u00f6\u00f6n Kansallisen koulutuksen arviointikeskuksen Karvin yll\u00e4pit\u00e4m\u00e4n&hellip;\n","protected":false},"author":2,"featured_media":121131,"comment_status":"","ping_status":"","sticky":false,"template":"","format":"standard","meta":{"footnotes":""},"categories":[12],"tags":[22,23,26,27,33,31,30,17,24,25,28,29,15,18,21,32,19,20,16],"class_list":{"0":"post-121130","1":"post","2":"type-post","3":"status-publish","4":"format-standard","5":"has-post-thumbnail","7":"category-suomi","8":"tag-breaking-news","9":"tag-breakingnews","10":"tag-featured-news","11":"tag-featurednews","12":"tag-fi","13":"tag-finland","14":"tag-finnish","15":"tag-headlines","16":"tag-latest-news","17":"tag-latestnews","18":"tag-main-news","19":"tag-mainnews","20":"tag-news","21":"tag-otsikot","22":"tag-paauutiset","23":"tag-suomi","24":"tag-top-stories","25":"tag-topstories","26":"tag-uutiset"},"share_on_mastodon":{"url":"https:\/\/pubeurope.com\/@fi\/115749787149971758","error":""},"_links":{"self":[{"href":"https:\/\/www.europesays.com\/fi\/wp-json\/wp\/v2\/posts\/121130","targetHints":{"allow":["GET"]}}],"collection":[{"href":"https:\/\/www.europesays.com\/fi\/wp-json\/wp\/v2\/posts"}],"about":[{"href":"https:\/\/www.europesays.com\/fi\/wp-json\/wp\/v2\/types\/post"}],"author":[{"embeddable":true,"href":"https:\/\/www.europesays.com\/fi\/wp-json\/wp\/v2\/users\/2"}],"replies":[{"embeddable":true,"href":"https:\/\/www.europesays.com\/fi\/wp-json\/wp\/v2\/comments?post=121130"}],"version-history":[{"count":0,"href":"https:\/\/www.europesays.com\/fi\/wp-json\/wp\/v2\/posts\/121130\/revisions"}],"wp:featuredmedia":[{"embeddable":true,"href":"https:\/\/www.europesays.com\/fi\/wp-json\/wp\/v2\/media\/121131"}],"wp:attachment":[{"href":"https:\/\/www.europesays.com\/fi\/wp-json\/wp\/v2\/media?parent=121130"}],"wp:term":[{"taxonomy":"category","embeddable":true,"href":"https:\/\/www.europesays.com\/fi\/wp-json\/wp\/v2\/categories?post=121130"},{"taxonomy":"post_tag","embeddable":true,"href":"https:\/\/www.europesays.com\/fi\/wp-json\/wp\/v2\/tags?post=121130"}],"curies":[{"name":"wp","href":"https:\/\/api.w.org\/{rel}","templated":true}]}}