{"id":121132,"date":"2025-12-20T03:32:14","date_gmt":"2025-12-20T03:32:14","guid":{"rendered":"https:\/\/www.europesays.com\/fi\/121132\/"},"modified":"2025-12-20T03:32:14","modified_gmt":"2025-12-20T03:32:14","slug":"toiset-olympiavalinnat-milano-cortinaan-suomen-joukkueeseen-nimettiin-8-uutta-urheilijaa","status":"publish","type":"post","link":"https:\/\/www.europesays.com\/fi\/121132\/","title":{"rendered":"Toiset olympiavalinnat Milano-Cortinaan: Suomen joukkueeseen nimettiin 8 uutta urheilijaa"},"content":{"rendered":"<p><img fetchpriority=\"high\" decoding=\"async\" width=\"1024\" height=\"576\" alt=\"\" class=\"wp-image-32418 native-lazyload-js-fallback\" loading=\"lazy\" src=\"https:\/\/www.europesays.com\/fi\/wp-content\/uploads\/2025\/12\/Valinta-2-1024x576.webp.webp\"  data-\/><\/p>\n<p>Artikkeli 19.12.2025<\/p>\n<p>Suomen Olympiakomitean hallitus on vahvistanut toiset valinnat Milano-Cortinan talviolympialaisiin, jotka kilpaillaan Italiassa 6.\u201322. helmikuuta 2026.<\/p>\n<p>Suomen olympiajoukkueeseen nimettiin toisessa valinnassa 8 urheilijaa. Alppihiihtoon valittiin <strong>Eduard Hallberg<\/strong>,<strong> Elian Lehto<\/strong> ja <strong>Erika Pyk\u00e4l\u00e4inen<\/strong>, maastohiihtoon <strong>Johanna Matintalo<\/strong> ja <strong>Arsi Ruuskanen<\/strong>, taitoluisteluun j\u00e4\u00e4tanssipari <strong>Juulia Turkkila<\/strong>\/<strong>Matthias Versluis<\/strong> sek\u00e4 yhdistettyyn <strong>Eero Hirvonen<\/strong>.<\/p>\n<p>\u2013 Noudatamme joustavan valinnan periaatetta. Yhteisty\u00f6ss\u00e4 lajiliittojen kanssa valmistelluilla valinnoilla haluamme tukea riitt\u00e4v\u00e4t n\u00e4yt\u00f6t antaneiden urheilijoiden valmistautumista kisoihin ja antaa heille mahdollisuuden aloittaa keskittyminen olympialaisiin jo t\u00e4ss\u00e4 vaiheessa, huippu-urheilujohtaja <strong>Janne H\u00e4nninen<\/strong> sanoo.<\/p>\n<p>T\u00e4ll\u00e4 hetkell\u00e4 Suomen joukkueeseen on nimetty 17 urheilijaa sek\u00e4 miesten ja naisten j\u00e4\u00e4kiekkojoukkueet. Suomen joukkueen ensimm\u00e4isess\u00e4 valinnassa 29.9.2025 joukkueeseen nimettiin <strong>Suvi Minkkinen<\/strong>, <strong>Anni K\u00e4r\u00e4v\u00e4<\/strong>,<strong> Elias Syrj\u00e4<\/strong>,<strong> Jasmi Joensuu<\/strong>,<strong> Iivo Niskanen<\/strong>, <strong>Kerttu Niskanen<\/strong>, <strong>Krista P\u00e4rm\u00e4koski<\/strong>, <strong>Lauri Vuorinen<\/strong> ja <strong>Ilkka Herola<\/strong>.<\/p>\n<p>\u2013 Kokonaisuutena Suomen olympiajoukkueen koko tulee olemaan noin 100 urheilijaa, mik\u00e4 on samaa suuruusluokkaan kuin 2000-luvulla keskim\u00e4\u00e4rin. El\u00e4mme kiivainta n\u00e4ytt\u00f6jen antamisen aikaa, ja valtaosa urheilijoista nimet\u00e4\u00e4n joukkueen viimeisen\u00e4 valintap\u00e4iv\u00e4n\u00e4 23. tammikuuta, sanoo H\u00e4nninen.<\/p>\n<p><strong>Lis\u00e4tiedot<\/strong><br \/>Suomen Olympiajoukkueen johtaja Janne H\u00e4nninen, +358 40 553 3388<\/p>\n<p>Alkuper\u00e4inen tiedote: Suomen Olympiakomitea<\/p>\n","protected":false},"excerpt":{"rendered":"Artikkeli 19.12.2025 Suomen Olympiakomitean hallitus on vahvistanut toiset valinnat Milano-Cortinan talviolympialaisiin, jotka kilpaillaan Italiassa 6.\u201322. helmikuuta 2026. Suomen&hellip;\n","protected":false},"author":2,"featured_media":121133,"comment_status":"","ping_status":"","sticky":false,"template":"","format":"standard","meta":{"footnotes":""},"categories":[5],"tags":[22,23,26,27,33,31,30,17,24,25,28,29,15,18,21,32,19,20,16],"class_list":{"0":"post-121132","1":"post","2":"type-post","3":"status-publish","4":"format-standard","5":"has-post-thumbnail","7":"category-otsikot","8":"tag-breaking-news","9":"tag-breakingnews","10":"tag-featured-news","11":"tag-featurednews","12":"tag-fi","13":"tag-finland","14":"tag-finnish","15":"tag-headlines","16":"tag-latest-news","17":"tag-latestnews","18":"tag-main-news","19":"tag-mainnews","20":"tag-news","21":"tag-otsikot","22":"tag-paauutiset","23":"tag-suomi","24":"tag-top-stories","25":"tag-topstories","26":"tag-uutiset"},"share_on_mastodon":{"url":"https:\/\/pubeurope.com\/@fi\/115749791010926630","error":""},"_links":{"self":[{"href":"https:\/\/www.europesays.com\/fi\/wp-json\/wp\/v2\/posts\/121132","targetHints":{"allow":["GET"]}}],"collection":[{"href":"https:\/\/www.europesays.com\/fi\/wp-json\/wp\/v2\/posts"}],"about":[{"href":"https:\/\/www.europesays.com\/fi\/wp-json\/wp\/v2\/types\/post"}],"author":[{"embeddable":true,"href":"https:\/\/www.europesays.com\/fi\/wp-json\/wp\/v2\/users\/2"}],"replies":[{"embeddable":true,"href":"https:\/\/www.europesays.com\/fi\/wp-json\/wp\/v2\/comments?post=121132"}],"version-history":[{"count":0,"href":"https:\/\/www.europesays.com\/fi\/wp-json\/wp\/v2\/posts\/121132\/revisions"}],"wp:featuredmedia":[{"embeddable":true,"href":"https:\/\/www.europesays.com\/fi\/wp-json\/wp\/v2\/media\/121133"}],"wp:attachment":[{"href":"https:\/\/www.europesays.com\/fi\/wp-json\/wp\/v2\/media?parent=121132"}],"wp:term":[{"taxonomy":"category","embeddable":true,"href":"https:\/\/www.europesays.com\/fi\/wp-json\/wp\/v2\/categories?post=121132"},{"taxonomy":"post_tag","embeddable":true,"href":"https:\/\/www.europesays.com\/fi\/wp-json\/wp\/v2\/tags?post=121132"}],"curies":[{"name":"wp","href":"https:\/\/api.w.org\/{rel}","templated":true}]}}