{"id":121134,"date":"2025-12-20T03:44:17","date_gmt":"2025-12-20T03:44:17","guid":{"rendered":"https:\/\/www.europesays.com\/fi\/121134\/"},"modified":"2025-12-20T03:44:17","modified_gmt":"2025-12-20T03:44:17","slug":"leif-lindeman-tekee-juhlalevyn-ura-alkoi-jo-35-vuotta-sitten-tenavatahdesta","status":"publish","type":"post","link":"https:\/\/www.europesays.com\/fi\/121134\/","title":{"rendered":"Leif Lindeman tekee juhlalevyn \u2013 ura alkoi jo 35 vuotta sitten Tenavat\u00e4hdest\u00e4"},"content":{"rendered":"<p class=\"has-drop-cap\"><strong><a href=\"https:\/\/www.tanssiin.fi\/tag\/leif-lindeman\/\" title=\"leif lindeman\" rel=\"nofollow noopener\" target=\"_blank\">Leif Lindeman<\/a><\/strong>, 46, kertoo Tanssiin.fi:n haastattelussa kuulumisistaan. Pitk\u00e4n linjan laulajasuosikki paljastaa, ett\u00e4 valmistelee kev\u00e4\u00e4lle 2026 erityist\u00e4 juhlalevy\u00e4, jolla h\u00e4n kunnioittaa Tenavat\u00e4hti-kisasta alkanutta huimaa iskelm\u00e4uraansa.<\/p>\n<p>Moni muistaa, kuinka nappisilm\u00e4inen 12-vuotias romanihurmuri ylsi Tenavat\u00e4hti 1991 -laulukilpailun finaaliin kappaleella Satumaa. Siit\u00e4 alkoi n\u00e4ihin p\u00e4iviin asti kest\u00e4nyt muusikonura. V\u00e4liss\u00e4 Leif tosin teki 15 vuoden uran gospel-musiikin parissa.<\/p>\n<p>Lauloipa Leif tv:n Tenavat\u00e4hdess\u00e4 muutakin, kuten Ikkunaprinsessan ja t\u00e4m\u00e4n\u00a0Tonttu-kappaleen 1991:<\/p>\n<p><strong>Lue my\u00f6s:<\/strong> <a href=\"https:\/\/www.tanssiin.fi\/leif-lindeman-odottaa-joulua-toisipa-pukki-uudet-reinot\/\" title=\"Leif Lindeman odottaa joulua:  \u201dToisipa pukki uudet Reinot\u201d\" rel=\"nofollow noopener\" target=\"_blank\">Leif Lindeman odottaa joulua:  \u201dToisipa pukki uudet Reinot\u201d<\/a><\/p>\n<p>Leif viett\u00e4\u00e4 perhejoulun<\/p>\n<p>Leif kertoo, ett\u00e4 t\u00e4m\u00e4n vuoden viimeinen keikka on 19. joulukuuta. Tanssit ovat <a href=\"https:\/\/www.tanssiin.fi\/tanssilavat\/koskuen-kylatalo\/\" title=\"Koskuen kyl\u00e4talo\" rel=\"nofollow noopener\" target=\"_blank\">Koskuen<\/a> kyl\u00e4talolla Kurikassa. Sitten alkavat vapaat.<\/p>\n<p>\u201dJ\u00e4\u00e4n kolmen viikon lomalle\u201d, h\u00e4n iloitsee.<\/p>\n<p>Tarkoitus on viett\u00e4\u00e4 perinteist\u00e4, rauhallista perhejoulua. Leif asuu perheineen \u00c4\u00e4nekoskella komeassa kivitalossa Keiteleen rannalla. Leifill\u00e4 on\u00a0<strong>Marika<\/strong>-vaimonsa kanssa lapset\u00a0<strong>Mirella<\/strong>\u00a0ja\u00a0<strong>Terno<\/strong>.<\/p>\n<p>Terno opiskelee l\u00e4hihoitajaksi, kuten Tanssiin.fi <a href=\"https:\/\/www.tanssiin.fi\/leif-lindeman-on-ylpea-pojastaan-terno-haluaa-auttaa-lahihoitajana-ihmisia\/\" title=\"Leif Lindeman on ylpe\u00e4 pojastaan: Terno haluaa auttaa l\u00e4hihoitajana ihmisi\u00e4\" rel=\"nofollow noopener\" target=\"_blank\">on kertonut<\/a>.<\/p>\n<p><strong>Katso <\/strong>12-vuotiaan Leif Lindemanin Satumaa vuoden 1991 Tenavat\u00e4hti-kisassa:<\/p>\n<p>Juhla-albumille tulee my\u00f6s uusia lauluja<\/p>\n<p>Leifin ja Rosette-orkesterin keikat jatkuvat tammikuussa, ja samaan aikaan tanssiartisti valmistelee juhla-albumiaan.<\/p>\n<p>\u201dKev\u00e4\u00e4ll\u00e4 2026 tulee kuluneeksi 35 vuotta siit\u00e4, kun ensikertaa lauloin televisiossa Tenavat\u00e4hti-kilpailun my\u00f6t\u00e4. Sen kunniaksi julkaisen juhla-albumin\u201d, Lindeman kertoo.<\/p>\n<p><strong>Lue my\u00f6s:<\/strong> <a href=\"https:\/\/www.tanssiin.fi\/leif-lindeman-tangokisan-merkityksesta-aina-ei-tarvi-voittaa\/\" title=\"Leif Lindeman tangokisan merkityksest\u00e4: \u201dAina ei tarvi voittaa\u201d\" rel=\"nofollow noopener\" target=\"_blank\">Leif Lindeman tangokisan merkityksest\u00e4: \u201dAina ei tarvi voittaa\u201d<\/a><\/p>\n<p>Levylle on tulossa sek\u00e4 uusia ett\u00e4 Leifin rakkaimpia levytyksi\u00e4 vuosien varrelta uusin sovituksin. Kappaleita on tarkoitus saada albumille kaikkiaan 20.<\/p>\n<p>\u201dMuutenkin kuuluu pelkk\u00e4\u00e4 hyv\u00e4\u00e4. Kovasti keikkailtiin kulunut vuosi eik\u00e4 tahti hiljene jatkossakaan. Hyv\u00e4\u00e4 joulua kaikille Tanssiin.fi:n lukijoille!\u201d<\/p>\n<p>Katso Leif Lindemanin <a href=\"https:\/\/www.tanssiin.fi\/artistit\/miestahdet\/leif-lindeman\/\" title=\"\" rel=\"nofollow noopener\" target=\"_blank\">keikat t\u00e4st\u00e4<\/a>.<\/p>\n<p>Kirjoittanut:<br \/>\n<img loading=\"lazy\" data-lazyloaded=\"1\" width=\"512\" height=\"512\" decoding=\"async\" class=\"aioseo-author-image\" src=\"https:\/\/www.europesays.com\/fi\/wp-content\/uploads\/2025\/10\/cropped-tanssiin-logo.jpg\" alt=\"author avatar\"\/><\/p>\n<p>Tanssiin.fi<\/p>\n<p>\nTanssi- ja iskelm\u00e4musiikin uutiset asiantuntevasti.<\/p>\n<p><img loading=\"lazy\" decoding=\"async\" data-lazyloaded=\"1\" width=\"512\" height=\"512\" class=\"aioseo-author-bio-compact-image\" src=\"https:\/\/www.europesays.com\/fi\/wp-content\/uploads\/2025\/10\/cropped-tanssiin-logo.jpg\" alt=\"author avatar\"\/><br \/>\nTanssi- ja iskelm\u00e4musiikin uutiset asiantuntevasti.<\/p>\n<p>100%<br \/>\nIhana<\/p>\n<p>0%<br \/>\nHauska<\/p>\n<p>0%<br \/>\nVau<\/p>\n<p>0%<br \/>\nSurullinen<\/p>\n<p>0%<br \/>\nVihainen\n<\/p>\n<p>Post navigation<\/p>\n","protected":false},"excerpt":{"rendered":"Leif Lindeman, 46, kertoo Tanssiin.fi:n haastattelussa kuulumisistaan. Pitk\u00e4n linjan laulajasuosikki paljastaa, ett\u00e4 valmistelee kev\u00e4\u00e4lle 2026 erityist\u00e4 juhlalevy\u00e4, jolla&hellip;\n","protected":false},"author":2,"featured_media":121135,"comment_status":"","ping_status":"","sticky":false,"template":"","format":"standard","meta":{"footnotes":""},"categories":[136],"tags":[19552,14618,407,137,33,31,30,2382,5856,21810,408,8972,21811,98,21812,20327,32,4049,21813,16,109],"class_list":{"0":"post-121134","1":"post","2":"type-post","3":"status-publish","4":"format-standard","5":"has-post-thumbnail","7":"category-julkkikset","8":"tag-19552","9":"tag-albumi","10":"tag-celebrities","11":"tag-entertainment","12":"tag-fi","13":"tag-finland","14":"tag-finnish","15":"tag-haastattelu","16":"tag-joulu","17":"tag-juhlalevy","18":"tag-julkkikset","19":"tag-keikat","20":"tag-leif-lindeman","21":"tag-perhe","22":"tag-rosette","23":"tag-satumaa","24":"tag-suomi","25":"tag-tanssitahdet","26":"tag-tenavatahti","27":"tag-uutiset","28":"tag-viihde"},"share_on_mastodon":{"url":"https:\/\/pubeurope.com\/@fi\/115749838296669576","error":""},"_links":{"self":[{"href":"https:\/\/www.europesays.com\/fi\/wp-json\/wp\/v2\/posts\/121134","targetHints":{"allow":["GET"]}}],"collection":[{"href":"https:\/\/www.europesays.com\/fi\/wp-json\/wp\/v2\/posts"}],"about":[{"href":"https:\/\/www.europesays.com\/fi\/wp-json\/wp\/v2\/types\/post"}],"author":[{"embeddable":true,"href":"https:\/\/www.europesays.com\/fi\/wp-json\/wp\/v2\/users\/2"}],"replies":[{"embeddable":true,"href":"https:\/\/www.europesays.com\/fi\/wp-json\/wp\/v2\/comments?post=121134"}],"version-history":[{"count":0,"href":"https:\/\/www.europesays.com\/fi\/wp-json\/wp\/v2\/posts\/121134\/revisions"}],"wp:featuredmedia":[{"embeddable":true,"href":"https:\/\/www.europesays.com\/fi\/wp-json\/wp\/v2\/media\/121135"}],"wp:attachment":[{"href":"https:\/\/www.europesays.com\/fi\/wp-json\/wp\/v2\/media?parent=121134"}],"wp:term":[{"taxonomy":"category","embeddable":true,"href":"https:\/\/www.europesays.com\/fi\/wp-json\/wp\/v2\/categories?post=121134"},{"taxonomy":"post_tag","embeddable":true,"href":"https:\/\/www.europesays.com\/fi\/wp-json\/wp\/v2\/tags?post=121134"}],"curies":[{"name":"wp","href":"https:\/\/api.w.org\/{rel}","templated":true}]}}