{"id":121141,"date":"2025-12-20T03:56:19","date_gmt":"2025-12-20T03:56:19","guid":{"rendered":"https:\/\/www.europesays.com\/fi\/121141\/"},"modified":"2025-12-20T03:56:19","modified_gmt":"2025-12-20T03:56:19","slug":"poikkeukselliset-kuvat-putinin-showsta-leviavat","status":"publish","type":"post","link":"https:\/\/www.europesays.com\/fi\/121141\/","title":{"rendered":"Poikkeukselliset kuvat Putinin show&#8217;sta levi\u00e4v\u00e4t"},"content":{"rendered":"<p>Putinin propagandamaraton on t\u00e4n\u00e4kin vuonna venynyt usean tunnin mittaiseksi.<\/p>\n<p><img decoding=\"async\" class=\"image image-show image-preview\" src=\"https:\/\/www.europesays.com\/fi\/wp-content\/uploads\/2025\/12\/0ac01af2c5a44536792912e34beef03d7fe99104d871cb5c31810bf0b3fb5e0e.jpg\" alt=\"\"\/><img decoding=\"async\" class=\"image image-show\" src=\"https:\/\/www.europesays.com\/fi\/wp-content\/uploads\/2025\/12\/1766202979_460_0ac01af2c5a44536792912e34beef03d7fe99104d871cb5c31810bf0b3fb5e0e.jpg\" alt=\"\"\/><\/p>\n<p>Ven\u00e4j\u00e4n presidentti on perjantaina istunut useamman tunnin suorassa l\u00e4hetyksess\u00e4. ZumaWire \/ MVPHOTOS<\/p>\n<p class=\"paragraph\">Ven\u00e4j\u00e4n presidentti <strong>Vladimir Putinin<\/strong> <a href=\"https:\/\/www.iltalehti.fi\/ulkomaat\/47408272-1bac-4b65-b86b-03a8a05111d3\" rel=\"nofollow noopener\" target=\"_blank\">propagandashow\u2019n<\/a> aikana tapahtumapaikalla Moskovassa oleville n\u00e4yt\u00f6ille ilmestyi jotain odottamatonta.<\/p>\n<p class=\"paragraph\">Viestipalvelu Telegramissa on jaettu useita kuvia erilaisista teksteist\u00e4, joita n\u00e4yt\u00f6ill\u00e4 on n\u00e4kynyt.<\/p>\n<p class=\"paragraph\">\u2013 Miksi maassa ei ole vapaita kuvern\u00f6\u00f6rien, pormestareiden jne. vaaleja? Kuka pelk\u00e4\u00e4 t\u00e4t\u00e4, er\u00e4\u00e4ss\u00e4 <a href=\"https:\/\/t.me\/bloodysx\/50691\" target=\"_blank\" rel=\"noopener nofollow\">kirjoituksessa<\/a> kysyt\u00e4\u00e4n.<\/p>\n<p class=\"paragraph\">\u2013 Miksi kansanedustajat eiv\u00e4t el\u00e4 niiden lakien mukaan, jotka he itse s\u00e4\u00e4t\u00e4v\u00e4t, kuuluu toinen n\u00e4yt\u00f6lle ilmestynyt <a href=\"https:\/\/t.me\/bloodysx\/50699\" target=\"_blank\" rel=\"noopener nofollow\">kysymys<\/a>, jolla saatetaan viitata esimerkiksi Ven\u00e4j\u00e4n duuman hiljattain s\u00e4\u00e4t\u00e4m\u00e4\u00e4n lakiin, jonka my\u00f6t\u00e4 parlamentin alahuoneen j\u00e4senten ei tarvitse en\u00e4\u00e4 ilmoittaa tulojaan julkisesti.<\/p>\n<p class=\"paragraph\">Yhdess\u00e4 viestiss\u00e4 my\u00f6s vihjataan, ett\u00e4 p\u00e4\u00e4tt\u00e4viss\u00e4 asemissa olevat ihmiset ovat et\u00e4\u00e4ntyneet tavallisista ihmisist\u00e4 ja heid\u00e4n tulisi tavata useammin tavan ven\u00e4l\u00e4isi\u00e4.<\/p>\n<p class=\"paragraph\">Govorit nemoskva -nimisell\u00e4 Telegram-kanavalla on my\u00f6s <a href=\"https:\/\/t.me\/Govorit_NeMoskva\" target=\"_blank\" rel=\"noopener nofollow\">julkaistu<\/a> liuta kuvia viesteist\u00e4, joista ei varsinaisesti v\u00e4lity kunnioitus nykyist\u00e4 hallintoa kohtaan.<\/p>\n<p class=\"paragraph\">\u2013 T\u00e4m\u00e4 ei ole suora l\u00e4hetys, vaan sirkus!!!<\/p>\n<p class=\"paragraph\">\u2013 Tehk\u00e4\u00e4 oma historianne \u00e4lk\u00e4\u00e4k\u00e4 kirjoittako valheita jatkuvuudesta!<\/p>\n<p class=\"paragraph\">\u2013 Milloin tavallinen internet tulee takaisin? Emme voi edes l\u00e4hett\u00e4\u00e4 kysymyksi\u00e4mme presidentille!<\/p>\n<p class=\"paragraph\">Presidentti Putin on perjantaina pit\u00e4nyt jo l\u00e4hes perinteeksi muodostunutta propagandal\u00e4hetyst\u00e4\u00e4n. Suora l\u00e4hetys alkoi Suomen aikaa kello 11. Iltalehti on seurannut sit\u00e4 <a href=\"https:\/\/www.iltalehti.fi\/ulkomaat\/47408272-1bac-4b65-b86b-03a8a05111d3\" rel=\"nofollow noopener\" target=\"_blank\">hetki hetkelt\u00e4 t\u00e4\u00e4ll\u00e4<\/a>.<\/p>\n","protected":false},"excerpt":{"rendered":"Putinin propagandamaraton on t\u00e4n\u00e4kin vuonna venynyt usean tunnin mittaiseksi. Ven\u00e4j\u00e4n presidentti on perjantaina istunut useamman tunnin suorassa l\u00e4hetyksess\u00e4.&hellip;\n","protected":false},"author":2,"featured_media":121142,"comment_status":"","ping_status":"","sticky":false,"template":"","format":"standard","meta":{"footnotes":""},"categories":[14],"tags":[35,22,23,26,27,33,31,30,17,24,25,28,29,1616,15,18,21,142,639,637,144,32,19,20,56,16,59,60,61],"class_list":{"0":"post-121141","1":"post","2":"type-post","3":"status-publish","4":"format-standard","5":"has-post-thumbnail","7":"category-ulkomaat","8":"tag-24h","9":"tag-breaking-news","10":"tag-breakingnews","11":"tag-featured-news","12":"tag-featurednews","13":"tag-fi","14":"tag-finland","15":"tag-finnish","16":"tag-headlines","17":"tag-latest-news","18":"tag-latestnews","19":"tag-main-news","20":"tag-mainnews","21":"tag-media-viestinta","22":"tag-news","23":"tag-otsikot","24":"tag-paauutiset","25":"tag-poliitikot","26":"tag-poliittiset-johtajat","27":"tag-politiikka","28":"tag-presidentti","29":"tag-suomi","30":"tag-top-stories","31":"tag-topstories","32":"tag-ulkomaat","33":"tag-uutiset","34":"tag-world","35":"tag-world-news","36":"tag-worldnews"},"share_on_mastodon":{"url":"https:\/\/pubeurope.com\/@fi\/115749885460150882","error":""},"_links":{"self":[{"href":"https:\/\/www.europesays.com\/fi\/wp-json\/wp\/v2\/posts\/121141","targetHints":{"allow":["GET"]}}],"collection":[{"href":"https:\/\/www.europesays.com\/fi\/wp-json\/wp\/v2\/posts"}],"about":[{"href":"https:\/\/www.europesays.com\/fi\/wp-json\/wp\/v2\/types\/post"}],"author":[{"embeddable":true,"href":"https:\/\/www.europesays.com\/fi\/wp-json\/wp\/v2\/users\/2"}],"replies":[{"embeddable":true,"href":"https:\/\/www.europesays.com\/fi\/wp-json\/wp\/v2\/comments?post=121141"}],"version-history":[{"count":0,"href":"https:\/\/www.europesays.com\/fi\/wp-json\/wp\/v2\/posts\/121141\/revisions"}],"wp:featuredmedia":[{"embeddable":true,"href":"https:\/\/www.europesays.com\/fi\/wp-json\/wp\/v2\/media\/121142"}],"wp:attachment":[{"href":"https:\/\/www.europesays.com\/fi\/wp-json\/wp\/v2\/media?parent=121141"}],"wp:term":[{"taxonomy":"category","embeddable":true,"href":"https:\/\/www.europesays.com\/fi\/wp-json\/wp\/v2\/categories?post=121141"},{"taxonomy":"post_tag","embeddable":true,"href":"https:\/\/www.europesays.com\/fi\/wp-json\/wp\/v2\/tags?post=121141"}],"curies":[{"name":"wp","href":"https:\/\/api.w.org\/{rel}","templated":true}]}}