{"id":121143,"date":"2025-12-20T03:57:13","date_gmt":"2025-12-20T03:57:13","guid":{"rendered":"https:\/\/www.europesays.com\/fi\/121143\/"},"modified":"2025-12-20T03:57:13","modified_gmt":"2025-12-20T03:57:13","slug":"kouvolan-torstaisessa-kolarissa-kuoli-juuri-kotiutunut-varusmies-uutissuomalainen","status":"publish","type":"post","link":"https:\/\/www.europesays.com\/fi\/121143\/","title":{"rendered":"Kouvolan torstaisessa kolarissa kuoli juuri kotiutunut varusmies | Uutissuomalainen"},"content":{"rendered":"<p>Kouvolassa torstaina sattuneessa liikenneonnettomuudessa kuollut henkil\u00f6 oli Karjalan prikaatista kotiutunut varusmies.<\/p>\n<p>Maavoimat tiedotti perjantaina, ett\u00e4 varusmies oli matkalla kotiinsa Vekaranj\u00e4rvelt\u00e4.<\/p>\n<p>Rekka ja pakettiauto kolaroivat torstaina Kuutostien ja Karjalankadun risteyksess\u00e4 noin kello 16.<\/p>\n<p>Poliisi tutkii tapausta liikenneturvallisuuden vaarantamisena. Ep\u00e4ilty on pakettiauton kuljettaja, joka menehtyi onnettomuudessa, poliisi tiedottaa.<\/p>\n<p>Maavoimat kertoo tiedotteessaan, ett\u00e4 menehtyneen varusmiehen omaiset on tavoitettu. Karjalan prikaati j\u00e4rjest\u00e4\u00e4 tapahtuneeseen liittyen kriisitukea ja kunnioitti menehtyneen muistoa suruliputuksella perjantaina.<\/p>\n<p>Juttua p\u00e4ivitetty 19.12. klo 15.52: Lis\u00e4tty poliisin antamat tiedot.<\/p>\n<p>\t\t\t\t\t<img class=\"diks-card__image\" src=\"https:\/\/www.europesays.com\/fi\/wp-content\/uploads\/2025\/12\/1766203033_603_11209836.jpg\"   loading=\"lazy\" decoding=\"sync\" alt=\"\"\/><\/p>\n","protected":false},"excerpt":{"rendered":"Kouvolassa torstaina sattuneessa liikenneonnettomuudessa kuollut henkil\u00f6 oli Karjalan prikaatista kotiutunut varusmies. Maavoimat tiedotti perjantaina, ett\u00e4 varusmies oli matkalla&hellip;\n","protected":false},"author":2,"featured_media":121144,"comment_status":"","ping_status":"","sticky":false,"template":"","format":"standard","meta":{"footnotes":""},"categories":[12],"tags":[22,23,26,27,33,31,30,17,2455,737,3764,2187,683,24,25,121,990,28,29,15,18,21,32,19,20,16],"class_list":{"0":"post-121143","1":"post","2":"type-post","3":"status-publish","4":"format-standard","5":"has-post-thumbnail","7":"category-suomi","8":"tag-breaking-news","9":"tag-breakingnews","10":"tag-featured-news","11":"tag-featurednews","12":"tag-fi","13":"tag-finland","14":"tag-finnish","15":"tag-headlines","16":"tag-hengenvaara-ja-loukkaantuminen","17":"tag-kouvola","18":"tag-kouvolan-seutukunta","19":"tag-kulkuneuvot","20":"tag-kuolema","21":"tag-latest-news","22":"tag-latestnews","23":"tag-liikenne-ja-kuljetus","24":"tag-liikenneonnettomuudet","25":"tag-main-news","26":"tag-mainnews","27":"tag-news","28":"tag-otsikot","29":"tag-paauutiset","30":"tag-suomi","31":"tag-top-stories","32":"tag-topstories","33":"tag-uutiset"},"share_on_mastodon":{"url":"https:\/\/pubeurope.com\/@fi\/115749889338397043","error":""},"_links":{"self":[{"href":"https:\/\/www.europesays.com\/fi\/wp-json\/wp\/v2\/posts\/121143","targetHints":{"allow":["GET"]}}],"collection":[{"href":"https:\/\/www.europesays.com\/fi\/wp-json\/wp\/v2\/posts"}],"about":[{"href":"https:\/\/www.europesays.com\/fi\/wp-json\/wp\/v2\/types\/post"}],"author":[{"embeddable":true,"href":"https:\/\/www.europesays.com\/fi\/wp-json\/wp\/v2\/users\/2"}],"replies":[{"embeddable":true,"href":"https:\/\/www.europesays.com\/fi\/wp-json\/wp\/v2\/comments?post=121143"}],"version-history":[{"count":0,"href":"https:\/\/www.europesays.com\/fi\/wp-json\/wp\/v2\/posts\/121143\/revisions"}],"wp:featuredmedia":[{"embeddable":true,"href":"https:\/\/www.europesays.com\/fi\/wp-json\/wp\/v2\/media\/121144"}],"wp:attachment":[{"href":"https:\/\/www.europesays.com\/fi\/wp-json\/wp\/v2\/media?parent=121143"}],"wp:term":[{"taxonomy":"category","embeddable":true,"href":"https:\/\/www.europesays.com\/fi\/wp-json\/wp\/v2\/categories?post=121143"},{"taxonomy":"post_tag","embeddable":true,"href":"https:\/\/www.europesays.com\/fi\/wp-json\/wp\/v2\/tags?post=121143"}],"curies":[{"name":"wp","href":"https:\/\/api.w.org\/{rel}","templated":true}]}}