{"id":121145,"date":"2025-12-20T03:58:11","date_gmt":"2025-12-20T03:58:11","guid":{"rendered":"https:\/\/www.europesays.com\/fi\/121145\/"},"modified":"2025-12-20T03:58:11","modified_gmt":"2025-12-20T03:58:11","slug":"konsta-helenius-ei-tule-jaakiekon-alle-20-vuotiaiden-mm-kisoihin","status":"publish","type":"post","link":"https:\/\/www.europesays.com\/fi\/121145\/","title":{"rendered":"Konsta Helenius ei tule j\u00e4\u00e4kiekon alle 20-vuotiaiden MM-kisoihin"},"content":{"rendered":"<p><strong class=\"typography-bold\">Huippuhy\u00f6kk\u00e4\u00e4j\u00e4 Konsta Helenius ei pelaa vuodenvaihteessa j\u00e4\u00e4kiekon alle 20-vuotiaiden MM-kisoissa, Buffalo Sabresin tuore GM Jarmo Kek\u00e4l\u00e4inen kertoo.<\/strong><\/p>\n<p>Konsta Helenius, 19, pelaa toista kauttaan AHL:\u00e4\u00e4 Rochester Americansissa, joka on Buffalo Sabresin farmijoukkue. Buffalon GM:n\u00e4 juuri aloittanut Jarmo Kek\u00e4l\u00e4inen kertoi seuran p\u00e4\u00e4tt\u00e4neen, ett\u00e4 Helenius keskittyy sarjapeleihin eik\u00e4 l\u00e4hde alle 20-vuotiaiden MM-kisoihin Suomea edustamaan.<\/p>\n<p>\u2013 Me olemme p\u00e4\u00e4tt\u00e4neet, ett\u00e4 Konsta Helenius keskittyy nyt pelaamaan t\u00e4\u00e4ll\u00e4. H\u00e4n on todella l\u00e4hell\u00e4 NHL-paikkaa, pelaa erinomaista kautta AHL:ss\u00e4. H\u00e4n on ihan johtavia pelaajia, pelaa isoja, isoja minuutteja siell\u00e4, Kek\u00e4l\u00e4inen sanoi perjantaina suomalaiselle medialle.<\/p>\n<p>Sabresin suomalais-GM huomautti Heleniuksen tahkonneen jo kahdet alle 20-vuotiaiden MM-kisat. Viime kaudella h\u00e4n saavutti nuorten MM-hopeaa.<\/p>\n<p>\u2013 Totta kai Suomen joukkueelle olisi hienoa, ett\u00e4 Konsta Helenius olisi mukana, mutta h\u00e4nen uralleen on kaikkein t\u00e4rkeint\u00e4 keskitty\u00e4 peleihin t\u00e4\u00e4ll\u00e4.<\/p>\n<p>NHL:\u00e4\u00e4n<\/p>\n<p><img alt=\"Konsta Helenius Nuoret Leijonat\" data-testid=\"crops-image\" class=\"h-full w-full object-cover transition duration-700 ease-in-out hover:scale-[1.05]\" fetchpriority=\"low\" loading=\"lazy\" width=\"1024\" height=\"576\" decoding=\"async\" style=\"color:transparent;background-size:cover;background-position:50% 50%;background-repeat:no-repeat;background-image:url(&quot;data:image\/svg+xml;base64,Cjxzdmcgd2lkdGg9IjEwMjQiIGhlaWdodD0iNTc2IiB2ZXJzaW9uPSIxLjEiIHhtbG5zPSJodHRwOi8vd3d3LnczLm9yZy8yMDAwL3N2ZyIgeG1sbnM6eGxpbms9Imh0dHA6Ly93d3cudzMub3JnLzE5OTkveGxpbmsiPgogIDxkZWZzPgogICAgPGxpbmVhckdyYWRpZW50IGlkPSJnIj4KICAgICAgPHN0b3Agc3RvcC1jb2xvcj0iIzBCMTgyMyIgb2Zmc2V0PSIyMCUiIC8+CiAgICAgIDxzdG9wIHN0b3AtY29sb3I9IiMxQTI3MzIiIG9mZnNldD0iNTAlIiAvPgogICAgICA8c3RvcCBzdG9wLWNvbG9yPSIjMEIxODIzIiBvZmZzZXQ9IjcwJSIgLz4KICAgIDwvbGluZWFyR3JhZGllbnQ+CiAgPC9kZWZzPgogIDxyZWN0IHdpZHRoPSIxMDI0IiBoZWlnaHQ9IjU3NiIgZmlsbD0iIzBCMTgyMyIgLz4KICA8cmVjdCBpZD0iciIgd2lkdGg9IjEwMjQiIGhlaWdodD0iNTc2IiBmaWxsPSJ1cmwoI2cpIiAvPgogIDxhbmltYXRlIHhsaW5rOmhyZWY9IiNyIiBhdHRyaWJ1dGVOYW1lPSJ4IiBmcm9tPSItMTAyNCIgdG89IjEwMjQiIGR1cj0iMXMiIHJlcGVhdENvdW50PSJpbmRlZmluaXRlIiAgLz4KPC9zdmc+&quot;)\" src=\"https:\/\/www.europesays.com\/fi\/wp-content\/uploads\/2025\/12\/1766203091_983_image\"\/>Konsta Helenius jallittamassa Ruotsin pelaajia edellisiss\u00e4 alle 20-vuotiaiden MM-kisoissa.International Ice Hockey Federation<\/p>\n<p>Kek\u00e4l\u00e4inen sanoi olevansa varma, ett\u00e4 Heleniukselle avautuu jossain vaiheessa paikka NHL:ss\u00e4.<\/p>\n<p>\u2013 Voi aueta hyvinkin pian, mutta jos ei viel\u00e4 t\u00e4ll\u00e4 kaudella, h\u00e4nen kehityst\u00e4\u00e4n ei varmasti yht\u00e4\u00e4n haittaa se, ett\u00e4 pelaa viel\u00e4 toisen vuoden Rochesterissa.\u00a0<\/p>\n<p>\u2013 T\u00e4llaisten nuorten pelaajien kohdalla t\u00e4ytyy aina muistaa se, ett\u00e4 jos me nostamme h\u00e4net t\u00e4nne NHL:\u00e4\u00e4n, haluamme mieluummin, ett\u00e4 h\u00e4n saa hyv\u00e4n n\u00e4ytt\u00f6paikan pelata rauhassa pelej\u00e4, ett\u00e4 h\u00e4n pystyy n\u00e4ytt\u00e4m\u00e4\u00e4n, mit\u00e4 h\u00e4n osaa ja mihin h\u00e4n pystyy, kuin ett\u00e4 ottaisi h\u00e4net yhdeksi peliksi ja l\u00e4hett\u00e4isi sitten takaisin. Pit\u00e4\u00e4 aueta sellainen paikka, jossa h\u00e4n p\u00e4\u00e4see rooliin, jossa h\u00e4nen vahvuutensa p\u00e4\u00e4sev\u00e4t esiin.<\/p>\n<p>Kek\u00e4l\u00e4inen korosti AHL:nkin olevan &#8221;todella kova liiga&#8221;. Helenius on p\u00e4\u00e4ssyt sek\u00e4 tappamaan j\u00e4\u00e4hyj\u00e4 ett\u00e4 pelaamaan ykk\u00f6sylivoimaa.<\/p>\n<p>\u2013 Minun mielest\u00e4ni h\u00e4nen tasoistaan ja h\u00e4nen lahjakkuudellaan varustettua pelaajaa on turha ottaa t\u00e4nne (NHL:\u00e4\u00e4n) pelaamaan nelosketjuun kahdeksan minuuttia peliss\u00e4 ja sitten mietti\u00e4, ett\u00e4 ei se n\u00e4ytt\u00e4nyt kauhean hyv\u00e4lt\u00e4, kun ei ollut sellaista roolia, jossa h\u00e4n pystyy omia vahvuuksiaan n\u00e4ytt\u00e4m\u00e4\u00e4n.<\/p>\n<p>Helenius on t\u00e4ll\u00e4 kaudella m\u00e4tt\u00e4nyt 26 AHL-ottelussa 24 (9+15) tehopistett\u00e4. Viime kaudella h\u00e4n saldosi 65 AHL-matsiin 35 pinnaa.\u00a0<\/p>\n<p>Nuorten MM-turnaus tahkotaan vuodenvaihteessa \u00a0Yhdysvalloissa St. Paulissa ja Minneapolisissa.<\/p>\n","protected":false},"excerpt":{"rendered":"Huippuhy\u00f6kk\u00e4\u00e4j\u00e4 Konsta Helenius ei pelaa vuodenvaihteessa j\u00e4\u00e4kiekon alle 20-vuotiaiden MM-kisoissa, Buffalo Sabresin tuore GM Jarmo Kek\u00e4l\u00e4inen kertoo. Konsta&hellip;\n","protected":false},"author":2,"featured_media":121146,"comment_status":"","ping_status":"","sticky":false,"template":"","format":"standard","meta":{"footnotes":""},"categories":[5],"tags":[22,23,26,27,33,31,30,17,24,25,28,29,15,18,21,32,19,20,16],"class_list":{"0":"post-121145","1":"post","2":"type-post","3":"status-publish","4":"format-standard","5":"has-post-thumbnail","7":"category-otsikot","8":"tag-breaking-news","9":"tag-breakingnews","10":"tag-featured-news","11":"tag-featurednews","12":"tag-fi","13":"tag-finland","14":"tag-finnish","15":"tag-headlines","16":"tag-latest-news","17":"tag-latestnews","18":"tag-main-news","19":"tag-mainnews","20":"tag-news","21":"tag-otsikot","22":"tag-paauutiset","23":"tag-suomi","24":"tag-top-stories","25":"tag-topstories","26":"tag-uutiset"},"share_on_mastodon":{"url":"https:\/\/pubeurope.com\/@fi\/115749893247997929","error":""},"_links":{"self":[{"href":"https:\/\/www.europesays.com\/fi\/wp-json\/wp\/v2\/posts\/121145","targetHints":{"allow":["GET"]}}],"collection":[{"href":"https:\/\/www.europesays.com\/fi\/wp-json\/wp\/v2\/posts"}],"about":[{"href":"https:\/\/www.europesays.com\/fi\/wp-json\/wp\/v2\/types\/post"}],"author":[{"embeddable":true,"href":"https:\/\/www.europesays.com\/fi\/wp-json\/wp\/v2\/users\/2"}],"replies":[{"embeddable":true,"href":"https:\/\/www.europesays.com\/fi\/wp-json\/wp\/v2\/comments?post=121145"}],"version-history":[{"count":0,"href":"https:\/\/www.europesays.com\/fi\/wp-json\/wp\/v2\/posts\/121145\/revisions"}],"wp:featuredmedia":[{"embeddable":true,"href":"https:\/\/www.europesays.com\/fi\/wp-json\/wp\/v2\/media\/121146"}],"wp:attachment":[{"href":"https:\/\/www.europesays.com\/fi\/wp-json\/wp\/v2\/media?parent=121145"}],"wp:term":[{"taxonomy":"category","embeddable":true,"href":"https:\/\/www.europesays.com\/fi\/wp-json\/wp\/v2\/categories?post=121145"},{"taxonomy":"post_tag","embeddable":true,"href":"https:\/\/www.europesays.com\/fi\/wp-json\/wp\/v2\/tags?post=121145"}],"curies":[{"name":"wp","href":"https:\/\/api.w.org\/{rel}","templated":true}]}}