{"id":121150,"date":"2025-12-20T04:18:28","date_gmt":"2025-12-20T04:18:28","guid":{"rendered":"https:\/\/www.europesays.com\/fi\/121150\/"},"modified":"2025-12-20T04:18:28","modified_gmt":"2025-12-20T04:18:28","slug":"il-han-on-niin-nopea-avaa-paskapontot-ja-kaikki-frederik-80-hehkuttaa-uutta-nelikymppista-rakastaan","status":"publish","type":"post","link":"https:\/\/www.europesays.com\/fi\/121150\/","title":{"rendered":"IL: &#8221;H\u00e4n on niin nopea, avaa paskap\u00f6nt\u00f6t ja kaikki&#8221; \u2013 Frederik, 80, hehkuttaa uutta nelikymppist\u00e4 rakastaan"},"content":{"rendered":"<p>Iskelm\u00e4laulaja ja junttidiskon kuningas <strong>Frederik<\/strong>, 80, kertoo <a href=\"https:\/\/www.iltalehti.fi\/viihdeuutiset\/a\/5192b41a-e19f-446a-9367-ece0f012e44c\" target=\"_blank\" rel=\"noreferrer noopener nofollow\">Iltalehden<\/a> artikkelissa kuluneesta vuodestaan.<\/p>\n<p>H\u00e4nen el\u00e4m\u00e4\u00e4ns\u00e4 on astunut rakkaus.<\/p>\n<p>Uusi naisyst\u00e4v\u00e4 on nelikymppinen ja kotoisin It\u00e4-Suomesta. Frederik hehkuttaa, etteiv\u00e4t asiat voisi olla en\u00e4\u00e4 ihanammin.<\/p>\n<p>Lue my\u00f6s: <a href=\"https:\/\/www.voice.fi\/musiikki\/a-154377\" title=\"Frederik suree eroaan: &quot;Lauoin kamalia asioita, joita puolisoni on vaikea antaa anteeksi&quot;\" class=\"underline-custom !font-montserrat !font-bold !underline-offset-4 !decoration-4 !decoration-tilt-light !text-md\" rel=\"nofollow noopener\" target=\"_blank\">Frederik suree eroaan: &#8221;Lauoin kamalia asioita, joita puolisoni on vaikea antaa anteeksi&#8221;<\/a><\/p>\n<p>Lue my\u00f6s: <a href=\"https:\/\/www.voice.fi\/musiikki\/a-154378\" title=\"Odottamaton tilanne yll\u00e4tti Frederikin musiikkivideon kuvauksissa: J\u00e4nnitti, pysynk\u00f6 hevosen sel\u00e4ss\u00e4\" class=\"underline-custom !font-montserrat !font-bold !underline-offset-4 !decoration-4 !decoration-tilt-light !text-md\" rel=\"nofollow noopener\" target=\"_blank\">Odottamaton tilanne yll\u00e4tti Frederikin musiikkivideon kuvauksissa: J\u00e4nnitti, pysynk\u00f6 hevosen sel\u00e4ss\u00e4<\/a><\/p>\n<p>\u2013 H\u00e4n on niin nopea. H\u00e4n siivoaa, tekee ruoat, pesee ikkunat, avaa paskap\u00f6nt\u00f6t ja kaikki.<\/p>\n<p>Poikamiehen einesruokailukin on vaihtunut juhlavaan arkeen kotiin ilmestyneiden koristeiden ja kukkien keskell\u00e4. Pakastin on laulajan mukaan nyky\u00e4\u00e4n t\u00e4ynn\u00e4 ja sielt\u00e4 l\u00f6ytyy ruokaa kolmeksi viikoksi.<\/p>\n<p>H\u00e4n kehuu uuden kultansa tekev\u00e4n hyvi\u00e4, kansanomaisia kotiruokia.<\/p>\n<p>Suhde sai alkunsa Kanariansaarilla laulajan keikan j\u00e4lkeen. Pari piti esiintymisen aikana silm\u00e4peli\u00e4, ja keikan j\u00e4lkeen nainen ilmestyi takahuoneeseen.<\/p>\n<p>Lue my\u00f6s: <a href=\"https:\/\/www.voice.fi\/musiikki\/a-151145\" title=\"Frederikin Mannerheim-musiikkivideolla rivoja kohtauksia: Kolmen kimppaa ja v\u00e4h\u00e4pukeisia naisia!\" class=\"underline-custom !font-montserrat !font-bold !underline-offset-4 !decoration-4 !decoration-tilt-light !text-md\" rel=\"nofollow noopener\" target=\"_blank\">Frederikin Mannerheim-musiikkivideolla rivoja kohtauksia: Kolmen kimppaa ja v\u00e4h\u00e4pukeisia naisia!<\/a><\/p>\n<p>Lue my\u00f6s: <a href=\"https:\/\/www.voice.fi\/musiikki\/a-146693\" title=\"Frederik tekee laulun Mannerheimista \u2013 aikoo esitt\u00e4\u00e4 musiikkivideolla suurmiest\u00e4\" class=\"underline-custom !font-montserrat !font-bold !underline-offset-4 !decoration-4 !decoration-tilt-light !text-md\" rel=\"nofollow noopener\" target=\"_blank\">Frederik tekee laulun Mannerheimista \u2013 aikoo esitt\u00e4\u00e4 musiikkivideolla suurmiest\u00e4<\/a><\/p>\n<p>Mahtisonnin maineessa oleva laulaja vinkkaa, ett\u00e4 my\u00f6s fyysiset kemiat kohtaavat.<\/p>\n<p>\u2013 Erotiikkakin toimii loistavasti. Olen joutunut sanomaan, ett\u00e4 pit\u00e4\u00e4 v\u00e4h\u00e4n rauhoittaakin.<\/p>\n<p>H\u00e4nell\u00e4 on jo ostettuna sormus, mutta Frederikin mukaan kyse ei ole kihlasormuksesta.<\/p>\n<p>\u2013 H\u00e4n on t\u00e4ll\u00e4 hetkell\u00e4 koeajossa.<\/p>\n<p>Laulaja toteaa, ett\u00e4 voisi kyll\u00e4 menn\u00e4 uuden kultansa kanssa naimisiinkin asti. Nainen kuitenkin jarruttaa haaveita. Lapsetkin ovat kuulemma jo tehty.<\/p>\n<p>Frederik kertoo ylpe\u00e4n\u00e4, ettei uusi hellu ole mammonan per\u00e4ss\u00e4:<\/p>\n<p>\u2013 Mun tyt\u00f6ll\u00e4ni on omat rahat. T\u00e4m\u00e4 on ensimm\u00e4inen nainen, jota en joudu el\u00e4tt\u00e4m\u00e4\u00e4n.<\/p>\n","protected":false},"excerpt":{"rendered":"Iskelm\u00e4laulaja ja junttidiskon kuningas Frederik, 80, kertoo Iltalehden artikkelissa kuluneesta vuodestaan. H\u00e4nen el\u00e4m\u00e4\u00e4ns\u00e4 on astunut rakkaus. Uusi naisyst\u00e4v\u00e4&hellip;\n","protected":false},"author":2,"featured_media":121151,"comment_status":"","ping_status":"","sticky":false,"template":"","format":"standard","meta":{"footnotes":""},"categories":[130],"tags":[137,33,31,30,1496,32,21814,109],"class_list":{"0":"post-121150","1":"post","2":"type-post","3":"status-publish","4":"format-standard","5":"has-post-thumbnail","7":"category-viihde","8":"tag-entertainment","9":"tag-fi","10":"tag-finland","11":"tag-finnish","12":"tag-parisuhde","13":"tag-suomi","14":"tag-uusi-rakkaus","15":"tag-viihde"},"share_on_mastodon":{"url":"https:\/\/pubeurope.com\/@fi\/115749971842719606","error":""},"_links":{"self":[{"href":"https:\/\/www.europesays.com\/fi\/wp-json\/wp\/v2\/posts\/121150","targetHints":{"allow":["GET"]}}],"collection":[{"href":"https:\/\/www.europesays.com\/fi\/wp-json\/wp\/v2\/posts"}],"about":[{"href":"https:\/\/www.europesays.com\/fi\/wp-json\/wp\/v2\/types\/post"}],"author":[{"embeddable":true,"href":"https:\/\/www.europesays.com\/fi\/wp-json\/wp\/v2\/users\/2"}],"replies":[{"embeddable":true,"href":"https:\/\/www.europesays.com\/fi\/wp-json\/wp\/v2\/comments?post=121150"}],"version-history":[{"count":0,"href":"https:\/\/www.europesays.com\/fi\/wp-json\/wp\/v2\/posts\/121150\/revisions"}],"wp:featuredmedia":[{"embeddable":true,"href":"https:\/\/www.europesays.com\/fi\/wp-json\/wp\/v2\/media\/121151"}],"wp:attachment":[{"href":"https:\/\/www.europesays.com\/fi\/wp-json\/wp\/v2\/media?parent=121150"}],"wp:term":[{"taxonomy":"category","embeddable":true,"href":"https:\/\/www.europesays.com\/fi\/wp-json\/wp\/v2\/categories?post=121150"},{"taxonomy":"post_tag","embeddable":true,"href":"https:\/\/www.europesays.com\/fi\/wp-json\/wp\/v2\/tags?post=121150"}],"curies":[{"name":"wp","href":"https:\/\/api.w.org\/{rel}","templated":true}]}}