{"id":121156,"date":"2025-12-20T04:23:40","date_gmt":"2025-12-20T04:23:40","guid":{"rendered":"https:\/\/www.europesays.com\/fi\/121156\/"},"modified":"2025-12-20T04:23:40","modified_gmt":"2025-12-20T04:23:40","slug":"valmistuneita-juhlittiin-publiikissa-teidan-osaamistanne-tarvitaan-erityisesti-aloilla-joilla-suomi-rakentaa-kasvua","status":"publish","type":"post","link":"https:\/\/www.europesays.com\/fi\/121156\/","title":{"rendered":"Valmistuneita juhlittiin Publiikissa: &#8221;Teid\u00e4n osaamistanne tarvitaan erityisesti aloilla, joilla Suomi rakentaa kasvua&#8221;"},"content":{"rendered":"<p>Vaasan yliopistosta syksyn 2025 aikana valmistuneita opiskelijoita juhlittiin 18. joulukuuta j\u00e4rjestetyss\u00e4 Publiikissa. Publiikki on kaksi kertaa vuodessa j\u00e4rjestett\u00e4v\u00e4 yliopiston yhteinen valmistuneiden juhla.<\/p>\n<p>Torstaina 18. joulukuuta juhlitussa Publiikissa kuultiin rehtori Minna Martikaisen sek\u00e4 valmistuvan opiskelijan, hallintotieteiden maisterin Henna Halmelan puheet. Juhlatunnelmaa luotiin opiskelijoiden muistamisien ja stipendien jaon lis\u00e4ksi Henriikka Warmboldin ja Timo Kiprianoffin esitt\u00e4mill\u00e4 musiikkinumeroilla.<\/p>\n<p><strong>Rehtori Minna Martikainen<\/strong> toi esiin puheessaan koulutuksen t\u00e4rkeyden sek\u00e4 yksil\u00f6n ett\u00e4 yhteiskunnan n\u00e4k\u00f6kulmasta. Koulutus on yksil\u00f6n v\u00e4yl\u00e4 eteenp\u00e4in, mutta yhdess\u00e4 tutkimuksen kanssa my\u00f6s kest\u00e4v\u00e4n kasvun, innovaatioiden ja hyvinvoinnin perusta koko yhteiskunnalle.<\/p>\n<p>Opintomatkan varrella opiskelijat ovat oppineet paljon \u2013 he ovat syventyneet tiedon ja tieteen maailmaan, ja heist\u00e4 on kasvanut oman alansa asiantuntijoita. Tulevaisuuden Suomen uudet ty\u00f6paikat ovat teht\u00e4viss\u00e4, joissa tarvitaan aiempaa korkeampaa koulutusta.<\/p>\n<p>\u2013 Teid\u00e4n osaamistanne tarvitaan erityisesti aloilla, joilla Suomi rakentaa kasvua \u2013 energiassa, teknologioissa, taloudessa ja liiketoiminnassa sek\u00e4 yhteiskunnan kehitt\u00e4misess\u00e4.<\/p>\n<p>Hallintotieteiden maisteriksi valmistunut <strong>Henna Halmela <\/strong>korosti omassa puheessaan perheen, yst\u00e4vien ja l\u00e4hipiirin t\u00e4rkeytt\u00e4. Niiden lis\u00e4ksi opiskelukavereiden merkitys on suuri. Vaikka tutkintotodistuksessa lukeekin vain valmistuvan nimi, on opiskelumatka k\u00e4yty l\u00e4pi yhdess\u00e4.<\/p>\n<p>\u2013 Emme p\u00e4rj\u00e4\u00e4 yksin, vaikka haluaisimmekin. Ja onneksi ei tarvitsekaan. Yst\u00e4vyys on ollut t\u00e4m\u00e4n matkan kantava voima. Yhdess\u00e4 raskaista hetkist\u00e4 on tullut v\u00e4h\u00e4n helpommin kannateltavia ja niist\u00e4 kevyist\u00e4 hetkist\u00e4 viel\u00e4 nautittavampia.<\/p>\n<p>Tulevaisuudesta Halmela ajatteli monella opiskelijalla olevan samanlaisia ajatuksia. Kiitollisuuden, ylpeyden ja helpotuksen lis\u00e4ksi syd\u00e4mess\u00e4 tuntuu my\u00f6s ep\u00e4varmuuden tunnetiloja.<\/p>\n<p>\u2013 Olenko oikealla urapolulla, asunko oikeassa kaupungissa, pit\u00e4isik\u00f6 opiskella viel\u00e4 jotain lis\u00e4\u00e4? Keskener\u00e4isyydess\u00e4 ei ole mit\u00e4\u00e4n v\u00e4\u00e4r\u00e4\u00e4, se on jopa etuoikeus. Se ei ole merkki ep\u00e4onnistumisesta, vaan siit\u00e4, ett\u00e4 liikut koko ajan eteenp\u00e4in, etk\u00e4 ole pys\u00e4htyneen\u00e4. T\u00e4st\u00e4 me jatkamme eteenp\u00e4in \u2013 valmistuneina ja silti keskener\u00e4isin\u00e4.<\/p>\n<p>Vaasan yliopisto toivottaa l\u00e4mpim\u00e4sti onnea kaikille Publiikissa ja koko syyslukukauden 2025 aikana valmistuneille opiskelijoilleen!<\/p>\n","protected":false},"excerpt":{"rendered":"Vaasan yliopistosta syksyn 2025 aikana valmistuneita opiskelijoita juhlittiin 18. joulukuuta j\u00e4rjestetyss\u00e4 Publiikissa. Publiikki on kaksi kertaa vuodessa j\u00e4rjestett\u00e4v\u00e4&hellip;\n","protected":false},"author":2,"featured_media":121157,"comment_status":"","ping_status":"","sticky":false,"template":"","format":"standard","meta":{"footnotes":""},"categories":[12],"tags":[22,23,26,27,33,31,30,17,96,24,25,28,29,15,97,18,21,32,19,20,16,2291],"class_list":{"0":"post-121156","1":"post","2":"type-post","3":"status-publish","4":"format-standard","5":"has-post-thumbnail","7":"category-suomi","8":"tag-breaking-news","9":"tag-breakingnews","10":"tag-featured-news","11":"tag-featurednews","12":"tag-fi","13":"tag-finland","14":"tag-finnish","15":"tag-headlines","16":"tag-koulutus","17":"tag-latest-news","18":"tag-latestnews","19":"tag-main-news","20":"tag-mainnews","21":"tag-news","22":"tag-opiskelijat","23":"tag-otsikot","24":"tag-paauutiset","25":"tag-suomi","26":"tag-top-stories","27":"tag-topstories","28":"tag-uutiset","29":"tag-yliopisto"},"share_on_mastodon":{"url":"https:\/\/pubeurope.com\/@fi\/115749991446297879","error":""},"_links":{"self":[{"href":"https:\/\/www.europesays.com\/fi\/wp-json\/wp\/v2\/posts\/121156","targetHints":{"allow":["GET"]}}],"collection":[{"href":"https:\/\/www.europesays.com\/fi\/wp-json\/wp\/v2\/posts"}],"about":[{"href":"https:\/\/www.europesays.com\/fi\/wp-json\/wp\/v2\/types\/post"}],"author":[{"embeddable":true,"href":"https:\/\/www.europesays.com\/fi\/wp-json\/wp\/v2\/users\/2"}],"replies":[{"embeddable":true,"href":"https:\/\/www.europesays.com\/fi\/wp-json\/wp\/v2\/comments?post=121156"}],"version-history":[{"count":0,"href":"https:\/\/www.europesays.com\/fi\/wp-json\/wp\/v2\/posts\/121156\/revisions"}],"wp:featuredmedia":[{"embeddable":true,"href":"https:\/\/www.europesays.com\/fi\/wp-json\/wp\/v2\/media\/121157"}],"wp:attachment":[{"href":"https:\/\/www.europesays.com\/fi\/wp-json\/wp\/v2\/media?parent=121156"}],"wp:term":[{"taxonomy":"category","embeddable":true,"href":"https:\/\/www.europesays.com\/fi\/wp-json\/wp\/v2\/categories?post=121156"},{"taxonomy":"post_tag","embeddable":true,"href":"https:\/\/www.europesays.com\/fi\/wp-json\/wp\/v2\/tags?post=121156"}],"curies":[{"name":"wp","href":"https:\/\/api.w.org\/{rel}","templated":true}]}}