{"id":121158,"date":"2025-12-20T04:25:14","date_gmt":"2025-12-20T04:25:14","guid":{"rendered":"https:\/\/www.europesays.com\/fi\/121158\/"},"modified":"2025-12-20T04:25:14","modified_gmt":"2025-12-20T04:25:14","slug":"kekalaisen-buffalo-ei-paasta-konsta-heleniusta-nuorten-mm-kisoihin-han-on-erittain-lahella-nhl-paikkaa-urheilu","status":"publish","type":"post","link":"https:\/\/www.europesays.com\/fi\/121158\/","title":{"rendered":"Kek\u00e4l\u00e4isen Buffalo ei p\u00e4\u00e4st\u00e4 Konsta Heleniusta nuorten MM-kisoihin: \u201dH\u00e4n on eritt\u00e4in l\u00e4hell\u00e4 NHL-paikkaa\u201d | Urheilu"},"content":{"rendered":"<p class=\"aw-1gybjub aw-5vja16 kEtdKx kmuxyA yle__article__paragraph\">Nuoret Leijonat joutuvat selvi\u00e4m\u00e4\u00e4n MM-kisoissa ilman t\u00e4htisentteri\u00e4\u00e4n.<\/p>\n<p><img decoding=\"async\" alt=\"Konsta Helenius haastateltavana.\" src=\"https:\/\/www.europesays.com\/fi\/wp-content\/uploads\/2025\/12\/39-1290070664f3be31144c.jpeg\" class=\"aw-1l9m598 hKVVvP\"\/><\/p>\n<p>Avaa kuvien katselu<\/p>\n<p>Konsta Helenius ei edusta nuorten MM-kisajoukkuetta alkavassa turnauksessa. Kuva: Tomi H\u00e4nninen \/ Yle<\/p>\n<p class=\"aw-1gybjub aw-1p7kakr kEtdKx cEmitX yle__article__paragraph\"><strong class=\"aw-ak79eh KyCXm yle__article__strong\">Lauri Mikkolan<\/strong> luotsaama nuorten maajoukkue on odotellut kuumeisesti tietoa <strong class=\"aw-ak79eh KyCXm yle__article__strong\">Konsta Heleniuksen<\/strong> nuorten MM-kisamatkan suhteen. Buffalo ei aiemmin ollut antanut vastausta siihen, p\u00e4\u00e4st\u00e4\u00e4k\u00f6 se NHL-seuran farmijoukkue Rochesterissa pelaavan Heleniuksen l\u00e4hte\u00e4 turnaukseen kesken AHL-kauden.<\/p>\n<p class=\"aw-1gybjub aw-1p7kakr kEtdKx cEmitX yle__article__paragraph\">T\u00e4h\u00e4n saatiin perjantaina vastaus, kun aiemmin viikolla Buffalon uudeksi urheilujohtajaksi nimetty <strong class=\"aw-ak79eh KyCXm yle__article__strong\">Jarmo Kek\u00e4l\u00e4inen<\/strong> tapasi videopuhelussa suomalaista mediaa.<\/p>\n<p class=\"aw-1gybjub aw-1p7kakr kEtdKx cEmitX yle__article__paragraph\">\u2013 Olemme p\u00e4\u00e4tt\u00e4neet, ett\u00e4 Konsta Helenius keskittyy nyt pelaamaan t\u00e4\u00e4ll\u00e4 (Pohjois-Amerikassa). H\u00e4n pelaa erinomaista kautta AHL:ss\u00e4 ja on todella l\u00e4hell\u00e4 NHL-paikkaa. Olisi tietenkin hienoa Suomen joukkueelle, ett\u00e4 h\u00e4n olisi mukana, mutta h\u00e4nen uralleen on nyt parasta, ett\u00e4 h\u00e4n keskittyy peleihin t\u00e4\u00e4ll\u00e4, Kek\u00e4l\u00e4inen sanoi.<\/p>\n<p class=\"aw-1gybjub aw-1p7kakr kEtdKx cEmitX yle__article__paragraph\">Helenius on kasvanut nopealla tahdilla joukkueensa johtavaksi pelaajaksi AHL:ss\u00e4. Tamperelaishy\u00f6kk\u00e4\u00e4j\u00e4 on tehnyt 26 otteluun komeat tehot 9+15=24. Pisteet riitt\u00e4v\u00e4t liigan pistep\u00f6rssiss\u00e4 sijalle 14. Joukkueena Rochester on divisioonassaan kolmantena.<\/p>\n<p class=\"aw-1gybjub aw-1p7kakr kEtdKx cEmitX yle__article__paragraph\">\u2013 Olen t\u00e4n\u00e4\u00e4n menossa katsomaan ottelua Rochesteriin. H\u00e4n on siell\u00e4 aivan johtava pelaaja ja pelaa isoja minuutteja. H\u00e4n on ykk\u00f6sylivoimassa ja on p\u00e4\u00e4ssyt tappamaan hieman j\u00e4\u00e4hyj\u00e4kin.<\/p>\n<p><img decoding=\"async\" alt=\"Jarmo Kek\u00e4l\u00e4inen n\u00e4htiin j\u00e4\u00e4kiekon MM-kisoissa Suomessa vuosi sitten.\" src=\"https:\/\/www.europesays.com\/fi\/wp-content\/uploads\/2025\/12\/39-112651264819903e3e35.jpeg\" loading=\"lazy\" class=\"aw-1l9m598 hKVVvP\"\/><\/p>\n<p>Avaa kuvien katselu<\/p>\n<p>Jarmo Kek\u00e4l\u00e4isen mukaan Heleniuksen kehitykselle on parasta keskitty\u00e4 AHL-otteluihin. Kuva: Petri Saarelainen \/ All Over Press<\/p>\n<p class=\"aw-1gybjub aw-1p7kakr kEtdKx cEmitX yle__article__paragraph\">Kek\u00e4l\u00e4inen sanoi Heleniuksen olevan todella l\u00e4hell\u00e4 NHL-kutsua, jos kohta lis\u00e4sikin pian per\u00e4\u00e4n, ett\u00e4 seura haluaa mietti\u00e4 tarkkaan ajoituksen ja pelaajan roolin ennen kuin t\u00e4m\u00e4 kutsutaan maailman kovimpaan j\u00e4\u00e4kiekkoliigaan.<\/p>\n<p class=\"aw-1gybjub aw-1p7kakr kEtdKx cEmitX yle__article__paragraph\">\u2013 H\u00e4n on eritt\u00e4in l\u00e4hell\u00e4 NHL-paikkaa, mutta nuorten kohdalla on aina muistettava, ett\u00e4 jos nostamme h\u00e4net yl\u00f6s h\u00e4nen on saatava kunnon n\u00e4yt\u00f6npaikka pelata rauhassa. Noin lahjakasta pelaajaa on turha ottaa t\u00e4nne pelaamaan nelosketjuun kahdeksaa minuuttia. Pit\u00e4\u00e4 olla rooli, miss\u00e4 voi omia vahvuuksiaan n\u00e4ytt\u00e4\u00e4, Kek\u00e4l\u00e4inen totesi.<\/p>\n<p class=\"aw-1gybjub aw-1p7kakr kEtdKx cEmitX yle__article__paragraph\">\u2013 Olen ihan varma, ett\u00e4 jossakin vaiheessa h\u00e4nelle aukeaa paikka. Voi olla hyvinkin pian, mutta jos ei viel\u00e4 t\u00e4ll\u00e4 kaudella, niin ei h\u00e4nen kehitykselleen huonoa tee pelata viel\u00e4 toista vuotta Rochesterissa, koska se on todella kova liiga, Kek\u00e4l\u00e4inen lis\u00e4si.<\/p>\n<p class=\"aw-1gybjub aw-1p7kakr kEtdKx cEmitX yle__article__paragraph\">Helenius ehti pelata kahdet nuorten MM-kisat. I\u00e4n puolesta alkava turnaus oli Heleniukselle, 19, viimeinen mahdollisuus.<\/p>\n<p class=\"aw-1gybjub aw-1p7kakr kEtdKx cEmitX yle__article__paragraph\">Nuorten MM-kisat pelataan St. Paulissa, Minnesotassa 26.12\u20135.1.2026.<\/p>\n","protected":false},"excerpt":{"rendered":"Nuoret Leijonat joutuvat selvi\u00e4m\u00e4\u00e4n MM-kisoissa ilman t\u00e4htisentteri\u00e4\u00e4n. Avaa kuvien katselu Konsta Helenius ei edusta nuorten MM-kisajoukkuetta alkavassa turnauksessa.&hellip;\n","protected":false},"author":2,"featured_media":121159,"comment_status":"","ping_status":"","sticky":false,"template":"","format":"standard","meta":{"footnotes":""},"categories":[5],"tags":[22,23,26,27,33,31,30,17,1143,21359,21815,24,25,28,29,15,18,21,2126,32,19,20,160,16],"class_list":{"0":"post-121158","1":"post","2":"type-post","3":"status-publish","4":"format-standard","5":"has-post-thumbnail","7":"category-otsikot","8":"tag-breaking-news","9":"tag-breakingnews","10":"tag-featured-news","11":"tag-featurednews","12":"tag-fi","13":"tag-finland","14":"tag-finnish","15":"tag-headlines","16":"tag-jaakiekko","17":"tag-jarmo-kekalainen","18":"tag-konsta-helenius","19":"tag-latest-news","20":"tag-latestnews","21":"tag-main-news","22":"tag-mainnews","23":"tag-news","24":"tag-otsikot","25":"tag-paauutiset","26":"tag-suomen-alle-20-vuotiaiden-jaakiekkomaajoukkue","27":"tag-suomi","28":"tag-top-stories","29":"tag-topstories","30":"tag-urheilu","31":"tag-uutiset"},"share_on_mastodon":{"url":"https:\/\/pubeurope.com\/@fi\/115749999532214657","error":""},"_links":{"self":[{"href":"https:\/\/www.europesays.com\/fi\/wp-json\/wp\/v2\/posts\/121158","targetHints":{"allow":["GET"]}}],"collection":[{"href":"https:\/\/www.europesays.com\/fi\/wp-json\/wp\/v2\/posts"}],"about":[{"href":"https:\/\/www.europesays.com\/fi\/wp-json\/wp\/v2\/types\/post"}],"author":[{"embeddable":true,"href":"https:\/\/www.europesays.com\/fi\/wp-json\/wp\/v2\/users\/2"}],"replies":[{"embeddable":true,"href":"https:\/\/www.europesays.com\/fi\/wp-json\/wp\/v2\/comments?post=121158"}],"version-history":[{"count":0,"href":"https:\/\/www.europesays.com\/fi\/wp-json\/wp\/v2\/posts\/121158\/revisions"}],"wp:featuredmedia":[{"embeddable":true,"href":"https:\/\/www.europesays.com\/fi\/wp-json\/wp\/v2\/media\/121159"}],"wp:attachment":[{"href":"https:\/\/www.europesays.com\/fi\/wp-json\/wp\/v2\/media?parent=121158"}],"wp:term":[{"taxonomy":"category","embeddable":true,"href":"https:\/\/www.europesays.com\/fi\/wp-json\/wp\/v2\/categories?post=121158"},{"taxonomy":"post_tag","embeddable":true,"href":"https:\/\/www.europesays.com\/fi\/wp-json\/wp\/v2\/tags?post=121158"}],"curies":[{"name":"wp","href":"https:\/\/api.w.org\/{rel}","templated":true}]}}