{"id":121164,"date":"2025-12-20T04:44:12","date_gmt":"2025-12-20T04:44:12","guid":{"rendered":"https:\/\/www.europesays.com\/fi\/121164\/"},"modified":"2025-12-20T04:44:12","modified_gmt":"2025-12-20T04:44:12","slug":"memphisin-nba-pelaaja-aldama-tuomas-iisalon-pelitapa-sopii-taydellisesti-urheilua-lyhyesti","status":"publish","type":"post","link":"https:\/\/www.europesays.com\/fi\/121164\/","title":{"rendered":"Memphisin NBA-pelaaja Aldama: Tuomas Iisalon pelitapa sopii t\u00e4ydellisesti | Urheilua lyhyesti"},"content":{"rendered":"<p class=\"aw-1gybjub aw-5vja16 kEtdKx kmuxyA yle__article__paragraph\">Memphis Grizzliesin ainoa eurooppalaispelaaja Santi Aldama on noussut avainpelaajaksi NBA:han valmentaja Tuomas Iisalon alaisuudessa.<\/p>\n<p><img decoding=\"async\" alt=\"Memphis Grizzliesin Santi Aldama juhlii joukkueensa huippusuoritusta Minnesota Timberwolvesia vastaan 17. joulukuuta 2025. \" src=\"https:\/\/www.europesays.com\/fi\/wp-content\/uploads\/2025\/12\/39-15729696945c9c0b301d.jpeg\" class=\"aw-1l9m598 hKVVvP\"\/><\/p>\n<p>Avaa kuvien katselu<\/p>\n<p>Memphis Grizzliesin Santi Aldama juhlii joukkueensa huippusuoritusta Minnesota Timberwolvesia vastaan 17. joulukuuta 2025. Kuva: Getty Images<\/p>\n<p class=\"aw-1gybjub aw-1p7kakr kEtdKx cEmitX yle__article__paragraph\"><strong class=\"aw-ak79eh KyCXm yle__article__strong\">Santi Aldama<\/strong> arvostaa erityisesti suomalaisvalmentajan tuomaa uutta tapaa pelata Memphis Grizzliesissa \u2013 mutta samalla h\u00e4n ymm\u00e4rt\u00e4\u00e4 joukkueen t\u00e4htipelaaja <strong class=\"aw-ak79eh KyCXm yle__article__strong\">Ja Morantin<\/strong> tunteenpurkauksia kauden aikana.<\/p>\n<p class=\"aw-1gybjub aw-1p7kakr kEtdKx cEmitX yle__article__paragraph\">\u2013 Tuomas tuo eurooppalaisen pelikulttuurin ja j\u00e4rjestelm\u00e4llisyyden, jonka uskon sopivan meille t\u00e4ydellisesti, espanjalainen kehuu.<\/p>\n<p class=\"aw-1gybjub aw-1p7kakr kEtdKx cEmitX yle__article__paragraph\">\u2013 H\u00e4n on tuonut meille selke\u00e4n rakenteen ja korostanut kollektiivisuutta \u2013 se on ollut raikasta ja innostavaa.<\/p>\n<p><img decoding=\"async\" alt=\"Tuomas Iisalo Memphis Grizzliesin NBA-p\u00e4\u00e4valmentajana.\" src=\"https:\/\/www.europesays.com\/fi\/wp-content\/uploads\/2025\/12\/1766205850_800_39-15708366941635d688a0.jpeg\" class=\"aw-1l9m598 hKVVvP\"\/><\/p>\n<p class=\"aw-1gybjub aw-1p7kakr kEtdKx cEmitX yle__article__paragraph\">\u2013 Morantille kauden haasteet ovat olleet raskaita, mutta n\u00e4iss\u00e4 tilanteissa valmentajan johdonmukaisuus ja halu kuunnella pelaajia ovat olleet ratkaisevia. Olemme k\u00e4sitelleet tunteet yhdess\u00e4 ja jatkaneet eteenp\u00e4in.<\/p>\n<p>Pelifilosofia sopii Aldamalle<\/p>\n<p class=\"aw-1gybjub aw-1p7kakr kEtdKx cEmitX yle__article__paragraph\">Aldama on noussut Iisalon luottomieheksi viidennell\u00e4 NBA-kaudellaan Memphis Grizzliesin riveiss\u00e4.<\/p>\n<p class=\"aw-1gybjub aw-1p7kakr kEtdKx cEmitX yle__article__paragraph\">Kun h\u00e4n valmistautui ensimm\u00e4iseen t\u00e4yteen kauteen Iisalon alaisuudessa, 24-vuotias kanarialaislaituri panosti erityisesti kes\u00e4harjoitteluun \u2013 samaan aikaan, kun h\u00e4n edusti Espanjaa vuoden 2025 EM-kisoissa.<\/p>\n<p class=\"aw-1gybjub aw-1p7kakr kEtdKx cEmitX yle__article__paragraph\">\u2013 Olen ollut onnekas, kun olen saanut jakaa samankaltaista pelityyli\u00e4 sek\u00e4 Grizzliesiss\u00e4 ett\u00e4 maajoukkueessa.<\/p>\n<p><img decoding=\"async\" alt=\"Santi Aldama kuvassa.\" src=\"https:\/\/www.europesays.com\/fi\/wp-content\/uploads\/2025\/12\/39-1370015671de50ed7be8.jpeg\" loading=\"lazy\" class=\"aw-1l9m598 hKVVvP\"\/><\/p>\n<p>Avaa kuvien katselu<\/p>\n<p>Santi Aldama kuvassa. Kuva: NBAE via Getty Images<\/p>\n<p class=\"aw-1gybjub aw-1p7kakr kEtdKx cEmitX yle__article__paragraph\">\u2013 Tuomaksen filosofia muistuttaa paljon sit\u00e4, mit\u00e4 pelasin Valenciassa ja n\u00e4in Pariisissa, Aldama kertoo tuoreessa <a class=\"aw-iao6s4 iHOxEa yle__article__link\" href=\"https:\/\/www.essentiallysports.com\/nba-active-basketball-news-exclusive-grizzlies-santi-aldama-on-draymond-green-beef-probably-just-thinking-about-life-after-basketball\/\" role=\"link\" rel=\"nofollow noopener\" target=\"_blank\">Essentially Sports<\/a> -haastattelussa<\/p>\n<p class=\"aw-1gybjub aw-1p7kakr kEtdKx cEmitX yle__article__paragraph\">Aldama sanoo analysoivansa jatkuvasti, mist\u00e4 etuja l\u00f6ytyy ja miten eurooppalaiset ideat toimivat NBA:ssa.<\/p>\n<p class=\"aw-1gybjub aw-1p7kakr kEtdKx cEmitX yle__article__paragraph\">\u2013 Kyse on ennen kaikkea siit\u00e4, miten siirryt\u00e4\u00e4n hy\u00f6kk\u00e4yksest\u00e4 puolustukseen ja takaisin. Idea on pit\u00e4\u00e4 edut ja minimoida heikkoudet. T\u00e4m\u00e4 on viiden pelaajan j\u00e4rjestelm\u00e4. Jos kolme pelaajaa onnistuu ja kaksi ei, se ei toimi.<\/p>\n<p>Peli parantunut alkukaudesta<\/p>\n<p class=\"aw-1gybjub aw-1p7kakr kEtdKx cEmitX yle__article__paragraph\">Memphis on voittanut yhdeks\u00e4n ottelua viimeisest\u00e4 kahdestatoista heikon alun j\u00e4lkeen. Joukkue on yhden voiton p\u00e4\u00e4ss\u00e4 50 prosentin voittoprosentista.<\/p>\n<p class=\"aw-1gybjub aw-1p7kakr kEtdKx cEmitX yle__article__paragraph\">\u2013 T\u00e4m\u00e4 on viiden pelaajan j\u00e4rjestelm\u00e4. Jos kolme pelaajaa onnistuu ja kaksi ei, se ei toimi. Juuri siksi saavutamme t\u00e4m\u00e4n v\u00e4hitellen. Helmikuuhun tai maaliskuuhun menness\u00e4 haluamme olla t\u00e4ysin valmiita t\u00e4ss\u00e4 systeemiss\u00e4, sanoo Aldama <a class=\"aw-iao6s4 iHOxEa yle__article__link\" href=\"https:\/\/yle.fi\/a\/mailto:info@eurohoops.net\" role=\"link\" rel=\"nofollow noopener\" target=\"_blank\">eurohoops.net-sivustolle.<\/a><\/p>\n<p>Tuomas Iisalo arvioi, miten h\u00e4nell\u00e4 on mennyt NBA-p\u00e4\u00e4valmentajana.<\/p>\n<p class=\"aw-1gybjub aw-1p7kakr kEtdKx cEmitX yle__article__paragraph\">Aldama kiittelee erityisesti Iisalon kyky\u00e4 pit\u00e4\u00e4 joukkueen keskittyminen oikeissa asioissa vaikeina hetkin\u00e4.<\/p>\n<p class=\"aw-1gybjub aw-1p7kakr kEtdKx cEmitX yle__article__paragraph\">\u2013 Sopeutuminen ei ole ollut helppoa, kun loukkaantumisia on riitt\u00e4nyt. Mutta olemme sinnikk\u00e4it\u00e4 ja luotamme systeemiin, Aldama summaa.<\/p>\n<p>Haasteita ja yhteisty\u00f6t\u00e4 kent\u00e4ll\u00e4 sek\u00e4 kopissa<\/p>\n<p class=\"aw-1gybjub aw-1p7kakr kEtdKx cEmitX yle__article__paragraph\">Aldaman kausi on ollut nousujohteinen, vaikka loukkaantumiset ovat vaikeuttaneet Grizzliesin kautta. H\u00e4n on ottanut yh\u00e4 enemm\u00e4n vastuuta \u2013 jopa <strong class=\"aw-ak79eh KyCXm yle__article__strong\">Zach Edeyn<\/strong> poissaolon aikana viitospaikalla.<\/p>\n<p class=\"aw-1gybjub aw-1p7kakr kEtdKx cEmitX yle__article__paragraph\">\u2013 En odottanut pelaavani sentterin\u00e4, mutta joukkue tarvitsi minua siihen. Se on ollut haastavaa, mutta olemme k\u00e4yneet rehellisi\u00e4 keskusteluja valmennuksen kanssa, Aldama sanoo.<\/p>\n<p><img decoding=\"async\" alt=\" Denver Nuggetsin t\u00e4htipelaaja Nikola Jokic (oik.) ajaa korille, kun Santi Aldama puolustaa tilannetta. \" src=\"https:\/\/www.europesays.com\/fi\/wp-content\/uploads\/2025\/12\/39-15729716945cbaeef138.jpeg\" loading=\"lazy\" class=\"aw-1l9m598 hKVVvP\"\/><\/p>\n<p>Avaa kuvien katselu<\/p>\n<p>Denver Nuggetsin t\u00e4htipelaaja Nikola Jokic (oik.) ajaa korille, kun Santi Aldama puolustaa tilannetta. Kuva: Getty Images<\/p>\n<p class=\"aw-1gybjub aw-1p7kakr kEtdKx cEmitX yle__article__paragraph\">Yksi t\u00e4rke\u00e4 tukipilari on ollut Ja Morant, jonka kanssa Aldama on keskustellut kent\u00e4n rooleista ja ratkaisuista.<\/p>\n<p class=\"aw-1gybjub aw-1p7kakr kEtdKx cEmitX yle__article__paragraph\">\u2013 Ja on auttanut paljon. Tied\u00e4n, ett\u00e4 kauden aikana tunteet ovat pinnassa, mutta olemme pysyneet yhten\u00e4isin\u00e4. Se on ollut vahvuutemme, Aldama kertoo.<\/p>\n<p class=\"aw-1gybjub aw-1p7kakr kEtdKx cEmitX yle__article__paragraph\">Aldama on t\u00e4ll\u00e4 kaudella tehnyt NBA:ssa keskim\u00e4\u00e4rin 12,9 pistett\u00e4, 6,5 levypalloa, 3,0 sy\u00f6tt\u00f6\u00e4, 0,9 riistoa ja 0,7 torjuntaa ottelua kohden.<\/p>\n<p class=\"aw-1gybjub aw-1p7kakr kEtdKx cEmitX yle__article__paragraph\">Uusi kolmen vuoden sopimus, jonka arvo on 52,5 miljoonaa dollaria, tuo h\u00e4nelle lis\u00e4\u00e4 vastuuta tulevina kausina.<\/p>\n<p class=\"aw-1gybjub aw-1p7kakr kEtdKx cEmitX yle__article__paragraph\">\u2013 Sopimus tuo turvaa, mutta samalla haluan kehitty\u00e4 ja auttaa joukkuetta kaikin tavoin, Aldama p\u00e4\u00e4tt\u00e4\u00e4.<\/p>\n<p class=\"aw-1gybjub aw-1p7kakr kEtdKx cEmitX yle__article__paragraph\">NBA-kierroksen tulokset <a class=\"aw-iao6s4 iHOxEa yle__article__link\" href=\"https:\/\/yle.fi\/aihe\/tekstitv?P=277\" role=\"link\" rel=\"nofollow noopener\" target=\"_blank\">t\u00e4\u00e4lt\u00e4<\/a>, taulukot <a class=\"aw-iao6s4 iHOxEa yle__article__link\" href=\"https:\/\/yle.fi\/aihe\/tekstitv?P=279\" role=\"link\" rel=\"nofollow noopener\" target=\"_blank\">t\u00e4\u00e4lt\u00e4<\/a><\/p>\n","protected":false},"excerpt":{"rendered":"Memphis Grizzliesin ainoa eurooppalaispelaaja Santi Aldama on noussut avainpelaajaksi NBA:han valmentaja Tuomas Iisalon alaisuudessa. Avaa kuvien katselu Memphis&hellip;\n","protected":false},"author":2,"featured_media":121165,"comment_status":"","ping_status":"","sticky":false,"template":"","format":"standard","meta":{"footnotes":""},"categories":[158],"tags":[33,31,30,1702,12604,3825,159,32,12603,160],"class_list":{"0":"post-121164","1":"post","2":"type-post","3":"status-publish","4":"format-standard","5":"has-post-thumbnail","7":"category-urheilu","8":"tag-fi","9":"tag-finland","10":"tag-finnish","11":"tag-koripallo","12":"tag-memphis-grizzlies","13":"tag-nba","14":"tag-sports","15":"tag-suomi","16":"tag-tuomas-iisalo","17":"tag-urheilu"},"share_on_mastodon":{"url":"https:\/\/pubeurope.com\/@fi\/115750074187125704","error":""},"_links":{"self":[{"href":"https:\/\/www.europesays.com\/fi\/wp-json\/wp\/v2\/posts\/121164","targetHints":{"allow":["GET"]}}],"collection":[{"href":"https:\/\/www.europesays.com\/fi\/wp-json\/wp\/v2\/posts"}],"about":[{"href":"https:\/\/www.europesays.com\/fi\/wp-json\/wp\/v2\/types\/post"}],"author":[{"embeddable":true,"href":"https:\/\/www.europesays.com\/fi\/wp-json\/wp\/v2\/users\/2"}],"replies":[{"embeddable":true,"href":"https:\/\/www.europesays.com\/fi\/wp-json\/wp\/v2\/comments?post=121164"}],"version-history":[{"count":0,"href":"https:\/\/www.europesays.com\/fi\/wp-json\/wp\/v2\/posts\/121164\/revisions"}],"wp:featuredmedia":[{"embeddable":true,"href":"https:\/\/www.europesays.com\/fi\/wp-json\/wp\/v2\/media\/121165"}],"wp:attachment":[{"href":"https:\/\/www.europesays.com\/fi\/wp-json\/wp\/v2\/media?parent=121164"}],"wp:term":[{"taxonomy":"category","embeddable":true,"href":"https:\/\/www.europesays.com\/fi\/wp-json\/wp\/v2\/categories?post=121164"},{"taxonomy":"post_tag","embeddable":true,"href":"https:\/\/www.europesays.com\/fi\/wp-json\/wp\/v2\/tags?post=121164"}],"curies":[{"name":"wp","href":"https:\/\/api.w.org\/{rel}","templated":true}]}}