{"id":121168,"date":"2025-12-20T04:48:28","date_gmt":"2025-12-20T04:48:28","guid":{"rendered":"https:\/\/www.europesays.com\/fi\/121168\/"},"modified":"2025-12-20T04:48:28","modified_gmt":"2025-12-20T04:48:28","slug":"elisan-muutosneuvottelut-paatokseen-347-tyopaikan-vahennys-suomessa-puhelinvertailu","status":"publish","type":"post","link":"https:\/\/www.europesays.com\/fi\/121168\/","title":{"rendered":"Elisan muutosneuvottelut p\u00e4\u00e4t\u00f6kseen: 347 ty\u00f6paikan v\u00e4hennys Suomessa &#8211; Puhelinvertailu"},"content":{"rendered":"<ol>\n<li><a href=\"https:\/\/news.google.com\/rss\/articles\/CBMiugFBVV95cUxPQ0hYaVpDVWRMT0JSVlB3UzVMSnNhQ05lT3RHMUZMTmc2U3Frc1dodWdacXJUU0NES3RwRnI4QkJ1U3ZobWl4RUVJcnJVZHhmSXBNMlMwZklWbTU2Z2RfSUxqbGVIZUpNYnlWUU5KYU4wWDZPQmlkYThGNm95dmNTQnEySnlySlNVcHNBSVQ0QWpEYmJTaXB2VFlHRUdWS0lpYW9TaXpQcDNINlpBZmd1S1hsS19jOE1HVWfSAb8BQVVfeXFMUDlNbGlqcjZOc3d5VTZLS0VTTHE4NEVudG9BMHJMM0NpYUU1QXBjZVo3YWd6bGNhdkRHMXlabEdHOW9PQjRlaHM2Tm96TmlVQ0VpdlhqUFZGY3pmdGdlSnNYdGdxSU1aNXBLVXJuMzFsTkVPS2tQMm14MHVaZUlSYm1rM2hOX01Ja1JNck43R09QdU4yRzl5Mk9uOXYydE4zeFZ4WEp5WTNsNDdadWNWejlTakNGdUM1QjBPT2pDYjg?oc=5\" target=\"_blank\" rel=\"nofollow noopener\">Elisan muutosneuvottelut p\u00e4\u00e4t\u00f6kseen: 347 ty\u00f6paikan v\u00e4hennys Suomessa<\/a>&nbsp;&nbsp;Puhelinvertailu<\/li>\n<li><a href=\"https:\/\/news.google.com\/rss\/articles\/CBMiZEFVX3lxTE5jUmdCUkowWVlpdnA0ZEhvWDlLUURzT0hNcmlMd2FOSzFOSzJxM3R6QXdVdXJaSE5DUlhVbm9SMThhenUzWEw0Qlhrc0NRSy1iVFlxWEdrVnRlMVBOaUF5MXBZdEY?oc=5\" target=\"_blank\" rel=\"nofollow noopener\">Elisan muutosneuvottelut p\u00e4\u00e4ttyiv\u00e4t \u2013 357 ty\u00f6paikkaa l\u00e4htee<\/a>&nbsp;&nbsp;Ilta-Sanomat<\/li>\n<li><a href=\"https:\/\/news.google.com\/rss\/articles\/CBMiekFVX3lxTE9lOUhGbjhLcXNJcmMtUHp1ZWdRSmRXNGZVTFhELVYzcmZmNDluSEtGRnNkMUxGYW1wNmRJb2l0cF9NZnFPRDRSOVA4QTFGMlpSVFBkM2lhWmdjMTI0RzdVTW9ueXFZakl4dmt4d05TVFNzdHlFLWUxUEJ3?oc=5\" target=\"_blank\" rel=\"nofollow noopener\">Elisa antaa l\u00e4hes 350:lle l\u00e4ht\u00f6passit<\/a>&nbsp;&nbsp;Iltalehti<\/li>\n<li><a href=\"https:\/\/news.google.com\/rss\/articles\/CBMimwFBVV95cUxOclBMZ2x4eUQ3MXJUS3FrRDhxejNGVHhuWlh6OFFaanh0aTdYdk5CT1kwLUxMQkdDNkJNUVFYZXlUQnN3SHN3Rm1kS3JZamZUdnBjS3Y4UjZSS211TVJRbm5qbENLVHRQeUlVdDlUSHJram1GT2lITkZBcHdMQUZZVzRmZndrZGhBQUFNTUh2UHlFODdCTG1TNW15SQ?oc=5\" target=\"_blank\" rel=\"nofollow noopener\">Elisalta potkut noin 400:lle<\/a>&nbsp;&nbsp;Tekniikka&amp;Talous<\/li>\n<li><a href=\"https:\/\/news.google.com\/rss\/articles\/CBMiVkFVX3lxTFB6MFlHcFF5eTRVS3czOEpkcWljS1FpanVyb0swUUNtRUhxY3NvdEMzbzhiTUxwZGFGUlJQUzdxelZMYXNXYTFWdEtqbEJDd1pDRERNSlRB?oc=5\" target=\"_blank\" rel=\"nofollow noopener\">Elisa v\u00e4hent\u00e4\u00e4 Suomessa l\u00e4hes 350 ty\u00f6paikkaa<\/a>&nbsp;&nbsp;Etel\u00e4-Suomen Sanomat<\/li>\n<\/ol>\n","protected":false},"excerpt":{"rendered":"Elisan muutosneuvottelut p\u00e4\u00e4t\u00f6kseen: 347 ty\u00f6paikan v\u00e4hennys Suomessa&nbsp;&nbsp;Puhelinvertailu Elisan muutosneuvottelut p\u00e4\u00e4ttyiv\u00e4t \u2013 357 ty\u00f6paikkaa l\u00e4htee&nbsp;&nbsp;Ilta-Sanomat Elisa antaa l\u00e4hes 350:lle&hellip;\n","protected":false},"author":2,"featured_media":121169,"comment_status":"","ping_status":"","sticky":false,"template":"","format":"standard","meta":{"footnotes":""},"categories":[76],"tags":[79,77,33,31,30,32,78],"class_list":{"0":"post-121168","1":"post","2":"type-post","3":"status-publish","4":"format-standard","5":"has-post-thumbnail","7":"category-talous","8":"tag-business","9":"tag-economy","10":"tag-fi","11":"tag-finland","12":"tag-finnish","13":"tag-suomi","14":"tag-talous"},"share_on_mastodon":{"url":"https:\/\/pubeurope.com\/@fi\/115750089867234853","error":""},"_links":{"self":[{"href":"https:\/\/www.europesays.com\/fi\/wp-json\/wp\/v2\/posts\/121168","targetHints":{"allow":["GET"]}}],"collection":[{"href":"https:\/\/www.europesays.com\/fi\/wp-json\/wp\/v2\/posts"}],"about":[{"href":"https:\/\/www.europesays.com\/fi\/wp-json\/wp\/v2\/types\/post"}],"author":[{"embeddable":true,"href":"https:\/\/www.europesays.com\/fi\/wp-json\/wp\/v2\/users\/2"}],"replies":[{"embeddable":true,"href":"https:\/\/www.europesays.com\/fi\/wp-json\/wp\/v2\/comments?post=121168"}],"version-history":[{"count":0,"href":"https:\/\/www.europesays.com\/fi\/wp-json\/wp\/v2\/posts\/121168\/revisions"}],"wp:featuredmedia":[{"embeddable":true,"href":"https:\/\/www.europesays.com\/fi\/wp-json\/wp\/v2\/media\/121169"}],"wp:attachment":[{"href":"https:\/\/www.europesays.com\/fi\/wp-json\/wp\/v2\/media?parent=121168"}],"wp:term":[{"taxonomy":"category","embeddable":true,"href":"https:\/\/www.europesays.com\/fi\/wp-json\/wp\/v2\/categories?post=121168"},{"taxonomy":"post_tag","embeddable":true,"href":"https:\/\/www.europesays.com\/fi\/wp-json\/wp\/v2\/tags?post=121168"}],"curies":[{"name":"wp","href":"https:\/\/api.w.org\/{rel}","templated":true}]}}