{"id":121172,"date":"2025-12-20T04:50:17","date_gmt":"2025-12-20T04:50:17","guid":{"rendered":"https:\/\/www.europesays.com\/fi\/121172\/"},"modified":"2025-12-20T04:50:17","modified_gmt":"2025-12-20T04:50:17","slug":"ex-kansanedustaja-jukka-makysen-syytteet-kunnianloukkauksesta-hylattiin-pohjanmaa","status":"publish","type":"post","link":"https:\/\/www.europesays.com\/fi\/121172\/","title":{"rendered":"Ex-kansanedustaja Jukka M\u00e4kysen syytteet kunnianloukkauksesta hyl\u00e4ttiin | Pohjanmaa"},"content":{"rendered":"<p class=\"aw-1gybjub aw-5vja16 kEtdKx kmuxyA yle__article__paragraph\">Entist\u00e4 kansanedustajaa ja h\u00e4nen eduskunta-avustajaansa syytettiin M\u00e4kysen aiemman eduskunta-avustajan kunnianloukkauksesta. <\/p>\n<p><img decoding=\"async\" alt=\"En man och en kvinna deltar i ett m\u00f6te, d\u00e4r kvinnan hj\u00e4lper mannen med n\u00e5got tekniskt p\u00e5 datorn.\" src=\"https:\/\/www.europesays.com\/fi\/wp-content\/uploads\/2025\/12\/39-1564331693172cbd26eb.jpeg\" class=\"aw-1l9m598 hKVVvP\"\/><\/p>\n<p>Avaa kuvien katselu<\/p>\n<p>Ex-kansanedustaja Jukka M\u00e4kyst\u00e4 vastaan esitetty syyte hyl\u00e4ttiin. Kuva: Tarja Huntus \/ Yle<\/p>\n<p>19.12. 11:00\u2022P\u00e4ivitetty 19.12. 11:56<\/p>\n<ul class=\"aw-1jjocuh iJTSwP yle__article__list yle__article__list--ul\">\n<li class=\"aw-1j7gwms gNYKfi\">Pohjanmaan k\u00e4r\u00e4j\u00e4oikeus on tuominnut kansanedustajan avustajan Mikko Talson sakkoihin kunnianloukkauksesta.<\/li>\n<li class=\"aw-1j7gwms gNYKfi\">Oikeuden mukaan Talso esitti sosiaalisessa mediassa valheellisia v\u00e4itteit\u00e4 edelt\u00e4j\u00e4st\u00e4\u00e4n Aleksi Niskasesta.<\/li>\n<li class=\"aw-1j7gwms gNYKfi\">Talso m\u00e4\u00e4r\u00e4ttiin maksamaan Niskaselle 2 000 euroa korvauksia. Kansanedustaja Jukka M\u00e4kysen syyte asiassa hyl\u00e4ttiin.<\/li>\n<\/ul>\n<p class=\"aw-1gybjub aw-1p7kakr kEtdKx cEmitX yle__article__paragraph\">Entist\u00e4 vaasalaiskansanedustajaa <strong class=\"aw-ak79eh KyCXm yle__article__strong\">Jukka M\u00e4kyst\u00e4<\/strong> (ps.) koskeneet syytteet kunnianloukkauksesta on hyl\u00e4tty Pohjanmaan k\u00e4r\u00e4j\u00e4oikeudessa.<\/p>\n<p class=\"aw-1gybjub aw-1p7kakr kEtdKx cEmitX yle__article__paragraph\">Sen sijaan kansanedustajan eduskunta-avustaja <strong class=\"aw-ak79eh KyCXm yle__article__strong\">Mikko Talso<\/strong> tuomittiin sakkoihin kunnianloukkauksesta.<\/p>\n<p class=\"aw-1gybjub aw-1p7kakr kEtdKx cEmitX yle__article__paragraph\">Tapauksessa oli kyse M\u00e4kysen ja Talson sek\u00e4 Talsoa edelt\u00e4neen eduskunta-avustajan <strong class=\"aw-ak79eh KyCXm yle__article__strong\">Aleksi Niskasen<\/strong> v\u00e4lisest\u00e4 riita-asiasta.<\/p>\n<p class=\"aw-1gybjub aw-1p7kakr kEtdKx cEmitX yle__article__paragraph\">Ex-avustaja Aleksi Niskanen katsoi, ett\u00e4 M\u00e4kynen ja Talso olivat syyllistyneet h\u00e4nen kunniansa loukkaamiseen kirjoittamalla sosiaaliseen mediaan loukkaavia v\u00e4itteit\u00e4 Niskasesta.<\/p>\n<p class=\"aw-1gybjub aw-1p7kakr kEtdKx cEmitX yle__article__paragraph\">Aleksi Niskanen toimi eduskunta-avustajana vuosina 2019\u20132022. Ty\u00f6suhde p\u00e4\u00e4ttyi Niskasen irtisanoutumiseen kev\u00e4\u00e4ll\u00e4 2022.<\/p>\n<p class=\"aw-1gybjub aw-1p7kakr kEtdKx cEmitX yle__article__paragraph\">Niskanen kirjoitti tammikuussa 2023 <a class=\"aw-iao6s4 iHOxEa yle__article__link\" href=\"https:\/\/puheenvuoro.uusisuomi.fi\/aleksiniskanen\/oikeusmurha-eduskunnassa-kansanedustaja-petti-torkeasti-alaisensa\/\" role=\"link\" rel=\"nofollow noopener\" target=\"_blank\">blogitekstin<\/a>, jossa h\u00e4n kuvasi kokemuksiaan ja syit\u00e4 ty\u00f6suhteen p\u00e4\u00e4ttymiseen. T\u00e4m\u00e4 kirjoitus her\u00e4tti keskustelua sosiaalisessa mediassa ja mediassa.<\/p>\n<p class=\"aw-1gybjub aw-1p7kakr kEtdKx cEmitX yle__article__paragraph\">Niskanen katsoi, ett\u00e4 h\u00e4nen ammatillista mainettaan oli vahingoitettu, kun M\u00e4kysen uusi avustaja Mikko Talso osallistui sosiaalisen median keskusteluun esitt\u00e4m\u00e4ll\u00e4 v\u00e4itteit\u00e4, joiden mukaan Niskanen olisi ollut muun muassa laiska ja ammattitaidoton.<\/p>\n<p class=\"aw-1gybjub aw-1p7kakr kEtdKx cEmitX yle__article__paragraph\">Oikeus totesi, ettei M\u00e4kynen ollut osallistunut sosiaalisen median keskusteluihin eik\u00e4 ollut tietoinen Talson kirjoituksista sosiaalisessa mediassa.<\/p>\n<p class=\"aw-1gybjub aw-1p7kakr kEtdKx cEmitX yle__article__paragraph\">Valtio m\u00e4\u00e4r\u00e4ttiin maksamaan M\u00e4kysen oikeudenk\u00e4yntikulut.<\/p>\n<p>Valheellisia ja vahingollisia tietoja<\/p>\n<p class=\"aw-1gybjub aw-1p7kakr kEtdKx cEmitX yle__article__paragraph\">K\u00e4r\u00e4j\u00e4oikeuden mukaan Talson esitt\u00e4m\u00e4t v\u00e4itteet olivat valheellisia eik\u00e4 niille l\u00f6ytynyt tukea asiassa esitetyst\u00e4 n\u00e4yt\u00f6st\u00e4.<\/p>\n<p class=\"aw-1gybjub aw-1p7kakr kEtdKx cEmitX yle__article__paragraph\">Oikeus totesi, ett\u00e4 Talson kommentit eiv\u00e4t perustuneet omiin havaintoihin vaan huhupuheisiin ja toisen osapuolen n\u00e4kemyksiin. Oikeuden mukaan Talso oli ymm\u00e4rt\u00e4nyt, ett\u00e4 v\u00e4itteet olivat todenn\u00e4k\u00f6isesti per\u00e4tt\u00f6mi\u00e4.<\/p>\n<p class=\"aw-1gybjub aw-1p7kakr kEtdKx cEmitX yle__article__paragraph\">Oikeus katsoi my\u00f6s, ett\u00e4 v\u00e4itteet olivat omiaan aiheuttamaan vahinkoa ja halveksuntaa erityisesti ty\u00f6el\u00e4m\u00e4ss\u00e4.<\/p>\n<p class=\"aw-1gybjub aw-1p7kakr kEtdKx cEmitX yle__article__paragraph\">Talso tuomittiin kunnianloukkauksesta 25 p\u00e4iv\u00e4sakkoon ja maksamaan Niskaselle 2 000 euroa korvauksena k\u00e4rsimyksest\u00e4 sek\u00e4 oikeudenk\u00e4yntikulut.<\/p>\n<p class=\"aw-1gybjub aw-1p7kakr kEtdKx cEmitX yle__article__paragraph\">Ratkaisu on lainvoimainen, ellei siit\u00e4 valiteta hovioikeuteen.<\/p>\n","protected":false},"excerpt":{"rendered":"Entist\u00e4 kansanedustajaa ja h\u00e4nen eduskunta-avustajaansa syytettiin M\u00e4kysen aiemman eduskunta-avustajan kunnianloukkauksesta. Avaa kuvien katselu Ex-kansanedustaja Jukka M\u00e4kyst\u00e4 vastaan esitetty&hellip;\n","protected":false},"author":2,"featured_media":121173,"comment_status":"","ping_status":"","sticky":false,"template":"","format":"standard","meta":{"footnotes":""},"categories":[12],"tags":[22,23,26,27,33,31,30,17,6264,71,2051,24,25,28,29,15,11054,1915,18,21,449,32,19,20,16,859],"class_list":{"0":"post-121172","1":"post","2":"type-post","3":"status-publish","4":"format-standard","5":"has-post-thumbnail","7":"category-suomi","8":"tag-breaking-news","9":"tag-breakingnews","10":"tag-featured-news","11":"tag-featurednews","12":"tag-fi","13":"tag-finland","14":"tag-finnish","15":"tag-headlines","16":"tag-kansanedustajat","17":"tag-kotimaa","18":"tag-kunnianloukkaus","19":"tag-latest-news","20":"tag-latestnews","21":"tag-main-news","22":"tag-mainnews","23":"tag-news","24":"tag-oikeudenkayntikulut","25":"tag-oikeus","26":"tag-otsikot","27":"tag-paauutiset","28":"tag-pohjanmaa","29":"tag-suomi","30":"tag-top-stories","31":"tag-topstories","32":"tag-uutiset","33":"tag-vaasa"},"share_on_mastodon":{"url":"https:\/\/pubeurope.com\/@fi\/115750097862807133","error":""},"_links":{"self":[{"href":"https:\/\/www.europesays.com\/fi\/wp-json\/wp\/v2\/posts\/121172","targetHints":{"allow":["GET"]}}],"collection":[{"href":"https:\/\/www.europesays.com\/fi\/wp-json\/wp\/v2\/posts"}],"about":[{"href":"https:\/\/www.europesays.com\/fi\/wp-json\/wp\/v2\/types\/post"}],"author":[{"embeddable":true,"href":"https:\/\/www.europesays.com\/fi\/wp-json\/wp\/v2\/users\/2"}],"replies":[{"embeddable":true,"href":"https:\/\/www.europesays.com\/fi\/wp-json\/wp\/v2\/comments?post=121172"}],"version-history":[{"count":0,"href":"https:\/\/www.europesays.com\/fi\/wp-json\/wp\/v2\/posts\/121172\/revisions"}],"wp:featuredmedia":[{"embeddable":true,"href":"https:\/\/www.europesays.com\/fi\/wp-json\/wp\/v2\/media\/121173"}],"wp:attachment":[{"href":"https:\/\/www.europesays.com\/fi\/wp-json\/wp\/v2\/media?parent=121172"}],"wp:term":[{"taxonomy":"category","embeddable":true,"href":"https:\/\/www.europesays.com\/fi\/wp-json\/wp\/v2\/categories?post=121172"},{"taxonomy":"post_tag","embeddable":true,"href":"https:\/\/www.europesays.com\/fi\/wp-json\/wp\/v2\/tags?post=121172"}],"curies":[{"name":"wp","href":"https:\/\/api.w.org\/{rel}","templated":true}]}}