{"id":121174,"date":"2025-12-20T04:51:12","date_gmt":"2025-12-20T04:51:12","guid":{"rendered":"https:\/\/www.europesays.com\/fi\/121174\/"},"modified":"2025-12-20T04:51:12","modified_gmt":"2025-12-20T04:51:12","slug":"sdpn-hiltunen-aanesti-vastoin-ryhmansa-kantaa-sai-huomautuksen","status":"publish","type":"post","link":"https:\/\/www.europesays.com\/fi\/121174\/","title":{"rendered":"Sdp:n Hiltunen \u00e4\u00e4nesti vastoin ryhm\u00e4ns\u00e4 kantaa, sai huomautuksen"},"content":{"rendered":"<p>\u201dPotkulaki\u201d|Eduskunta hyv\u00e4ksyi hallituksen esityksen ty\u00f6ntekij\u00f6iden henkil\u00f6perusteisen irtisanomisen helpottamisesta. Sdp:n Pia Hiltunen \u00e4\u00e4nesti toisin kuin muut ryhm\u00e4ss\u00e4\u00e4n.<\/p>\n<p>19.12. 13:25<\/p>\n<p>Lue tiivistelm\u00e4<\/p>\n<p class=\"article-body mb-nof-24 px-nof-16 sndp-summary-bullet-point-font\">Sdp:n kansanedustaja Pia Hiltunen sai huomautuksen eduskuntaryhm\u00e4ns\u00e4 puheenjohtajalta Tytti Tuppuraiselta, kun h\u00e4n \u00e4\u00e4nesti ty\u00f6ntekij\u00f6iden irtisanomisen helpottamisen puolesta.<\/p>\n<p class=\"article-body mb-nof-24 px-nof-16 sndp-summary-bullet-point-font\">Eduskunta hyv\u00e4ksyi perjantaina hallituksen esityksen \u00e4\u00e4nin 108\u201354, ja kaikki muut Sdp:n kansanedustajat \u00e4\u00e4nestiv\u00e4t sit\u00e4 vastaan.<\/p>\n<p class=\"article-body mb-nof-24 px-nof-16 sndp-summary-bullet-point-font\">Hiltusen mukaan lakiesitys kannustaa pieni\u00e4 ja keskisuuria yrityksi\u00e4 palkkaamaan, koska virherekrytoinneista p\u00e4\u00e4see helpommin eroon.<\/p>\n<p class=\"article-body mb-nof-24 px-nof-16\">Sdp:n kansanedustaja <a class=\"article-personlink\" href=\"https:\/\/www.hs.fi\/haku\/?query=Pia%20Hiltunen\" rel=\"nofollow noopener\" target=\"_blank\">Pia Hiltunen<\/a> sai perjantaina puolueensa eduskuntaryhm\u00e4n puheenjohtajalta <a class=\"article-personlink\" href=\"https:\/\/www.hs.fi\/haku\/?query=Tytti%20Tuppuraiselta\" rel=\"nofollow noopener\" target=\"_blank\">Tytti Tuppuraiselta<\/a> huomautuksen, kun h\u00e4n \u00e4\u00e4nesti ty\u00f6ntekij\u00f6iden irtisanomisen helpottamiseen johtaneen lakiesityksen puolesta.<\/p>\n<p class=\"article-body mb-nof-24 px-nof-16\">Asiasta kertoi perjantaina ensimm\u00e4isen\u00e4 <a class=\"article-genericlink\" href=\"https:\/\/demokraatti.fi\/sdpn-ryhma-rankaisi-rivista-livennytta-pia-hiltusta\" rel=\"nofollow noopener\" target=\"_blank\">Demokraatti<\/a>. Hiltunen vahvistaa saamansa seuraamuksen HS:lle.<\/p>\n<p class=\"article-body mb-nof-24 px-nof-16\">\u201dOlemme k\u00e4yneet avointa keskustelua koko prosessin ajan. Ja t\u00e4m\u00e4 [seuraamus] oli tiedossa\u201d, Hiltunen sanoo.<\/p>\n<p class=\"article-body mb-nof-24 px-nof-16\">Hiltunen on kotoisin Oulusta ja on ensimm\u00e4isen kauden kansanedustaja. H\u00e4n sanoo ottaneensa opikseen siit\u00e4, miten erimielisyyksi\u00e4 h\u00e4nen eduskuntaryhm\u00e4ss\u00e4\u00e4n tulee k\u00e4sitell\u00e4.<\/p>\n<p class=\"article-body mb-nof-24 px-nof-16\">\u201dRyhm\u00e4n kannalta ymm\u00e4rr\u00e4n sen, ett\u00e4 on yhteisi\u00e4 linjoja. Jatkossa on syyt\u00e4 tuoda omia n\u00e4kemyksi\u00e4ni ryhm\u00e4ss\u00e4 aktiivisesti esille.\u201d<\/p>\n<p class=\"article-body mb-nof-24 px-nof-16\">Sdp on kutsunut hallituksen esityst\u00e4 ammattiyhdistysliikkeelt\u00e4 per\u00e4isin olevalla termill\u00e4 \u201dpotkulaki\u201d, ja perjantaina kaikki sen kansanedustajat Hiltusta lukuun ottamatta \u00e4\u00e4nestiv\u00e4t hallituksen esityst\u00e4 vastaan. Eduskunta hyv\u00e4ksyi esityksen \u00e4\u00e4nin 108\u201354.<\/p>\n<p class=\"article-body mb-nof-24 px-nof-16\">Hiltunen <a class=\"article-genericlink\" href=\"https:\/\/www.hs.fi\/politiikka\/art-2000011661187.html\" rel=\"nofollow noopener\" target=\"_blank\">kertoi \u00e4\u00e4nestysaikeistaan jo viime viikolla Helsingin Sanomille<\/a>. H\u00e4nen mukaansa lakiesitys ei potki ihmisi\u00e4 ty\u00f6paikoilta.<\/p>\n<p class=\"article-body mb-nof-24 px-nof-16\">\u201dT\u00e4m\u00e4 on yksi toimi, jolla voimme kannustaa pieni\u00e4 ja keskisuuria yrityksi\u00e4 palkkaamaan. Koska virherekrytointeja voi tulla. Mutta ei t\u00e4m\u00e4 tarkoita, ett\u00e4 kaikki potkitaan ulos, vaan ty\u00f6ntekij\u00e4lle j\u00e4\u00e4 vahva suoja edelleen\u201d, Hiltunen sanoi.<\/p>\n<p class=\"article-body mb-nof-24 px-nof-16\">H\u00e4n sanoo, ett\u00e4 seisoo yh\u00e4 kantansa takana.<\/p>\n<p class=\"article-body mb-nof-24 px-nof-16\">\u201dOlen seisonut selk\u00e4 suorana ja avoimesti asian takana\u201d, Hiltunen sanoo.<\/p>\n<p class=\"article-body mb-nof-24 px-nof-16\">Eduskunnan hyv\u00e4ksym\u00e4n esityksen keskeinen sis\u00e4lt\u00f6 on, ett\u00e4 irtisanomiseen riitt\u00e4\u00e4 jatkossa asiallisen ja painavan syyn sijaan pelkk\u00e4 asiallinen syy. Toimella hallitus toivoo, ett\u00e4 etenkin pienet yritykset palkkaisivat ty\u00f6ntekij\u00f6it\u00e4, kun ongelmalliseksi osoittautuvasta ty\u00f6suhteesta p\u00e4\u00e4see vastaisuudessa helpommin eroon.<\/p>\n<p class=\"article-body mb-nof-24 px-nof-16\">Oppositiopuolueen edustajan lipe\u00e4minen rivist\u00e4 \u00e4\u00e4nestyksiss\u00e4 ei ole poikkeuksellista. Harvinaista kuitenkin on, ett\u00e4 Sdp:n rivit hajoavat ty\u00f6el\u00e4m\u00e4kysymyksiss\u00e4.<\/p>\n","protected":false},"excerpt":{"rendered":"\u201dPotkulaki\u201d|Eduskunta hyv\u00e4ksyi hallituksen esityksen ty\u00f6ntekij\u00f6iden henkil\u00f6perusteisen irtisanomisen helpottamisesta. Sdp:n Pia Hiltunen \u00e4\u00e4nesti toisin kuin muut ryhm\u00e4ss\u00e4\u00e4n. 19.12. 13:25&hellip;\n","protected":false},"author":2,"featured_media":121175,"comment_status":"","ping_status":"","sticky":false,"template":"","format":"standard","meta":{"footnotes":""},"categories":[5],"tags":[22,23,26,27,33,31,30,17,46,24,25,28,29,15,18,21,32,19,20,16],"class_list":{"0":"post-121174","1":"post","2":"type-post","3":"status-publish","4":"format-standard","5":"has-post-thumbnail","7":"category-otsikot","8":"tag-breaking-news","9":"tag-breakingnews","10":"tag-featured-news","11":"tag-featurednews","12":"tag-fi","13":"tag-finland","14":"tag-finnish","15":"tag-headlines","16":"tag-helsingin-sanomat","17":"tag-latest-news","18":"tag-latestnews","19":"tag-main-news","20":"tag-mainnews","21":"tag-news","22":"tag-otsikot","23":"tag-paauutiset","24":"tag-suomi","25":"tag-top-stories","26":"tag-topstories","27":"tag-uutiset"},"share_on_mastodon":{"url":"https:\/\/pubeurope.com\/@fi\/115750101477630074","error":""},"_links":{"self":[{"href":"https:\/\/www.europesays.com\/fi\/wp-json\/wp\/v2\/posts\/121174","targetHints":{"allow":["GET"]}}],"collection":[{"href":"https:\/\/www.europesays.com\/fi\/wp-json\/wp\/v2\/posts"}],"about":[{"href":"https:\/\/www.europesays.com\/fi\/wp-json\/wp\/v2\/types\/post"}],"author":[{"embeddable":true,"href":"https:\/\/www.europesays.com\/fi\/wp-json\/wp\/v2\/users\/2"}],"replies":[{"embeddable":true,"href":"https:\/\/www.europesays.com\/fi\/wp-json\/wp\/v2\/comments?post=121174"}],"version-history":[{"count":0,"href":"https:\/\/www.europesays.com\/fi\/wp-json\/wp\/v2\/posts\/121174\/revisions"}],"wp:featuredmedia":[{"embeddable":true,"href":"https:\/\/www.europesays.com\/fi\/wp-json\/wp\/v2\/media\/121175"}],"wp:attachment":[{"href":"https:\/\/www.europesays.com\/fi\/wp-json\/wp\/v2\/media?parent=121174"}],"wp:term":[{"taxonomy":"category","embeddable":true,"href":"https:\/\/www.europesays.com\/fi\/wp-json\/wp\/v2\/categories?post=121174"},{"taxonomy":"post_tag","embeddable":true,"href":"https:\/\/www.europesays.com\/fi\/wp-json\/wp\/v2\/tags?post=121174"}],"curies":[{"name":"wp","href":"https:\/\/api.w.org\/{rel}","templated":true}]}}