{"id":121182,"date":"2025-12-20T05:11:09","date_gmt":"2025-12-20T05:11:09","guid":{"rendered":"https:\/\/www.europesays.com\/fi\/121182\/"},"modified":"2025-12-20T05:11:09","modified_gmt":"2025-12-20T05:11:09","slug":"terasleidit-lahtevat-toistamiseen-hersyvan-hurjalle-reissulle-ei-keskeneraisyys-ja-torppoys-poista-sita-etta-voi-olla-myos-viisas-ja-kokenut-keski-suomi","status":"publish","type":"post","link":"https:\/\/www.europesays.com\/fi\/121182\/","title":{"rendered":"Ter\u00e4sleidit l\u00e4htev\u00e4t toistamiseen hersyv\u00e4n hurjalle reissulle \u2013\u2009&#8221;Ei keskener\u00e4isyys ja t\u00f6rpp\u00f6ys poista sit\u00e4, ett\u00e4 voi olla my\u00f6s viisas ja kokenut&#8221; | Keski-Suomi"},"content":{"rendered":"<p>Itsen\u00e4inen jatko-osa vuoden 2020 elokuvalle saa ensi-iltansa joulup\u00e4iv\u00e4n\u00e4. K\u00e4sikirjoitus vakuutti Leena Uotilan nopeasti.<\/p>\n<p>Tekohampaat suuhun ja nitro kielen alle. Tulevana keskiviikkona, joulup\u00e4iv\u00e4n\u00e4, ensi-iltansa saa <strong>Pamela Tolan<\/strong> ohjaama ja k\u00e4sikirjoittama Ter\u00e4sleidit \u2013 kuin viimeist\u00e4 p\u00e4iv\u00e4\u00e4. Elokuva on itsen\u00e4inen jatko-osa vuonna 2020 valmistuneelle Ter\u00e4sleidit-elokuvalle, joka ylsi poikkeusvuoden katsotuimmaksi ensi-iltaelokuvaksi Suomessa.<\/p>\n<p>Luvassa on tuttuja kasvoja, mutta my\u00f6s uusia tulokkaita. Roolissaan lakonisen hersyv\u00e4n\u00e4 Inkerin\u00e4 jatkaa <strong>Leena Uotila<\/strong> ja Railina n\u00e4hd\u00e4\u00e4n toistamiseen arvovaltainen ja piikittelev\u00e4 <strong>Seela Sella<\/strong>. Kolmikon t\u00e4ydent\u00e4\u00e4 <strong>Sanna-Kaisa Palon<\/strong> Kerttu, joka on Railin uusi k\u00e4skytett\u00e4v\u00e4. V\u00f6ljyyn ly\u00f6tt\u00e4ytyy my\u00f6s <strong>Eero Saarisen<\/strong> n\u00e4yttelem\u00e4 Matti.<\/p>\n<p>\t\t<a class=\"diks-gallery__link\" href=\"https:\/\/i.media.fi\/incoming\/776pgz\/11208465.jpg\/alternates\/FREE_1440\/11208465.jpg\" data-thumbnail=\"\" data-sub-html=\"Leena Uotilan esitt\u00e4m\u00e4 Inkeri (keskell\u00e4) l\u00e4htee matkalle paitsi ymp\u00e4ri Suomea, my\u00f6s takaisin muistoihinsa. Laura Mainiemi \/ Helsinki Filmi\" aria-label=\"Katso isompi kuva\" rel=\"nofollow noopener\" target=\"_blank\"><br \/>\n\t\t\t\t<img class=\"diks-figure__image\" src=\"https:\/\/www.europesays.com\/fi\/wp-content\/uploads\/2025\/12\/11208465.jpg\" loading=\"lazy\" decoding=\"sync\" alt=\"\"\/><\/p>\n<p>\t\t\t<\/a><br \/>\n\t\t\t\t\tLeena Uotilan esitt\u00e4m\u00e4 Inkeri (keskell\u00e4) l\u00e4htee matkalle paitsi ymp\u00e4ri Suomea, my\u00f6s takaisin muistoihinsa. Laura Mainiemi \/ Helsinki Filmi<\/p>\n<p><strong class=\"diks-storyline__impact\">Ter\u00e4sleideille ei<\/strong> tosin pit\u00e4nyt alun perin tulla jatkoa laisinkaan. Ohjaaja Tola py\u00f6rsi p\u00e4\u00e4ns\u00e4 luettuaan <strong>Karoliina Lindgrenin<\/strong> aihion k\u00e4sikirjoituksesta.<\/p>\n","protected":false},"excerpt":{"rendered":"Itsen\u00e4inen jatko-osa vuoden 2020 elokuvalle saa ensi-iltansa joulup\u00e4iv\u00e4n\u00e4. K\u00e4sikirjoitus vakuutti Leena Uotilan nopeasti. Tekohampaat suuhun ja nitro kielen&hellip;\n","protected":false},"author":2,"featured_media":121183,"comment_status":"","ping_status":"","sticky":false,"template":"","format":"standard","meta":{"footnotes":""},"categories":[130],"tags":[153,137,33,31,30,108,7082,622,32,140,2107,109],"class_list":{"0":"post-121182","1":"post","2":"type-post","3":"status-publish","4":"format-standard","5":"has-post-thumbnail","7":"category-viihde","8":"tag-audiovisuaalinen-media","9":"tag-entertainment","10":"tag-fi","11":"tag-finland","12":"tag-finnish","13":"tag-kulttuuri","14":"tag-kulttuuriala","15":"tag-nayttelijat","16":"tag-suomi","17":"tag-tv-ja-elokuvat","18":"tag-vapaa-aika","19":"tag-viihde"},"share_on_mastodon":{"url":"https:\/\/pubeurope.com\/@fi\/115750180299311741","error":""},"_links":{"self":[{"href":"https:\/\/www.europesays.com\/fi\/wp-json\/wp\/v2\/posts\/121182","targetHints":{"allow":["GET"]}}],"collection":[{"href":"https:\/\/www.europesays.com\/fi\/wp-json\/wp\/v2\/posts"}],"about":[{"href":"https:\/\/www.europesays.com\/fi\/wp-json\/wp\/v2\/types\/post"}],"author":[{"embeddable":true,"href":"https:\/\/www.europesays.com\/fi\/wp-json\/wp\/v2\/users\/2"}],"replies":[{"embeddable":true,"href":"https:\/\/www.europesays.com\/fi\/wp-json\/wp\/v2\/comments?post=121182"}],"version-history":[{"count":0,"href":"https:\/\/www.europesays.com\/fi\/wp-json\/wp\/v2\/posts\/121182\/revisions"}],"wp:featuredmedia":[{"embeddable":true,"href":"https:\/\/www.europesays.com\/fi\/wp-json\/wp\/v2\/media\/121183"}],"wp:attachment":[{"href":"https:\/\/www.europesays.com\/fi\/wp-json\/wp\/v2\/media?parent=121182"}],"wp:term":[{"taxonomy":"category","embeddable":true,"href":"https:\/\/www.europesays.com\/fi\/wp-json\/wp\/v2\/categories?post=121182"},{"taxonomy":"post_tag","embeddable":true,"href":"https:\/\/www.europesays.com\/fi\/wp-json\/wp\/v2\/tags?post=121182"}],"curies":[{"name":"wp","href":"https:\/\/api.w.org\/{rel}","templated":true}]}}