{"id":121184,"date":"2025-12-20T05:14:12","date_gmt":"2025-12-20T05:14:12","guid":{"rendered":"https:\/\/www.europesays.com\/fi\/121184\/"},"modified":"2025-12-20T05:14:12","modified_gmt":"2025-12-20T05:14:12","slug":"raitiotieyhtion-kahden-miljoonan-lisarahoituksesta-keittyi-kaupunginhallituksen-joulusoppa-ts-fi","status":"publish","type":"post","link":"https:\/\/www.europesays.com\/fi\/121184\/","title":{"rendered":"Raitiotieyhti\u00f6n kahden miljoonan lis\u00e4rahoituksesta keittyi kaupunginhallituksen joulusoppa &#8211; ts.fi"},"content":{"rendered":"<ol>\n<li><a href=\"https:\/\/news.google.com\/rss\/articles\/CBMiSEFVX3lxTE5FalZiZHowYTRRMHQzUEFKT0NybXpSQXRybXNXM2xqY0RmWGM4cDZIenlOM3dQV0hBbXBmWmpHUGZOMUdOQ1Vjdg?oc=5\" target=\"_blank\" rel=\"nofollow noopener\">Raitiotieyhti\u00f6n kahden miljoonan lis\u00e4rahoituksesta keittyi kaupunginhallituksen joulusoppa<\/a>&nbsp;&nbsp;ts.fi<\/li>\n<li><a href=\"https:\/\/news.google.com\/rss\/articles\/CBMiQkFVX3lxTE92dWhLc1d4Yl9OUFpsZ3lzMkNBb3lyYVVkNmhkTXdjTXRMbk9CV3o0NUl0ejRJZVRhU19URmhhS3dYQQ?oc=5\" target=\"_blank\" rel=\"nofollow noopener\">Turun Raitiotie Oy sai miljoonansa ja Varissuo uusia bussilinjoja<\/a>&nbsp;&nbsp;Yle<\/li>\n<li><a href=\"https:\/\/news.google.com\/rss\/articles\/CBMisgFBVV95cUxNY2s2Ujl1RFZhOGZfbWQ4aVl4N1AzQ2dkcWIxTnNrVExiMGJmZ0Fjb2FuUTl1TU9rVnUzMjRWZzdQaVFSMGRDOTRZVE85ZlFPcmxXQUVMcHRmQmFBVFIxbzlmMTBiQ2RuR0pzLWZDV0NWUExCTmQ0cWJGeWNXdzJtSDM3Q0dLcjkzU2hCLTFHaEMwTlpXVFc2b29Sb0pjYVdkQzV5bExXNlpBb1V6NzBOcTJR?oc=5\" target=\"_blank\" rel=\"nofollow noopener\">Kaupunginhallituksessa 18.12. p\u00e4\u00e4tettiin raitiotieyhti\u00f6n siirtym\u00e4kauden rahoituksesta<\/a>&nbsp;&nbsp;Turku.fi<\/li>\n<li><a href=\"https:\/\/news.google.com\/rss\/articles\/CBMiTEFVX3lxTE1TWUxiV3VmbHZfVmNDQk05TElLdmstUi1kcWpYVGZrWHI1eWRzaGJzcnV2OU5veHBSc0FFWFlwb2pxaEQ0NndkYXpES28?oc=5\" target=\"_blank\" rel=\"nofollow noopener\">P\u00e4\u00e4kirjoitus: J\u00e4isik\u00f6 superbussi v\u00e4livaiheeksi?<\/a>&nbsp;&nbsp;aamuset.fi<\/li>\n<li><a href=\"https:\/\/news.google.com\/rss\/articles\/CBMiSEFVX3lxTE9jR1pwTXBKVVRiMzdvbVM1RFRFLV9CRlhOVnpuZmtmdW1WNFNTREphYkY0V0xhdGJFLVV0N1U4cXJYWEgtRUZKWQ?oc=5\" target=\"_blank\" rel=\"nofollow noopener\">Turku ratkoo Varissuon ruuhkabussiongelmaa linjalis\u00e4yksill\u00e4<\/a>&nbsp;&nbsp;ts.fi<\/li>\n<\/ol>\n","protected":false},"excerpt":{"rendered":"Raitiotieyhti\u00f6n kahden miljoonan lis\u00e4rahoituksesta keittyi kaupunginhallituksen joulusoppa&nbsp;&nbsp;ts.fi Turun Raitiotie Oy sai miljoonansa ja Varissuo uusia bussilinjoja&nbsp;&nbsp;Yle Kaupunginhallituksessa 18.12.&hellip;\n","protected":false},"author":2,"featured_media":121185,"comment_status":"","ping_status":"","sticky":false,"template":"","format":"standard","meta":{"footnotes":""},"categories":[76],"tags":[79,77,33,31,30,32,78],"class_list":{"0":"post-121184","1":"post","2":"type-post","3":"status-publish","4":"format-standard","5":"has-post-thumbnail","7":"category-talous","8":"tag-business","9":"tag-economy","10":"tag-fi","11":"tag-finland","12":"tag-finnish","13":"tag-suomi","14":"tag-talous"},"share_on_mastodon":{"url":"https:\/\/pubeurope.com\/@fi\/115750192406757300","error":""},"_links":{"self":[{"href":"https:\/\/www.europesays.com\/fi\/wp-json\/wp\/v2\/posts\/121184","targetHints":{"allow":["GET"]}}],"collection":[{"href":"https:\/\/www.europesays.com\/fi\/wp-json\/wp\/v2\/posts"}],"about":[{"href":"https:\/\/www.europesays.com\/fi\/wp-json\/wp\/v2\/types\/post"}],"author":[{"embeddable":true,"href":"https:\/\/www.europesays.com\/fi\/wp-json\/wp\/v2\/users\/2"}],"replies":[{"embeddable":true,"href":"https:\/\/www.europesays.com\/fi\/wp-json\/wp\/v2\/comments?post=121184"}],"version-history":[{"count":0,"href":"https:\/\/www.europesays.com\/fi\/wp-json\/wp\/v2\/posts\/121184\/revisions"}],"wp:featuredmedia":[{"embeddable":true,"href":"https:\/\/www.europesays.com\/fi\/wp-json\/wp\/v2\/media\/121185"}],"wp:attachment":[{"href":"https:\/\/www.europesays.com\/fi\/wp-json\/wp\/v2\/media?parent=121184"}],"wp:term":[{"taxonomy":"category","embeddable":true,"href":"https:\/\/www.europesays.com\/fi\/wp-json\/wp\/v2\/categories?post=121184"},{"taxonomy":"post_tag","embeddable":true,"href":"https:\/\/www.europesays.com\/fi\/wp-json\/wp\/v2\/tags?post=121184"}],"curies":[{"name":"wp","href":"https:\/\/api.w.org\/{rel}","templated":true}]}}