{"id":121188,"date":"2025-12-20T05:16:12","date_gmt":"2025-12-20T05:16:12","guid":{"rendered":"https:\/\/www.europesays.com\/fi\/121188\/"},"modified":"2025-12-20T05:16:12","modified_gmt":"2025-12-20T05:16:12","slug":"riikka-purra-uusista-leikkauksista-ei-se-varmasti-perussuomalaisista-ole-kiinni-politiikka","status":"publish","type":"post","link":"https:\/\/www.europesays.com\/fi\/121188\/","title":{"rendered":"Riikka Purra uusista leikkauksista: \u201dEi se varmasti pe\u00adrus\u00adsuo\u00adma\u00adlai\u00adsis\u00adta ole kiinni\u201d | Politiikka"},"content":{"rendered":"<ul class=\"aw-1jjocuh iJTSwP yle__article__list yle__article__list--ul\">\n<li class=\"aw-1j7gwms gNYKfi\">Valtiovarainministeri Riikka Purra (ps.) on tarvittaessa valmis uusiin leikkauksiin ja muistuttaa aiemmin hyl\u00e4tyist\u00e4 s\u00e4\u00e4st\u00f6ehdotuksistaan.<\/li>\n<\/ul>\n<ul class=\"aw-1jjocuh iJTSwP yle__article__list yle__article__list--ul\">\n<li class=\"aw-1j7gwms gNYKfi\">Hallitus on ep\u00e4onnistumassa tavoitteessaan valtion velkaantumisen taittamisessa. Purra selitt\u00e4\u00e4 tilannetta heikolla talouskasvulla, Suomen vientimaiden ongelmilla, Yhdysvaltojen tulleilla ja Ukrainan sodalla.<\/li>\n<li class=\"aw-1j7gwms gNYKfi\">Riikka Purra my\u00f6nt\u00e4\u00e4 pohtineensa yritt\u00e4jien el\u00e4kej\u00e4rjestelm\u00e4n purkamista tai j\u00e4rjestelm\u00e4n muuntamista Ruotsin mallin mukaisesti osaksi yleist\u00e4 el\u00e4kej\u00e4rjestelm\u00e4\u00e4, jossa voisi itse p\u00e4\u00e4tt\u00e4\u00e4 osasta el\u00e4kesijoituksia.<\/li>\n<\/ul>\n<p class=\"aw-1gybjub aw-1p7kakr kEtdKx cEmitX yle__article__paragraph\">Valtiovarainministerinkin vuosi on k\u00e4\u00e4ntym\u00e4ss\u00e4 jouluksi. Ylen haastattelun j\u00e4lkeen vuorossa on viel\u00e4 eduskunnan viimeiset budjetti\u00e4\u00e4nestykset perjantaina.<\/p>\n<p class=\"aw-1gybjub aw-1p7kakr kEtdKx cEmitX yle__article__paragraph\">Perussuomalaisten <strong class=\"aw-ak79eh KyCXm yle__article__strong\">Riikka Purra<\/strong> muistuttaa, ett\u00e4 nykyinen hallitus on tehnyt valtavan urakan valtion talouden sopeuttamisessa \u2013 siis leikkauksia, veronkorotuksia, mutta my\u00f6s tuloveron kevennyksi\u00e4.<\/p>\n<p class=\"aw-1gybjub aw-1p7kakr kEtdKx cEmitX yle__article__paragraph\">\u2013 Olemme tehneet osamme ja t\u00e4t\u00e4 ty\u00f6t\u00e4 pit\u00e4\u00e4 jatkaa.<\/p>\n<p class=\"aw-1gybjub aw-1p7kakr kEtdKx cEmitX yle__article__paragraph\">Valtiovarainministeri\u00f6n perjantainen <a class=\"aw-iao6s4 iHOxEa yle__article__link\" href=\"https:\/\/yle.fi\/a\/74-20200698\" role=\"link\" rel=\"nofollow noopener\" target=\"_blank\">virka-arvio julkisen talouden sopeutustarpeesta<\/a> ei kuitenkaan viel\u00e4 armahtanut nykyist\u00e4 hallitusta, vaikka varsinaiset madonluvut koskivatkin seuraavaa vaalikautta.<\/p>\n<p class=\"aw-1gybjub aw-1p7kakr kEtdKx cEmitX yle__article__paragraph\">Ministeri\u00f6 arvioi, ett\u00e4 julkisen talouden lis\u00e4sopeutuksen tarvetta ei voi sulkea pois t\u00e4lt\u00e4k\u00e4\u00e4n hallituskaudelta. Jos tarve syntyy, se olisi korkeintaan 1,4 miljardia euroa. K\u00e4yt\u00e4nn\u00f6ss\u00e4 se tarkoittaisi, ett\u00e4 p\u00e4\u00e4t\u00f6ksi\u00e4 pit\u00e4isi tehd\u00e4 vuoden 2026 lis\u00e4talousarvioissa ja vuoden 2027 varsinaisessa budjetissa.<\/p>\n<p class=\"aw-1gybjub aw-1p7kakr kEtdKx cEmitX yle__article__paragraph\">\u2013 Ei se varmasti perussuomalaisista ole kiinni, mik\u00e4li viel\u00e4 haluttaisiin tehd\u00e4 jotakin, Purra sanoo.<\/p>\n<p class=\"aw-1gybjub aw-1p7kakr kEtdKx cEmitX yle__article__paragraph\">Se \u201djotakin\u201d tarkoittaisi ainakin valtion menojen lis\u00e4leikkauksia.<\/p>\n<p>Videolla Riikka Purra kertoo jouluperinteist\u00e4\u00e4n: joululauluista ja lahjoituksista ker\u00e4yksiin.Purran listassa viel\u00e4 keinoja j\u00e4ljell\u00e4<\/p>\n<p class=\"aw-1gybjub aw-1p7kakr kEtdKx cEmitX yle__article__paragraph\">Riikka Purran mielest\u00e4 mahdollisten uusien sopeutustoimien pit\u00e4isi olla sellaisia, ett\u00e4 ne eiv\u00e4t heikent\u00e4isi ihmisten ostovoimaa tai talouskasvua.<\/p>\n<p class=\"aw-1gybjub aw-1p7kakr kEtdKx cEmitX yle__article__paragraph\">\u2013 Purran listahan siell\u00e4 on. Elokuussa julkaisin, se on hyvin helposti l\u00f6ydett\u00e4viss\u00e4. Ne olivat suoria s\u00e4\u00e4st\u00f6j\u00e4 kaikki. Se, mihin sitten p\u00e4\u00e4stiin, ei valitettavasti ollut l\u00e4hell\u00e4k\u00e4\u00e4n sit\u00e4, valtiovarainministeri muistuttaa.<\/p>\n<p class=\"aw-1gybjub aw-1p7kakr kEtdKx cEmitX yle__article__paragraph\">Riikka Purra ehdotti <a class=\"aw-iao6s4 iHOxEa yle__article__link\" href=\"https:\/\/yle.fi\/a\/74-20176178\" role=\"link\" rel=\"nofollow noopener\" target=\"_blank\">omassa budjettiehdotuksessaan<\/a> muun muassa Opetushallituksen lakkauttamista, kiinti\u00f6pakolaisten vastaanoton lopettamista, kunnille ja hyvinvointialueille maksettavien pakolaisten kotoutumiskorvausten lakkauttamista ja risteilyalusten palveluhenkil\u00f6st\u00f6n miehist\u00f6tuen lopettamista. Listan leikkauksista suuri osa ei kelvannut hallituskumppaneille.<\/p>\n<p class=\"aw-1gybjub aw-1p7kakr kEtdKx cEmitX yle__article__paragraph\">Torstaina julkistetun <a class=\"aw-iao6s4 iHOxEa yle__article__link\" href=\"https:\/\/yle.fi\/a\/74-20200435\" role=\"link\" rel=\"nofollow noopener\" target=\"_blank\">valtiovarainministeri\u00f6n tuoreen ennusteen<\/a> perusteella n\u00e4ytt\u00e4\u00e4 silt\u00e4, ett\u00e4 hallitus ep\u00e4onnistuu yhdess\u00e4 t\u00e4rke\u00e4ss\u00e4 taloustavoitteessaan, valtion velkasuhteen kasvun taittamisessa suhteessa bruttokansantuotteeseen.<\/p>\n<p class=\"aw-1gybjub aw-1p7kakr kEtdKx cEmitX yle__article__paragraph\">Purra selitt\u00e4\u00e4 ep\u00e4onnistumista huonolla taloussuhdanteella, joka viel\u00e4 syveni, sek\u00e4 sill\u00e4, ettei Suomessa ole juuri talouskasvua. Vientimaista Saksa on ongelmissa. Yhdysvaltain presidentin <strong class=\"aw-ak79eh KyCXm yle__article__strong\">Donald Trumpin<\/strong> tullit pel\u00e4styttiv\u00e4t maailmanmarkkinoita. Ukrainan sota jatkuu.<\/p>\n<p class=\"aw-1gybjub aw-1p7kakr kEtdKx cEmitX yle__article__paragraph\">Hallitus laskee itse sopeuttaneensa taloutta noin kymmenell\u00e4 miljardilla eurolla.<\/p>\n<p class=\"aw-1gybjub aw-1p7kakr kEtdKx cEmitX yle__article__paragraph\">\u2013 Tilanteessa, jossa t\u00e4m\u00e4 ei riit\u00e4, niin en kutsuisi sit\u00e4 kyll\u00e4 ep\u00e4onnistumiseksi.<\/p>\n<p><img decoding=\"async\" alt=\"Riikka Purra mustassa mekossa.\" src=\"https:\/\/www.europesays.com\/fi\/wp-content\/uploads\/2025\/12\/39-1572569694528c9a5ad3.jpeg\" loading=\"lazy\" class=\"aw-1l9m598 hKVVvP\"\/><\/p>\n<p>Avaa kuvien katselu<\/p>\n<p>Riikka Purra my\u00f6nt\u00e4\u00e4, ett\u00e4 hallituksen leikkaukset ovat v\u00e4hent\u00e4neet rahaa sosiaaliturvan saajilta, mutta pit\u00e4\u00e4 ostovoiman kannalta suurimpana ongelmana taannoista suurta inflaatiota. Kuva: Antti Aimo-Koivisto \/ LehtikuvaValtiovarainministeri ymm\u00e4rt\u00e4\u00e4 s\u00e4\u00e4st\u00e4ji\u00e4<\/p>\n<p class=\"aw-1gybjub aw-1p7kakr kEtdKx cEmitX yle__article__paragraph\">Valtiovarainministeri Riikka Purra on tyytyv\u00e4inen, kun vientiyritysten tilauskirjat alkavat t\u00e4ytty\u00e4. Patria teki juuri panssaroiduista miehist\u00f6nkuljetusajoneuvoista <a class=\"aw-iao6s4 iHOxEa yle__article__link\" href=\"https:\/\/yle.fi\/a\/74-20200494\" role=\"link\" rel=\"nofollow noopener\" target=\"_blank\">ison kaupan Saksaan<\/a>.<\/p>\n<p class=\"aw-1gybjub aw-1p7kakr kEtdKx cEmitX yle__article__paragraph\">Tavallisten ihmisten ostoksiin perustuva kulutuskysynt\u00e4 on yh\u00e4 pohjalukemissa ja toisaalta taas s\u00e4\u00e4st\u00e4misinto kovaa.<\/p>\n<p class=\"aw-1gybjub aw-1p7kakr kEtdKx cEmitX yle__article__paragraph\">\u2013 Se on tietenkin inhimillinen reaktio siihen, ett\u00e4 ihmiset saattavat mietti\u00e4, j\u00e4\u00e4v\u00e4tk\u00f6 he ty\u00f6tt\u00f6miksi.<\/p>\n<p class=\"aw-1gybjub aw-1p7kakr kEtdKx cEmitX yle__article__paragraph\">Purra ei halua ottaa kantaa siihen, pit\u00e4isik\u00f6 suomalaisten innostua kuluttamaan enemm\u00e4n, jotta talouskasvu saisi lis\u00e4\u00e4 vauhtia.<\/p>\n<p class=\"aw-1gybjub aw-1p7kakr kEtdKx cEmitX yle__article__paragraph\">\u2013 Min\u00e4 uskon, ett\u00e4 suomalaiset osaavat tehd\u00e4 itse tietenkin omat p\u00e4\u00e4t\u00f6ksens\u00e4. Toivottavasti joulumyynniss\u00e4 on jotakin positiivista.<\/p>\n<p>Vaihtoehto sekin, ett\u00e4 yritt\u00e4jien el\u00e4kej\u00e4rjestelm\u00e4 puretaan<\/p>\n<p class=\"aw-1gybjub aw-1p7kakr kEtdKx cEmitX yle__article__paragraph\">Hallitus miettii <a class=\"aw-iao6s4 iHOxEa yle__article__link\" href=\"https:\/\/yle.fi\/a\/74-20198083\" role=\"link\" rel=\"nofollow noopener\" target=\"_blank\">yritt\u00e4jien el\u00e4kej\u00e4rjestelm\u00e4n uudistamista<\/a> hallituskauden loppupuolella. T\u00e4sm\u00e4toimena on ainakin luvattu pienituloisille ja aloitteleville yritt\u00e4jille mahdollisuus m\u00e4\u00e4ritt\u00e4\u00e4 el\u00e4kemaksunsa todellisten ansaittujen tulojen mukaan.<\/p>\n<p class=\"aw-1gybjub aw-1p7kakr kEtdKx cEmitX yle__article__paragraph\">J\u00e4rjestelm\u00e4 ei t\u00e4ll\u00e4 hetkell\u00e4 kustanna itse\u00e4\u00e4n. Yritt\u00e4jien el\u00e4kkeit\u00e4 tuetaan kaikkien veronmaksajien rahoista valtion budjetin kautta. Ensi vuonna summa on yli puoli miljardia euroa.<\/p>\n<p><img decoding=\"async\" alt=\"-\" src=\"https:\/\/www.europesays.com\/fi\/wp-content\/uploads\/2025\/12\/39-1572621694536ce899cd.jpeg\" loading=\"lazy\" class=\"aw-1l9m598 hKVVvP\"\/><\/p>\n<p>Avaa kuvien katselu<\/p>\n<p>Hallitus neuvottelee yritt\u00e4jien el\u00e4kej\u00e4rjestelm\u00e4n uudistamisesta. Riikka Purran mukaan valintatilanne on vaikea. J\u00e4rjestelm\u00e4 ei t\u00e4ll\u00e4 hetkell\u00e4 kustanna itse\u00e4\u00e4n. Kuva: Mikko Koski \/ Yle<\/p>\n<p class=\"aw-1gybjub aw-1p7kakr kEtdKx cEmitX yle__article__paragraph\">Sosiaaliturvaministeri <strong class=\"aw-ak79eh KyCXm yle__article__strong\">Sanni Grahn-Laasonen<\/strong> (kok.) tyrm\u00e4si jo etuk\u00e4teen kaksi viikkoa sitten julkistetun selvityshenkil\u00f6n raportin yritt\u00e4jien el\u00e4kej\u00e4rjestelm\u00e4n kehitt\u00e4misest\u00e4. Suomen Yritt\u00e4jien mukaan ehdotukset nostaisivat yritt\u00e4jien el\u00e4kemaksuja.<\/p>\n<p class=\"aw-1gybjub aw-1p7kakr kEtdKx cEmitX yle__article__paragraph\">Riikka Purra kuvaa hallituksen valintatilannetta vaikeaksi. Kukaan ei oikein halua korottaa yritt\u00e4jien el\u00e4kemaksuja, toisaalta valtion rahoitusosuuden merkitt\u00e4v\u00e4 nosto ei ole mieluisaa.<\/p>\n<p class=\"aw-1gybjub aw-1p7kakr kEtdKx cEmitX yle__article__paragraph\">Onko oikein, ett\u00e4 puolella miljardilla eurolla veronmaksajien rahaa tuetaan yritt\u00e4jien el\u00e4kkeit\u00e4?<\/p>\n<p class=\"aw-1gybjub aw-1p7kakr kEtdKx cEmitX yle__article__paragraph\">\u2013 Veronmaksajien rahoja t\u00e4ss\u00e4 maassa k\u00e4ytet\u00e4\u00e4n aika paljon muunkinlaisiin tulonsiirtoihin ja el\u00e4kkeisiin, erilaiseen sosiaaliturvaan my\u00f6s ihmisille, jotka perussuomalaisten mielest\u00e4 eiv\u00e4t pit\u00e4isi olla suomalaisten veronmaksajien kustannettavissa.<\/p>\n<p class=\"aw-1gybjub aw-1p7kakr kEtdKx cEmitX yle__article__paragraph\">Riikka Purra kuvaa el\u00e4kepohdintojaan enemm\u00e4n omiksi ja puolueen ajatuksiksi kuin ehdotuksiksi hallituksen neuvotteluihin.<\/p>\n<p class=\"aw-1gybjub aw-1p7kakr kEtdKx cEmitX yle__article__paragraph\">\u2013 Onhan sekin vaihtoehto, ett\u00e4 jollakin pitk\u00e4ll\u00e4 aikav\u00e4lill\u00e4 koko j\u00e4rjestelm\u00e4 puretaan, jolloin yritt\u00e4jill\u00e4 on yritt\u00e4jyyteen kuuluva vapaus sitten itse p\u00e4\u00e4tt\u00e4\u00e4, miten oman el\u00e4keturvansa hoitavat.<\/p>\n<p class=\"aw-1gybjub aw-1p7kakr kEtdKx cEmitX yle__article__paragraph\">Valtiovarainministeri pohtii my\u00f6s sit\u00e4, ett\u00e4 yritt\u00e4jien el\u00e4kej\u00e4rjestelm\u00e4ss\u00e4 ment\u00e4isiin Ruotsin suuntaan, jossa yritt\u00e4j\u00e4el\u00e4kkeet ovat osa yleist\u00e4 el\u00e4kej\u00e4rjestelm\u00e4\u00e4, jossa on my\u00f6s osaksi vapaus itse sijoittaa el\u00e4kerahojaan.<\/p>\n","protected":false},"excerpt":{"rendered":"Valtiovarainministeri Riikka Purra (ps.) on tarvittaessa valmis uusiin leikkauksiin ja muistuttaa aiemmin hyl\u00e4tyist\u00e4 s\u00e4\u00e4st\u00f6ehdotuksistaan. Hallitus on ep\u00e4onnistumassa tavoitteessaan&hellip;\n","protected":false},"author":2,"featured_media":121189,"comment_status":"","ping_status":"","sticky":false,"template":"","format":"standard","meta":{"footnotes":""},"categories":[12],"tags":[22,23,26,27,33,31,30,17,24,25,28,29,15,18,21,637,32,19,20,16],"class_list":{"0":"post-121188","1":"post","2":"type-post","3":"status-publish","4":"format-standard","5":"has-post-thumbnail","7":"category-suomi","8":"tag-breaking-news","9":"tag-breakingnews","10":"tag-featured-news","11":"tag-featurednews","12":"tag-fi","13":"tag-finland","14":"tag-finnish","15":"tag-headlines","16":"tag-latest-news","17":"tag-latestnews","18":"tag-main-news","19":"tag-mainnews","20":"tag-news","21":"tag-otsikot","22":"tag-paauutiset","23":"tag-politiikka","24":"tag-suomi","25":"tag-top-stories","26":"tag-topstories","27":"tag-uutiset"},"share_on_mastodon":{"url":"https:\/\/pubeurope.com\/@fi\/115750200205154979","error":""},"_links":{"self":[{"href":"https:\/\/www.europesays.com\/fi\/wp-json\/wp\/v2\/posts\/121188","targetHints":{"allow":["GET"]}}],"collection":[{"href":"https:\/\/www.europesays.com\/fi\/wp-json\/wp\/v2\/posts"}],"about":[{"href":"https:\/\/www.europesays.com\/fi\/wp-json\/wp\/v2\/types\/post"}],"author":[{"embeddable":true,"href":"https:\/\/www.europesays.com\/fi\/wp-json\/wp\/v2\/users\/2"}],"replies":[{"embeddable":true,"href":"https:\/\/www.europesays.com\/fi\/wp-json\/wp\/v2\/comments?post=121188"}],"version-history":[{"count":0,"href":"https:\/\/www.europesays.com\/fi\/wp-json\/wp\/v2\/posts\/121188\/revisions"}],"wp:featuredmedia":[{"embeddable":true,"href":"https:\/\/www.europesays.com\/fi\/wp-json\/wp\/v2\/media\/121189"}],"wp:attachment":[{"href":"https:\/\/www.europesays.com\/fi\/wp-json\/wp\/v2\/media?parent=121188"}],"wp:term":[{"taxonomy":"category","embeddable":true,"href":"https:\/\/www.europesays.com\/fi\/wp-json\/wp\/v2\/categories?post=121188"},{"taxonomy":"post_tag","embeddable":true,"href":"https:\/\/www.europesays.com\/fi\/wp-json\/wp\/v2\/tags?post=121188"}],"curies":[{"name":"wp","href":"https:\/\/api.w.org\/{rel}","templated":true}]}}