{"id":121194,"date":"2025-12-20T05:36:13","date_gmt":"2025-12-20T05:36:13","guid":{"rendered":"https:\/\/www.europesays.com\/fi\/121194\/"},"modified":"2025-12-20T05:36:13","modified_gmt":"2025-12-20T05:36:13","slug":"suomen-tahti-kertoo-naissa-olosuhteissa-nuoret-leijonat-valmistautuu","status":"publish","type":"post","link":"https:\/\/www.europesays.com\/fi\/121194\/","title":{"rendered":"Suomen t\u00e4hti kertoo \u2013 N\u00e4iss\u00e4 olosuhteissa Nuoret Leijonat valmistautuu"},"content":{"rendered":"<p>Suomen joukkue valmistautuu hyviss\u00e4 olosuhteissa alle 20-vuotiaiden MM-turnaukseen.<\/p>\n<p><img decoding=\"async\" class=\"image image-show image-preview\" src=\"https:\/\/www.europesays.com\/fi\/wp-content\/uploads\/2025\/12\/7fd9eefad963ec2c5761db34132e09b53423bf94a5253b2b77354b2f983a6707.jpg\" alt=\"\"\/><img decoding=\"async\" class=\"image image-show\" src=\"https:\/\/www.europesays.com\/fi\/wp-content\/uploads\/2025\/12\/1766208971_626_7fd9eefad963ec2c5761db34132e09b53423bf94a5253b2b77354b2f983a6707.jpg\" alt=\"\"\/><\/p>\n<p>Petteri Rimpinen valittiin viime vuoden alle 20-vuotiaiden MM-turnauksen parhaaksi maalivahdiksi ja all star -kent\u00e4lliseen. Kiekko-Espoon mies on taas Suomen t\u00e4rkein pelaaja MM-karkeloissa. AOP<\/p>\n<p class=\"paragraph\">Suomen alle 20-vuotiaiden maajoukkue lensi MM-kisoihin valmistavalle leirijaksolle Minnesotaan maanantaina.<\/p>\n<p class=\"paragraph\">Ison porukan matka sujui hyvin.<\/p>\n<p class=\"paragraph\">\u2013 Kaikkea voi sattua, kun ison ryhm\u00e4n ja suuren tavaram\u00e4\u00e4r\u00e4n kanssa liikutaan. P\u00e4\u00e4simme hyvin perille, eik\u00e4 yhdelt\u00e4k\u00e4\u00e4n pelaajalta j\u00e4\u00e4nyt tavaroita matkalle. Parin taustahenkil\u00f6n tavarat j\u00e4iv\u00e4t, mutta ne tuotiin jo parissa tunnissa saapumisen j\u00e4lkeen hotellille.<\/p>\n<p class=\"paragraph\">\u2013 Seitsem\u00e4n pelaajaa tuli paikalle Pohjois-Amerikasta eli sis\u00e4isill\u00e4 lennoilla. Parin pelaajan lennot peruttiin, mutta heille hankittiin nopeasti uudet lennot. Kaikkiaan matka meni hyvin, sanoo joukkueenjohtaja <strong>Markus Lindstr\u00f6m<\/strong>.<\/p>\n<p>Oma linja<\/p>\n<p class=\"paragraph\">Yhdysvaltain maahantulomuodollisuudet voivat joskus olla hankalia.<\/p>\n<p class=\"paragraph\">\u2013 Aika paljon ennakkoinfoa olimme sinne antaneet. Tullimuodollisuuksiin voi menn\u00e4 aikaa. Meille oli j\u00e4rjestetty oma linja maahantuloon, ja kaikki sujui joutuisasti.<\/p>\n<p class=\"paragraph\">Minneapolisin kent\u00e4lt\u00e4 Suomen joukkue k\u00f6r\u00f6tteli bussilla leirikaupunkiin Duluthiin, Minnesotan pohjoisosaan. Siell\u00e4 joukkue treenaa kahdeksan p\u00e4iv\u00e4\u00e4 ja pelaa kaksi harjoitusottelua.<\/p>\n<p>Hyv\u00e4 olosuhteet<\/p>\n<p>Veeti V\u00e4is\u00e4nen taisteli viime vuoden MM-finaalissa Yhdysvaltoja vastaan. AOP<\/p>\n<p class=\"paragraph\">Ehj\u00e4n leirijakson saaminen on t\u00e4rke\u00e4\u00e4 MM-kisoissa menestymisen kannalta.<\/p>\n<p class=\"paragraph\">Suomi aloitti harjoittelun tiistaina, ja Duluthissa olosuhteet ovat, <a href=\"https:\/\/www.iltalehti.fi\/henkilot\/Timo Jutila\" class=\"article-link-person-page\" rel=\"nofollow noopener\" target=\"_blank\">Timo Jutilaa<\/a> lainaten, tiptop.<\/p>\n<p class=\"paragraph\">\u2013 Hotellilta on 10 minuutin k\u00e4velymatka hallille. Se on iso asia, ett\u00e4 koko porukka voi liikkua paikasta toiseen ilman isompia ponnistuksia. Hotelli on ihan hyv\u00e4, ei t\u00e4ss\u00e4 ole moitteen sijaa, Lindstr\u00f6m sanoo.<\/p>\n<p>Halli kelpaa<\/p>\n<p class=\"paragraph\">Suomi harjoittelee Amsoil-monitoimiareenalla. Se avattiin vuonna 2010, ja kiekkopeleihin yleis\u00f6kapasiteetti on 6\u00a0700 katsojaa.<\/p>\n<p class=\"paragraph\">Samassa paikassa MM-kuntoaan hiovat my\u00f6s Saksa ja Yhdysvallat.<\/p>\n<p class=\"paragraph\">Suomen t\u00e4htimaalivahti <a href=\"https:\/\/www.iltalehti.fi\/henkilot\/Petteri Rimpinen\" class=\"article-link-person-page\" rel=\"nofollow noopener\" target=\"_blank\">Petteri Rimpinen<\/a> kehuu Duluthin olosuhteita.<\/p>\n<p class=\"paragraph\">\u2013 Halli t\u00e4\u00e4ll\u00e4 on ihan mielet\u00f6n. Iso halli t\u00e4m\u00e4 on. J\u00e4\u00e4 on todella hyv\u00e4, ja treenipeleihin on kuulemma tulossa hyvin porukkaa. Kaikki on hyvin, pakkastakaan ei ole viel\u00e4 liikaa ollut, Rimpinen kertoo.<\/p>\n<p>Joulu Minneapolisissa<\/p>\n<p>Lauri Mikkola on Suomen p\u00e4\u00e4valmentaja Minnesotassa pelattavassa MM-turnauksessa. AOP<\/p>\n<p class=\"paragraph\">Nuoret Leijonat siirtyv\u00e4t MM-turnauksen alkusarjakaupunkiin Minneapolisiin jouluaaton aattona my\u00f6h\u00e4\u00e4n illalla Yhdysvallat-harjoituspelin j\u00e4lkeen.<\/p>\n<p class=\"paragraph\">Suureen tuntemattomaan joukkue ei siirry.<\/p>\n<p class=\"paragraph\">\u2013 Elokuun Summer showcase -harjoitusturnaus pelattiin samassa hallissa, 3M-areenassa, jossa MM-turnauksen alkusarja nyt pelataan. Hotellikin on sama. Tied\u00e4mme siis hallin, kopit ja hotellin. T\u00e4m\u00e4 on hyv\u00e4 asia, Lindstr\u00f6m sanoo.<\/p>\n<p class=\"paragraph\">Suomi avaa turnauksensa tapaninp\u00e4iv\u00e4n\u00e4 kello 22.30 Tanskaa vastaan.<\/p>\n<p><a href=\"https:\/\/www.iltalehti.fi\/telkku\/?utm_source=iltalehti.fi&amp;utm_medium=almainternal&amp;utm_campaign=urheilu_artikkelibanneri&amp;utm_content=banner_612_a\" rel=\"nofollow noopener\" target=\"_blank\"><img decoding=\"async\" src=\"https:\/\/www.europesays.com\/fi\/wp-content\/uploads\/2025\/08\/7ef604e47d46ca174b7df4149bd3557dbde56a86d520f8e1b2125548b0a2e03a.png\" alt=\"TV-ohjelmat t\u00e4n\u00e4\u00e4n, TV-opas\"\/><\/a><\/p>\n","protected":false},"excerpt":{"rendered":"Suomen joukkue valmistautuu hyviss\u00e4 olosuhteissa alle 20-vuotiaiden MM-turnaukseen. Petteri Rimpinen valittiin viime vuoden alle 20-vuotiaiden MM-turnauksen parhaaksi maalivahdiksi&hellip;\n","protected":false},"author":2,"featured_media":121195,"comment_status":"","ping_status":"","sticky":false,"template":"","format":"standard","meta":{"footnotes":""},"categories":[158],"tags":[35,1144,1274,33,31,30,1143,41,159,32,1145,160],"class_list":{"0":"post-121194","1":"post","2":"type-post","3":"status-publish","4":"format-standard","5":"has-post-thumbnail","7":"category-urheilu","8":"tag-24h","9":"tag-ammattilaisjaakiekko","10":"tag-ammattiurheilu","11":"tag-fi","12":"tag-finland","13":"tag-finnish","14":"tag-jaakiekko","15":"tag-liikunta-ja-urheilu","16":"tag-sports","17":"tag-suomi","18":"tag-talviurheilu","19":"tag-urheilu"},"share_on_mastodon":{"url":"https:\/\/pubeurope.com\/@fi\/115750278873216670","error":""},"_links":{"self":[{"href":"https:\/\/www.europesays.com\/fi\/wp-json\/wp\/v2\/posts\/121194","targetHints":{"allow":["GET"]}}],"collection":[{"href":"https:\/\/www.europesays.com\/fi\/wp-json\/wp\/v2\/posts"}],"about":[{"href":"https:\/\/www.europesays.com\/fi\/wp-json\/wp\/v2\/types\/post"}],"author":[{"embeddable":true,"href":"https:\/\/www.europesays.com\/fi\/wp-json\/wp\/v2\/users\/2"}],"replies":[{"embeddable":true,"href":"https:\/\/www.europesays.com\/fi\/wp-json\/wp\/v2\/comments?post=121194"}],"version-history":[{"count":0,"href":"https:\/\/www.europesays.com\/fi\/wp-json\/wp\/v2\/posts\/121194\/revisions"}],"wp:featuredmedia":[{"embeddable":true,"href":"https:\/\/www.europesays.com\/fi\/wp-json\/wp\/v2\/media\/121195"}],"wp:attachment":[{"href":"https:\/\/www.europesays.com\/fi\/wp-json\/wp\/v2\/media?parent=121194"}],"wp:term":[{"taxonomy":"category","embeddable":true,"href":"https:\/\/www.europesays.com\/fi\/wp-json\/wp\/v2\/categories?post=121194"},{"taxonomy":"post_tag","embeddable":true,"href":"https:\/\/www.europesays.com\/fi\/wp-json\/wp\/v2\/tags?post=121194"}],"curies":[{"name":"wp","href":"https:\/\/api.w.org\/{rel}","templated":true}]}}