{"id":121196,"date":"2025-12-20T05:37:09","date_gmt":"2025-12-20T05:37:09","guid":{"rendered":"https:\/\/www.europesays.com\/fi\/121196\/"},"modified":"2025-12-20T05:37:09","modified_gmt":"2025-12-20T05:37:09","slug":"amazing-race-suomi-armi-toivanen-tiuskii-taksikuskille-ja-parilleen","status":"publish","type":"post","link":"https:\/\/www.europesays.com\/fi\/121196\/","title":{"rendered":"Amazing Race Suomi: Armi Toivanen tiuskii taksikuskille ja parilleen"},"content":{"rendered":"<p>\n            Armi Toivanen tiuskii Amazing Racen kuutosjaksossa useita kertoja parilleen Sari Majamaalle.<br \/>\n            Sanoma\n        <\/p>\n<p class=\"subtitle \">Tunnelma kiristyy selv\u00e4sti sarjan kuudennessa jaksossa.<\/p>\n<p class=\"article-content article-content-width !bg-background\">Amazing Race Suomi -kilpailussa mukana oleva  ajautuu lauantaina 20.12. Nelosella n\u00e4ht\u00e4v\u00e4ss\u00e4 jaksossa \u00e4rhentelem\u00e4\u00e4n sek\u00e4 taksinkuljettajalle ett\u00e4 parilleen .<\/p>\n<p class=\"font-weight-bold m-font-weight-bold article-content article-content-width !bg-background\">Video: Armi ja Sari kertovat yst\u00e4vyydest\u00e4\u00e4n.<\/p>\n<p class=\"article-content article-content-width !bg-background\">Armi turhautuu jo ennen kuutosjakson ensimm\u00e4ist\u00e4 teht\u00e4v\u00e4\u00e4, kun oikeaa toria ei heti l\u00f6ydy. \u00c4\u00e4ni nousee, ja Armi p\u00e4r\u00e4yttelee taksissa \u00e4rr\u00e4p\u00e4it\u00e4.<\/p>\n<p class=\"article-content article-content-width !bg-background\">\u2013\u00a0T\u00e4h\u00e4n ei olis nyt aikaa, Armi manaa.<\/p>\n<p class=\"article-content article-content-width !bg-background\">\u2013\u00a0Voitko pys\u00e4ytt\u00e4\u00e4 hetkeksi, me menemme tarkistamaan, Armi tiuskaisee taksikuskille.<\/p>\n<p class=\"article-content article-content-width !bg-background\">Lopulta Armi hypp\u00e4\u00e4 ulos taksista keskell\u00e4 liikennett\u00e4. Kun taksikuski yritt\u00e4\u00e4 \u00e4\u00e4nitorvien soidessa siirty\u00e4 tukkimasta liikennett\u00e4, saa Armi raivokohtauksen.<\/p>\n<p class=\"article-content article-content-width !bg-background\">\u2013\u00a0Stop, stop, stop, stop! Mit\u00e4 v***ua! Mene nyt huutaa sille, ett\u00e4 pys\u00e4htyy, Armi ohjeistaa Saria.<\/p>\n<p>        <a itemprop=\"url\" href=\"https:\/\/www.seiska.fi\/katso\/amazing-racen-tuotannolta-suora-ulostulo-erikoisesta-kaanteesta\/2022279\" rel=\"nofollow noopener\" target=\"_blank\"><\/p>\n<p>\nAmazing Race Suomen tuotanto:\n<\/p>\n<p class=\"section-date\">\n        <strong class=\"article-section\" data-section=\"katso\"><br \/>\n            katso<br \/>\n        <\/strong><br \/>\n        16.12. 06:15\n    <\/p>\n<p>Amazing Racen tuotannolta suora ulostulo erikoisesta k\u00e4\u00e4nteest\u00e4\n    <\/p>\n<p itemprop=\"description\" class=\"subtitle \">\n    Amazing Race Suomen viimeisimm\u00e4ss\u00e4 jaksossa n\u00e4htiin yll\u00e4tt\u00e4v\u00e4 k\u00e4\u00e4nne, kun etapin p\u00e4\u00e4tepisteelle viimeisen\u00e4 saapuneet Mari Hynynen ja Joel Volanen eiv\u00e4t pudonneetkaan kisasta. Matkansa joutuivat p\u00e4\u00e4tt\u00e4m\u00e4\u00e4n Nina Tapio ja Elsa Forsberg.\n<\/p>\n<p>        <\/a><\/p>\n<p>P\u00e4\u00e4n py\u00f6rittely \u00e4rsytt\u00e4\u00e4<\/p>\n<p class=\"article-content article-content-width !bg-background\">Teht\u00e4v\u00e4n j\u00e4lkeen tunnelma taksissa vaikuttaa j\u00e4nnitteiselt\u00e4. Armi vaatii vastahakoista taksikuskia k\u00e4ytt\u00e4m\u00e4\u00e4n navigaattoria seuraavaan kohteeseen matkattaessa.<\/p>\n<p class=\"article-content article-content-width !bg-background\">\u2013\u00a0\u00c4l\u00e4 py\u00f6rittele p\u00e4\u00e4t\u00e4si minulle. Mit\u00e4 tuo p\u00e4\u00e4npy\u00f6rittely oli? Armi tiukkaa kuskilta.<\/p>\n<p class=\"article-content article-content-width !bg-background\">\u2013\u00a0Tied\u00e4n paikan kyll\u00e4, taksikuski vakuuttaa.<\/p>\n<p class=\"article-content article-content-width !bg-background\">\u2013\u00a0Suomalaiselle tuo (p\u00e4\u00e4n heiluttelu) tarkoittaa, ett\u00e4 en ole varma, mutta kokeillaan, Armi selitt\u00e4\u00e4.<\/p>\n<p>                <img decoding=\"async\" src=\"https:\/\/www.europesays.com\/fi\/wp-content\/uploads\/2025\/12\/2024719.webp\" width=\"576\" height=\"274\" title=\"Armi Toivanen ja Sari Majamaa n\u00e4ytt\u00e4v\u00e4t olevan yst\u00e4vi\u00e4 viel\u00e4 jakson lopussakin.\" alt=\"Armi Toivanen ja Sari Majamaa rannalla k\u00e4det toistensa ymp\u00e4rill\u00e4.\" loading=\"lazy\" \/>            <\/p>\n<p>\n            Armi Toivanen ja Sari Majamaa n\u00e4ytt\u00e4v\u00e4t olevan yst\u00e4vi\u00e4 viel\u00e4 jakson lopussakin.<br \/>\n            Sanoma\n        <\/p>\n<p>Tiuskiminen johtaa anteeksipyynt\u00f6\u00f6n<\/p>\n<p class=\"article-content article-content-width !bg-background\">Toraaminen navigaattorin k\u00e4ytt\u00e4misest\u00e4 jatkuu my\u00f6hemminkin.<\/p>\n<p class=\"article-content article-content-width !bg-background\">\u2013\u00a0Voitko laittaa sen osoitteen navigaattoriin? Armi sanoo tiukasti.<\/p>\n<p class=\"article-content article-content-width !bg-background\">\u2013\u00a0En min\u00e4 rupea. Joko sin\u00e4 tied\u00e4t, miss\u00e4 se on, tai sin\u00e4 et tied\u00e4, miss\u00e4 se on. Jos et tied\u00e4, pist\u00e4 se naviin. T\u00e4n\u00e4\u00e4n ei olla niin, ett\u00e4 v\u00e4h\u00e4n muistellaan ja h\u00e4vett\u00e4\u00e4 laittaa naviin.<\/p>\n<p>        <a itemprop=\"url\" href=\"https:\/\/www.seiska.fi\/katso\/mari-hynysen-kuvottava-tilanne-soi-omaa-oksennustaan\/2024540\" rel=\"nofollow noopener\" target=\"_blank\"><\/p>\n<p>\nMari Hynynen\n<\/p>\n<p class=\"section-date\">\n        <strong class=\"article-section\" data-section=\"katso\"><br \/>\n            katso<br \/>\n        <\/strong><br \/>\n        19.12. 07:15\n    <\/p>\n<p>Mari Hynysen kuvottava tilanne: S\u00f6i omaa oksennustaan\n    <\/p>\n<p itemprop=\"description\" class=\"subtitle \">\n    Yksi kilpailija sy\u00f6 jopa omaa oksennustaan Amazing Racen piinallisessa teht\u00e4v\u00e4ss\u00e4.\n<\/p>\n<p>        <\/a><\/p>\n<p class=\"article-content article-content-width !bg-background\">Armi jatkaa kuljettajan tiukkasanaista ohjeistusta kunnes seurue on perill\u00e4. Viel\u00e4 seuraavana teht\u00e4v\u00e4pisteen\u00e4 toimivan museon l\u00e4hell\u00e4k\u00e4\u00e4n Armi ei usko, ett\u00e4 kuljettaja on osannut ajaa oikeaan paikkaan.<\/p>\n<p class=\"article-content article-content-width !bg-background\">\u2013\u00a0T\u00e4m\u00e4 paikka ei n\u00e4yt\u00e4 silt\u00e4, ett\u00e4 t\u00e4\u00e4ll\u00e4 olisi museo.<\/p>\n<p class=\"article-content article-content-width !bg-background\">\u2013\u00a0Minun suoruuteni ja kovuuteni tulevat siit\u00e4, ett\u00e4 olen tottunut p\u00e4rj\u00e4\u00e4m\u00e4\u00e4n tosi paljon yksin, Armi selitt\u00e4\u00e4 k\u00e4yt\u00f6st\u00e4\u00e4n, kun taksikuski on ajanut juuri oikeaan paikkaan ep\u00e4ilyksist\u00e4 huolimatta.<\/p>\n<p class=\"article-content article-content-width !bg-background\">\u2013\u00a0Anteeksi, ett\u00e4 huusin sinulle. Ollaan taas yst\u00e4vi\u00e4, Armi sanoo kuljettajalle.<\/p>\n<p class=\"article-content article-content-width !bg-background\">My\u00f6s Sari saa lopulta kuulla Armin jonkinasteiset pahoittelut.<\/p>\n<p class=\"article-content article-content-width !bg-background\">\u2013 Olin v***umainen aamulla. Tied\u00e4n sen, mutta sin\u00e4 et maindaa siit\u00e4.<\/p>\n<p class=\"article-content article-content-width !bg-background\">Amazing Race Suomi -kisan kuudes jakso Nelosella lauantaina 20.12. kello 19.30. Jakso on etuk\u00e4teen katsottavissa maksullisessa Ruutu+:ssa. Ilmaiseksi jakso on katsottavissa Ruudussa 20.12. kello 6.00 alkaen.<\/p>\n<p>        <a itemprop=\"url\" href=\"https:\/\/www.seiska.fi\/katso\/amazing-race-kilpailijoilta-paljastuksia-kulissien-takaa-paljonpuhuva-kuva\/2022519\" rel=\"nofollow noopener\" target=\"_blank\"><\/p>\n<p>\nT\u00e4t\u00e4 et n\u00e4hnyt tv:ss\u00e4!\n<\/p>\n<p class=\"section-date\">\n        <strong class=\"article-section\" data-section=\"katso\"><br \/>\n            katso<br \/>\n        <\/strong><br \/>\n        17.12. 11:15\n    <\/p>\n<p>Amazing Race -kilpailijoilta paljastuksia kulissien takaa: Paljonpuhuva kuva\n    <\/p>\n<p itemprop=\"description\" class=\"subtitle \">\n    Tuomas Peltom\u00e4ki tunnustaa p\u00e4\u00e4hinevarkauden ja Karoliina Tuominen poseeraa toplessina.\n<\/p>\n<p>        <\/a><\/p>\n","protected":false},"excerpt":{"rendered":"Armi Toivanen tiuskii Amazing Racen kuutosjaksossa useita kertoja parilleen Sari Majamaalle. Sanoma Tunnelma kiristyy selv\u00e4sti sarjan kuudennessa jaksossa.&hellip;\n","protected":false},"author":2,"featured_media":121197,"comment_status":"","ping_status":"","sticky":false,"template":"","format":"standard","meta":{"footnotes":""},"categories":[130],"tags":[3177,16074,137,33,31,30,4818,1758,2158,16083,32,15995,109],"class_list":{"0":"post-121196","1":"post","2":"type-post","3":"status-publish","4":"format-standard","5":"has-post-thumbnail","7":"category-viihde","8":"tag-amazing-race-suomi","9":"tag-armi-toivanen","10":"tag-entertainment","11":"tag-fi","12":"tag-finland","13":"tag-finnish","14":"tag-kiroilu","15":"tag-nelonen","16":"tag-ruutu","17":"tag-sari-majamaa","18":"tag-suomi","19":"tag-taksikuski","20":"tag-viihde"},"share_on_mastodon":{"url":"https:\/\/pubeurope.com\/@fi\/115750282508710652","error":""},"_links":{"self":[{"href":"https:\/\/www.europesays.com\/fi\/wp-json\/wp\/v2\/posts\/121196","targetHints":{"allow":["GET"]}}],"collection":[{"href":"https:\/\/www.europesays.com\/fi\/wp-json\/wp\/v2\/posts"}],"about":[{"href":"https:\/\/www.europesays.com\/fi\/wp-json\/wp\/v2\/types\/post"}],"author":[{"embeddable":true,"href":"https:\/\/www.europesays.com\/fi\/wp-json\/wp\/v2\/users\/2"}],"replies":[{"embeddable":true,"href":"https:\/\/www.europesays.com\/fi\/wp-json\/wp\/v2\/comments?post=121196"}],"version-history":[{"count":0,"href":"https:\/\/www.europesays.com\/fi\/wp-json\/wp\/v2\/posts\/121196\/revisions"}],"wp:featuredmedia":[{"embeddable":true,"href":"https:\/\/www.europesays.com\/fi\/wp-json\/wp\/v2\/media\/121197"}],"wp:attachment":[{"href":"https:\/\/www.europesays.com\/fi\/wp-json\/wp\/v2\/media?parent=121196"}],"wp:term":[{"taxonomy":"category","embeddable":true,"href":"https:\/\/www.europesays.com\/fi\/wp-json\/wp\/v2\/categories?post=121196"},{"taxonomy":"post_tag","embeddable":true,"href":"https:\/\/www.europesays.com\/fi\/wp-json\/wp\/v2\/tags?post=121196"}],"curies":[{"name":"wp","href":"https:\/\/api.w.org\/{rel}","templated":true}]}}