{"id":121198,"date":"2025-12-20T05:40:36","date_gmt":"2025-12-20T05:40:36","guid":{"rendered":"https:\/\/www.europesays.com\/fi\/121198\/"},"modified":"2025-12-20T05:40:36","modified_gmt":"2025-12-20T05:40:36","slug":"tiktok-teki-diilin-toimintansa-turvaamiseksi-usassa","status":"publish","type":"post","link":"https:\/\/www.europesays.com\/fi\/121198\/","title":{"rendered":"Tiktok teki diilin toimintansa turvaamiseksi USA:ssa"},"content":{"rendered":"<p><strong class=\"typography-bold\">Yhdysvalloissa uhan alla ollut Tiktok n\u00e4ytt\u00e4\u00e4 p\u00e4\u00e4sseen p\u00e4lk\u00e4h\u00e4st\u00e4.<\/strong><\/p>\n<p>Videopalvelu Tiktok on allekirjoittanut yhteisty\u00f6sopimuksen, jonka on m\u00e4\u00e4r\u00e4 turvata palvelun toiminta Yhdysvalloissa.<\/p>\n<p>Tiktokin toimitusjohtaja <strong class=\"typography-bold\">Shou Chew<\/strong> kertoo asiasta ty\u00f6ntekij\u00f6ille sis\u00e4isess\u00e4 muistiossa, josta uutisoivat yhdysvaltalaismediat <a class=\"underline\" data-testid=\"external-link\" href=\"https:\/\/www.bloomberg.com\/news\/articles\/2025-12-18\/tiktok-says-it-signed-agreements-to-create-new-us-joint-venture?srnd=homepage-europe\" rel=\"noopener noreferrer nofollow\" data-sentry-component=\"ExternalLink\" data-sentry-source-file=\"ExternalLink.tsx\" target=\"_blank\">Bloomberg<\/a> ja <a class=\"underline\" data-testid=\"external-link\" href=\"https:\/\/www.axios.com\/2025\/12\/18\/tiktok-sale\" rel=\"noopener noreferrer nofollow\" data-sentry-component=\"ExternalLink\" data-sentry-source-file=\"ExternalLink.tsx\" target=\"_blank\">Axios<\/a>.<\/p>\n<p><img alt=\"AOP tiktok shou chew\" data-testid=\"crops-image\" class=\"h-full w-full object-cover transition duration-700 ease-in-out hover:scale-[1.05]\" fetchpriority=\"low\" loading=\"lazy\" width=\"1024\" height=\"576\" decoding=\"async\" style=\"color:transparent;background-size:cover;background-position:50% 50%;background-repeat:no-repeat;background-image:url(&quot;data:image\/svg+xml;base64,Cjxzdmcgd2lkdGg9IjEwMjQiIGhlaWdodD0iNTc2IiB2ZXJzaW9uPSIxLjEiIHhtbG5zPSJodHRwOi8vd3d3LnczLm9yZy8yMDAwL3N2ZyIgeG1sbnM6eGxpbms9Imh0dHA6Ly93d3cudzMub3JnLzE5OTkveGxpbmsiPgogIDxkZWZzPgogICAgPGxpbmVhckdyYWRpZW50IGlkPSJnIj4KICAgICAgPHN0b3Agc3RvcC1jb2xvcj0iIzBCMTgyMyIgb2Zmc2V0PSIyMCUiIC8+CiAgICAgIDxzdG9wIHN0b3AtY29sb3I9IiMxQTI3MzIiIG9mZnNldD0iNTAlIiAvPgogICAgICA8c3RvcCBzdG9wLWNvbG9yPSIjMEIxODIzIiBvZmZzZXQ9IjcwJSIgLz4KICAgIDwvbGluZWFyR3JhZGllbnQ+CiAgPC9kZWZzPgogIDxyZWN0IHdpZHRoPSIxMDI0IiBoZWlnaHQ9IjU3NiIgZmlsbD0iIzBCMTgyMyIgLz4KICA8cmVjdCBpZD0iciIgd2lkdGg9IjEwMjQiIGhlaWdodD0iNTc2IiBmaWxsPSJ1cmwoI2cpIiAvPgogIDxhbmltYXRlIHhsaW5rOmhyZWY9IiNyIiBhdHRyaWJ1dGVOYW1lPSJ4IiBmcm9tPSItMTAyNCIgdG89IjEwMjQiIGR1cj0iMXMiIHJlcGVhdENvdW50PSJpbmRlZmluaXRlIiAgLz4KPC9zdmc+&quot;)\" src=\"https:\/\/www.europesays.com\/fi\/wp-content\/uploads\/2025\/12\/1766209236_124_image\"\/>Tiktokin toimitusjohtaja Shou Chew presidentti Donald Trumpin virkaanastujaisissa 20. tammikuuta 2025.<\/p>\n<p>Muistion mukaan Tiktok ja sen kiinalainen omistaja ByteDance ovat hyv\u00e4ksyneet uuden yksik\u00f6n, jonka p\u00e4\u00e4sijoittajia ovat Oracle, Silver Lake ja Arabiemiraateissa perustettu teknologiarahasto MGX.<\/p>\n<p>Oraclen perustaja ja hallituksen puheenjohtaja<strong class=\"typography-bold\"> <\/strong><strong class=\"typography-bold\">Larry Ellison<\/strong> on Yhdysvaltain presidentti <strong class=\"typography-bold\">Donald Trumpin<\/strong><strong class=\"typography-bold\"> <\/strong>pitk\u00e4aikainen liittolainen.<\/p>\n<p>Tiktokin toimitusjohtajan mukaan kolmannes nyt sovitusta hankkeesta tulee olemaan ByteDancen nykyisten sijoittajien omistuksessa ja l\u00e4hes 20 prosenttia j\u00e4\u00e4 ByteDancen omistukseen.<\/p>\n<p><strong class=\"typography-bold\">Tiktok-kieltoa lyk\u00e4tty useita kertoja<\/strong><\/p>\n<p>Tiktokin jatko on ollut Yhdysvalloissa uhattuna sen j\u00e4lkeen, kun kongressi s\u00e4\u00e4ti viime vuonna lyhytvideopalvelun kielt\u00e4v\u00e4n lain.<\/p>\n<p>Kieltoa oli perusteltu kansallisella turvallisuudella. P\u00e4\u00e4tt\u00e4ji\u00e4 oli huolestuttanut muun muassa se, ett\u00e4 Tiktok ker\u00e4\u00e4 k\u00e4ytt\u00e4jist\u00e4\u00e4n runsaasti dataa, jota voitaisiin mahdollisesti k\u00e4ytt\u00e4\u00e4 Kiinan valtion vakoiluoperaatioissa.<\/p>\n<p><strong class=\"typography-bold\">Lue my\u00f6s: <\/strong><a class=\"cursor-pointer underline\" data-testid=\"internal-link\" role=\"link\" data-sentry-element=\"Link\" data-sentry-component=\"InternalLink\" data-sentry-source-file=\"InternalLink.tsx\" href=\"https:\/\/www.mtvuutiset.fi\/artikkeli\/microsoft-on-soluttautunut-kaikkialle-salla-jyrahtaa-julkinen-sektori-heti-ulos\/9268732\" rel=\"nofollow noopener\" target=\"_blank\"><strong class=\"typography-bold\">Microsoft on soluttautunut kaikkialle \u2013 Salla jyr\u00e4ht\u00e4\u00e4: Julkinen sektori heti ulos<\/strong><\/a><\/p>\n<p>Kiellosta p\u00e4\u00e4tettiin presidentti <strong class=\"typography-bold\">Joe Bidenin<\/strong> kaudella, ja sen oli m\u00e4\u00e4r\u00e4 astua voimaan kuluvan vuoden tammikuussa. Trump on kuitenkin pident\u00e4nyt useaan otteeseen m\u00e4\u00e4r\u00e4aikaa uuden j\u00e4rjestelyn mahdollistamiseksi.<\/p>\n<p>Yhdysvaltalaismedioiden uutisoima sopimus vahvistaa pitk\u00e4lti Valkoisen talon syyskuussa antaman ilmoituksen, jonka mukaan Kiinan kanssa oli p\u00e4\u00e4sty sopuun uudesta hankkeesta, joka t\u00e4ytt\u00e4isi vuoden 2024 lain vaatimukset.<\/p>\n<p>Tiktokin toimitusjohtaja sanoo muistiossa, ett\u00e4 sopimuksessa sovitulla uudella yksik\u00f6ll\u00e4 on kaupan toteutuessa Yhdysvalloissa vastuu muun muassa palvelun tietosuojasta, algoritmien turvallisuudesta sek\u00e4 sis\u00e4ll\u00f6n moderoinnista.<\/p>\n<p><strong class=\"typography-bold\">Lue my\u00f6s: <\/strong><a class=\"cursor-pointer underline\" data-testid=\"internal-link\" role=\"link\" data-sentry-element=\"Link\" data-sentry-component=\"InternalLink\" data-sentry-source-file=\"InternalLink.tsx\" href=\"https:\/\/www.mtvuutiset.fi\/artikkeli\/nyt-se-tapahtui-tiktok-pimeni-yhdysvalloissa\/9084778\" rel=\"nofollow noopener\" target=\"_blank\"><strong class=\"typography-bold\">Nyt se tapahtui: TikTok keskeytt\u00e4nyt palvelunsa Yhdysvalloissa<\/strong><\/a><\/p>\n","protected":false},"excerpt":{"rendered":"Yhdysvalloissa uhan alla ollut Tiktok n\u00e4ytt\u00e4\u00e4 p\u00e4\u00e4sseen p\u00e4lk\u00e4h\u00e4st\u00e4. Videopalvelu Tiktok on allekirjoittanut yhteisty\u00f6sopimuksen, jonka on m\u00e4\u00e4r\u00e4 turvata palvelun&hellip;\n","protected":false},"author":2,"featured_media":121199,"comment_status":"","ping_status":"","sticky":false,"template":"","format":"standard","meta":{"footnotes":""},"categories":[76],"tags":[79,77,33,31,30,32,78],"class_list":{"0":"post-121198","1":"post","2":"type-post","3":"status-publish","4":"format-standard","5":"has-post-thumbnail","7":"category-talous","8":"tag-business","9":"tag-economy","10":"tag-fi","11":"tag-finland","12":"tag-finnish","13":"tag-suomi","14":"tag-talous"},"share_on_mastodon":{"url":"https:\/\/pubeurope.com\/@fi\/115750294547632228","error":""},"_links":{"self":[{"href":"https:\/\/www.europesays.com\/fi\/wp-json\/wp\/v2\/posts\/121198","targetHints":{"allow":["GET"]}}],"collection":[{"href":"https:\/\/www.europesays.com\/fi\/wp-json\/wp\/v2\/posts"}],"about":[{"href":"https:\/\/www.europesays.com\/fi\/wp-json\/wp\/v2\/types\/post"}],"author":[{"embeddable":true,"href":"https:\/\/www.europesays.com\/fi\/wp-json\/wp\/v2\/users\/2"}],"replies":[{"embeddable":true,"href":"https:\/\/www.europesays.com\/fi\/wp-json\/wp\/v2\/comments?post=121198"}],"version-history":[{"count":0,"href":"https:\/\/www.europesays.com\/fi\/wp-json\/wp\/v2\/posts\/121198\/revisions"}],"wp:featuredmedia":[{"embeddable":true,"href":"https:\/\/www.europesays.com\/fi\/wp-json\/wp\/v2\/media\/121199"}],"wp:attachment":[{"href":"https:\/\/www.europesays.com\/fi\/wp-json\/wp\/v2\/media?parent=121198"}],"wp:term":[{"taxonomy":"category","embeddable":true,"href":"https:\/\/www.europesays.com\/fi\/wp-json\/wp\/v2\/categories?post=121198"},{"taxonomy":"post_tag","embeddable":true,"href":"https:\/\/www.europesays.com\/fi\/wp-json\/wp\/v2\/tags?post=121198"}],"curies":[{"name":"wp","href":"https:\/\/api.w.org\/{rel}","templated":true}]}}