{"id":121200,"date":"2025-12-20T05:41:08","date_gmt":"2025-12-20T05:41:08","guid":{"rendered":"https:\/\/www.europesays.com\/fi\/121200\/"},"modified":"2025-12-20T05:41:08","modified_gmt":"2025-12-20T05:41:08","slug":"ukraina-keskustelut-miamissa-jatkuvat-venajan-ja-usan-edustajien-tarkoitus-tavata","status":"publish","type":"post","link":"https:\/\/www.europesays.com\/fi\/121200\/","title":{"rendered":"Ukraina-keskustelut Miamissa jatkuvat, Ven\u00e4j\u00e4n ja USA:n edustajien tarkoitus tavata"},"content":{"rendered":"<p>T\u00e4m\u00e4 tiedet\u00e4\u00e4n|Eri maiden edustajien on tarkoitus neuvotella Ukrainan sodan lopettamisesta lauantaina Miamissa.<\/p>\n<p class=\"article-body mb-nof-24 px-nof-16\">Yhdysvaltain Miamissa on lauantaina tarkoitus neuvotella Ukrainan sodan lopettamisesta. Ukrainan, Yhdysvaltojen ja Euroopan edustajat tapasivat Miamissa jo perjantaina, kertoo Reuters.<\/p>\n<p class=\"article-body mb-nof-24 px-nof-16\">\u201dSovimme yhdysvaltalaisten kumppaneidemme kanssa tulevista askeleista ja siit\u00e4, ett\u00e4 jatkamme yhteisty\u00f6t\u00e4 l\u00e4hitulevaisuudessa, Ukrainan neuvottelija <a class=\"article-personlink\" href=\"https:\/\/www.hs.fi\/haku\/?query=Rustem%20Umerov\" rel=\"nofollow noopener\" target=\"_blank\">Rustem Umerov<\/a> sanoi Telegramissa.<\/p>\n<p class=\"article-body mb-nof-24 px-nof-16\">Yhdysvalloista Miamin neuvotteluissa ovat mukana presidentti <a class=\"article-personlink\" href=\"https:\/\/www.hs.fi\/haku\/?query=Donald%20Trumpin\" rel=\"nofollow noopener\" target=\"_blank\">Donald Trumpin<\/a> erityisl\u00e4hettil\u00e4s <a class=\"article-personlink\" href=\"https:\/\/www.hs.fi\/haku\/?query=%20Steve%20Witkoff\" rel=\"nofollow noopener\" target=\"_blank\"> Steve Witkoff<\/a> ja Trumpin v\u00e4vy <a class=\"article-personlink\" href=\"https:\/\/www.hs.fi\/haku\/?query=Jared%20Kusher.\" rel=\"nofollow noopener\" target=\"_blank\">Jared Kusher.<\/a> My\u00f6s ulkoministeri <a class=\"article-personlink\" href=\"https:\/\/www.hs.fi\/haku\/?query=Marco%20Rubio\" rel=\"nofollow noopener\" target=\"_blank\">Marco Rubio<\/a> saattaa osallistua osaan keskusteluista lauantaina.<\/p>\n<p class=\"article-body mb-nof-24 px-nof-16\">Yhdysvaltalaisen Axios-uutissivuston toimittajan <a class=\"article-personlink\" href=\"https:\/\/www.hs.fi\/haku\/?query=Barak%20Ravidin\" rel=\"nofollow noopener\" target=\"_blank\">Barak Ravidin<\/a> <a class=\"article-genericlink\" href=\"https:\/\/x.com\/BarakRavid\/status\/2002019268360073255\" rel=\"nofollow\">l\u00e4hteiden mukaan <\/a>Miamin neuvotteluihin osallistuvat Euroopasta Saksan, Ranskan ja Britannian kansallisen turvallisuuden neuvonantajat.<\/p>\n<p class=\"article-body mb-nof-24 px-nof-16\">Reutersille puhuneen l\u00e4hteen mukaan Miamiin matkustaa my\u00f6s <a class=\"article-personlink\" href=\"https:\/\/www.hs.fi\/haku\/?query=Vladimir%20Putinin\" rel=\"nofollow noopener\" target=\"_blank\">Vladimir Putinin<\/a> erityisl\u00e4hettil\u00e4s <a class=\"article-personlink\" href=\"https:\/\/www.hs.fi\/haku\/?query=Kirill%20Dmitriev\" rel=\"nofollow noopener\" target=\"_blank\">Kirill Dmitriev<\/a>. H\u00e4nen on tarkoitus tavata Yhdysvaltain edustajia, mutta tapaamista Ukrainan kanssa ei ole suunnitteilla.<\/p>\n<p class=\"article-body mb-nof-24 px-nof-16\">Keskustelut Miamissa ovat jatkoa Berliiniss\u00e4 aiemmin t\u00e4ll\u00e4 viikolla k\u00e4ydyille neuvotteluille, jossa Yhdysvallat, Eurooppa ja Ukraina ty\u00f6stiv\u00e4t rauhaa. Keskusteluissa saatiin tasavallan presidentti <a class=\"article-personlink\" href=\"https:\/\/www.hs.fi\/haku\/?query=Alexander%20Stubbin\" rel=\"nofollow noopener\" target=\"_blank\">Alexander Stubbin<\/a> mukaan jonkinlainen yhteinen linja Ukrainan, Euroopan ja Yhdysvaltain v\u00e4lill\u00e4 ja ett\u00e4 Yhdysvallat sitoutui Ukrainan turvatakuisiin.<\/p>\n<p class=\"article-body mb-nof-24 px-nof-16\">Keskustelujen j\u00e4lkeen joukko Euroopan johtajia julkaisi <a class=\"article-genericlink\" href=\"https:\/\/www.presidentti.fi\/statement-by-chancellor-merz-prime-minister-frederiksen-president-stubb-president-macron-prime-minister-meloni-prime-minister-schoof-prime-minister-store-prime-minister-tusk-prime-minister-kri\/\" rel=\"nofollow noopener\" target=\"_blank\">yhteisen lausunnon<\/a>, jossa lueteltiin toimia, joihin heid\u00e4n edustamansa maat sitoutuvat, mik\u00e4li sota saadaan p\u00e4\u00e4t\u00f6kseen. Lausunnon mukaan eurooppalaiset johtajat ovat esimerkiksi valmiita perustamaan \u201dmonikansalliset joukot Ukrainalle\u201d.<\/p>\n<p class=\"article-body mb-nof-24 px-nof-16\">Ven\u00e4j\u00e4 ei ole edelleenk\u00e4\u00e4n ilmoittanut halukkuutta tehd\u00e4 mit\u00e4\u00e4n my\u00f6nnytyksi\u00e4 omista vaatimuksistaan. Alueluovutukset ovat Ukrainalle edelleen kipe\u00e4 kysymys.<\/p>\n<p class=\"article-body mb-nof-24 px-nof-16\">Torstaina EU-maat p\u00e4\u00e4ttiv\u00e4t huippukokouksessaan ottaa Ukrainan tukemiseksi 90 miljardia euroa yhteisvelkaa.<\/p>\n<p class=\"article-body mb-nof-24 px-nof-16\">Ukrainan ohella Miamissa on tarkoitus keskustella Gazan tulitauon seuraavan vaiheen yksityiskohtia.<\/p>\n","protected":false},"excerpt":{"rendered":"T\u00e4m\u00e4 tiedet\u00e4\u00e4n|Eri maiden edustajien on tarkoitus neuvotella Ukrainan sodan lopettamisesta lauantaina Miamissa. Yhdysvaltain Miamissa on lauantaina tarkoitus neuvotella&hellip;\n","protected":false},"author":2,"featured_media":96697,"comment_status":"","ping_status":"","sticky":false,"template":"","format":"standard","meta":{"footnotes":""},"categories":[14],"tags":[22,23,26,27,33,31,30,17,46,24,25,28,29,15,18,21,32,19,20,56,16,59,60,61],"class_list":{"0":"post-121200","1":"post","2":"type-post","3":"status-publish","4":"format-standard","5":"has-post-thumbnail","7":"category-ulkomaat","8":"tag-breaking-news","9":"tag-breakingnews","10":"tag-featured-news","11":"tag-featurednews","12":"tag-fi","13":"tag-finland","14":"tag-finnish","15":"tag-headlines","16":"tag-helsingin-sanomat","17":"tag-latest-news","18":"tag-latestnews","19":"tag-main-news","20":"tag-mainnews","21":"tag-news","22":"tag-otsikot","23":"tag-paauutiset","24":"tag-suomi","25":"tag-top-stories","26":"tag-topstories","27":"tag-ulkomaat","28":"tag-uutiset","29":"tag-world","30":"tag-world-news","31":"tag-worldnews"},"share_on_mastodon":{"url":"https:\/\/pubeurope.com\/@fi\/115750298315240293","error":""},"_links":{"self":[{"href":"https:\/\/www.europesays.com\/fi\/wp-json\/wp\/v2\/posts\/121200","targetHints":{"allow":["GET"]}}],"collection":[{"href":"https:\/\/www.europesays.com\/fi\/wp-json\/wp\/v2\/posts"}],"about":[{"href":"https:\/\/www.europesays.com\/fi\/wp-json\/wp\/v2\/types\/post"}],"author":[{"embeddable":true,"href":"https:\/\/www.europesays.com\/fi\/wp-json\/wp\/v2\/users\/2"}],"replies":[{"embeddable":true,"href":"https:\/\/www.europesays.com\/fi\/wp-json\/wp\/v2\/comments?post=121200"}],"version-history":[{"count":0,"href":"https:\/\/www.europesays.com\/fi\/wp-json\/wp\/v2\/posts\/121200\/revisions"}],"wp:featuredmedia":[{"embeddable":true,"href":"https:\/\/www.europesays.com\/fi\/wp-json\/wp\/v2\/media\/96697"}],"wp:attachment":[{"href":"https:\/\/www.europesays.com\/fi\/wp-json\/wp\/v2\/media?parent=121200"}],"wp:term":[{"taxonomy":"category","embeddable":true,"href":"https:\/\/www.europesays.com\/fi\/wp-json\/wp\/v2\/categories?post=121200"},{"taxonomy":"post_tag","embeddable":true,"href":"https:\/\/www.europesays.com\/fi\/wp-json\/wp\/v2\/tags?post=121200"}],"curies":[{"name":"wp","href":"https:\/\/api.w.org\/{rel}","templated":true}]}}