{"id":121205,"date":"2025-12-20T05:55:08","date_gmt":"2025-12-20T05:55:08","guid":{"rendered":"https:\/\/www.europesays.com\/fi\/121205\/"},"modified":"2025-12-20T05:55:08","modified_gmt":"2025-12-20T05:55:08","slug":"danny-palasi-espanjaan-helmi-haarasi-mukana-kuva","status":"publish","type":"post","link":"https:\/\/www.europesays.com\/fi\/121205\/","title":{"rendered":"Danny palasi Espanjaan, Helmi h\u00e4\u00e4r\u00e4si mukana &#8211; kuva!"},"content":{"rendered":"<p>            JUHAMATTI NIEMINEN\n        <\/p>\n<p class=\"subtitle \">Lentoemo tiedusteli kaksikolta uteliaana matkan tarkoitusta.<\/p>\n<p class=\"article-content article-content-width !bg-background\">Musiikkineuvos  eli , 83, on k\u00e4ynyt j\u00e4lleen vet\u00e4m\u00e4ss\u00e4 keikkaa Kanarialla.<\/p>\n<p class=\"article-content article-content-width !bg-background\">Seiskan lukija bongasi laulajalegendan matkalla Las Palmasiin viikon vaihteessa. H\u00e4n kertoi t\u00f6rm\u00e4nneens\u00e4 Dannyyn ja h\u00e4nen seuraneitiins\u00e4 , 24, lentokoneessa.<\/p>\n<p class=\"article-content article-content-width !bg-background\">\u2013 Lento l\u00e4hti aikaisin aamulla liikkeelle, mink\u00e4 vuoksi Danny vaikutti aika v\u00e4syneelt\u00e4. Helmi oli ihan pirtsakkana, vaikka taisi aikainen aamu vied\u00e4 h\u00e4nelt\u00e4kin voimia, Seiskalle kuiskitaan.<\/p>\n<p>        <a itemprop=\"url\" href=\"https:\/\/www.seiska.fi\/vain-seiskassa\/matkavasymys-yllatti-danny-ja-helmi-loukasmaki-nuupahtaneina-lentokentalla-video\/2000147\" rel=\"nofollow noopener\" target=\"_blank\"><\/p>\n<p>\nVideo &amp; kuvat!\n<\/p>\n<p class=\"section-date\">\n        <strong class=\"article-section\" data-section=\"vain seiskassa\"><br \/>\n            vain seiskassa<br \/>\n        <\/strong><br \/>\n        1.12. 06:00\n    <\/p>\n<p>Matkav\u00e4symys yll\u00e4tti! Danny ja Helmi Loukasm\u00e4ki nuupahtaneina lentokent\u00e4ll\u00e4 \u2013 video\n    <\/p>\n<p itemprop=\"description\" class=\"subtitle \">\n    Danny ja Helmi palasivat j\u00e4lleen kotimaan kamaralle vietetty\u00e4\u00e4n syksy\u00e4 enemm\u00e4n tai v\u00e4hemm\u00e4n Espanjan auringon alla.\n<\/p>\n<p>        <\/a><\/p>\n<p>Py\u00f6r\u00e4tuolia ei n\u00e4kynyt<\/p>\n<p class=\"article-content article-content-width !bg-background\">Kun lentokone oli viimein laskeutunut Kanarialle, Danny vet\u00e4ytyi odottamaan Helmi\u00e4 aseman penkille. Helmi oli silminn\u00e4kij\u00e4n mukaan l\u00e4htenyt puolestaan noutamaan kaksikon matkatavaroita.\u00a0<\/p>\n<p class=\"article-content article-content-width !bg-background\">\u2013 Joku mies tuli jututtamaan Dannya kent\u00e4ll\u00e4, ja koneessa lentoem\u00e4nt\u00e4 kyseli, onko laulajalla luvassa keikkoja.\u00a0<\/p>\n<p class=\"article-content article-content-width !bg-background\">Danny esiintyi Las Palmasin Iskelm\u00e4-baarissa maanantaina 15.12. Toinen keikka espanjalaisen auringon alla oli torstaina 18.12.<\/p>\n<p class=\"article-content article-content-width !bg-background\">Edellisen kerran Danny astui lavalle samaisessa ravintolassa marraskuussa. My\u00f6s tuolloin Helmi oli laulajan mukana avustamassa esiintyj\u00e4\u00e4 k\u00e4yt\u00e4nn\u00f6n asioiden hoidossa.<\/p>\n<p class=\"article-content article-content-width !bg-background\">Danny on kulkenut aina toisinaan py\u00f6r\u00e4tuoliavusteisesti, mutta t\u00e4ll\u00e4 kertaa py\u00f6r\u00e4tuolia ei n\u00e4kynyt. My\u00f6s viime reissulla Danny asteli omin jaloin Las Palmasin katuja Helmi vierell\u00e4\u00e4n.<\/p>\n<p>        <a itemprop=\"url\" href=\"https:\/\/www.seiska.fi\/vain-seiskassa\/salakuvat-kanarialta-danny-ja-helmi-loukasmaki-viihtyivat-kaksistaan-yksi-asia-kiinnitti-huomion\/2004275\" rel=\"nofollow noopener\" target=\"_blank\"><\/p>\n<p>\nSalakuvat Kanarialta!\n<\/p>\n<p class=\"section-date\">\n        <strong class=\"article-section\" data-section=\"vain seiskassa\"><br \/>\n            vain seiskassa<br \/>\n        <\/strong><br \/>\n        27.11. 05:00\n    <\/p>\n<p>Salakuvat Kanarialta! Danny ja Helmi Loukasm\u00e4ki viihtyiv\u00e4t kaksistaan \u2013 yksi asia kiinnitti huomion\n    <\/p>\n<p itemprop=\"description\" class=\"subtitle \">\n    Danny ja Helmi pitiv\u00e4t matkallaan h\u00e4mment\u00e4v\u00e4n matalaa profiilia.\n<\/p>\n<p>        <\/a><\/p>\n<p>                <img decoding=\"async\" src=\"https:\/\/www.europesays.com\/fi\/wp-content\/uploads\/2025\/12\/2025998.webp\" width=\"576\" height=\"389\" title=\"Danny istui odottamaan Helmi\u00e4 lentokent\u00e4n penkille.\" alt=\"Danny istui odottamaan Helmi\u00e4 lentokent\u00e4n penkille.\" loading=\"lazy\" \/>            <\/p>\n<p>\n            Danny istui odottamaan Helmi\u00e4 lentokent\u00e4n penkille.<br \/>\n            Lukijan kuva\n        <\/p>\n","protected":false},"excerpt":{"rendered":"JUHAMATTI NIEMINEN Lentoemo tiedusteli kaksikolta uteliaana matkan tarkoitusta. Musiikkineuvos eli , 83, on k\u00e4ynyt j\u00e4lleen vet\u00e4m\u00e4ss\u00e4 keikkaa Kanarialla.&hellip;\n","protected":false},"author":2,"featured_media":121206,"comment_status":"","ping_status":"","sticky":false,"template":"","format":"standard","meta":{"footnotes":""},"categories":[136],"tags":[407,8967,137,33,31,30,9178,11419,408,17851,19312,1478,32,109],"class_list":{"0":"post-121205","1":"post","2":"type-post","3":"status-publish","4":"format-standard","5":"has-post-thumbnail","7":"category-julkkikset","8":"tag-celebrities","9":"tag-danny","10":"tag-entertainment","11":"tag-fi","12":"tag-finland","13":"tag-finnish","14":"tag-helmi-loukasmaki","15":"tag-ilkka-lipsanen","16":"tag-julkkikset","17":"tag-kanaria","18":"tag-las-palmas","19":"tag-matkailu","20":"tag-suomi","21":"tag-viihde"},"share_on_mastodon":{"url":"https:\/\/pubeurope.com\/@fi\/115750353328763734","error":""},"_links":{"self":[{"href":"https:\/\/www.europesays.com\/fi\/wp-json\/wp\/v2\/posts\/121205","targetHints":{"allow":["GET"]}}],"collection":[{"href":"https:\/\/www.europesays.com\/fi\/wp-json\/wp\/v2\/posts"}],"about":[{"href":"https:\/\/www.europesays.com\/fi\/wp-json\/wp\/v2\/types\/post"}],"author":[{"embeddable":true,"href":"https:\/\/www.europesays.com\/fi\/wp-json\/wp\/v2\/users\/2"}],"replies":[{"embeddable":true,"href":"https:\/\/www.europesays.com\/fi\/wp-json\/wp\/v2\/comments?post=121205"}],"version-history":[{"count":0,"href":"https:\/\/www.europesays.com\/fi\/wp-json\/wp\/v2\/posts\/121205\/revisions"}],"wp:featuredmedia":[{"embeddable":true,"href":"https:\/\/www.europesays.com\/fi\/wp-json\/wp\/v2\/media\/121206"}],"wp:attachment":[{"href":"https:\/\/www.europesays.com\/fi\/wp-json\/wp\/v2\/media?parent=121205"}],"wp:term":[{"taxonomy":"category","embeddable":true,"href":"https:\/\/www.europesays.com\/fi\/wp-json\/wp\/v2\/categories?post=121205"},{"taxonomy":"post_tag","embeddable":true,"href":"https:\/\/www.europesays.com\/fi\/wp-json\/wp\/v2\/tags?post=121205"}],"curies":[{"name":"wp","href":"https:\/\/api.w.org\/{rel}","templated":true}]}}