{"id":121212,"date":"2025-12-20T06:07:08","date_gmt":"2025-12-20T06:07:08","guid":{"rendered":"https:\/\/www.europesays.com\/fi\/121212\/"},"modified":"2025-12-20T06:07:08","modified_gmt":"2025-12-20T06:07:08","slug":"usan-oikeusministerio-julkaisi-osan-epstein-materiaalista-trump-vain-muutamissa-asiakirjoissa-myos-muita-merkkihenkiloita-mukana","status":"publish","type":"post","link":"https:\/\/www.europesays.com\/fi\/121212\/","title":{"rendered":"USA:n oikeusministeri\u00f6 julkaisi osan Epstein-materiaalista \u2013 Trump vain muutamissa asiakirjoissa, my\u00f6s muita merkkihenkil\u00f6it\u00e4 mukana"},"content":{"rendered":"<p>Perjantaina julkaistujen asiakirjojen joukossa on muun muassa kuvia Bill Clintonista, Mick Jaggerista ja Michael Jacksonista.<\/p>\n<p class=\"article-body mb-nof-24 px-nof-16\">Yhdysvaltain oikeusministeri\u00f6 on alkanut julkaista seksuaalirikoksista tuomittuun <a class=\"article-personlink\" href=\"https:\/\/www.satakunnankansa.fi\/haku\/?query=Jeffrey%20Epsteiniin\" rel=\"nofollow noopener\" target=\"_blank\">Jeffrey Epsteiniin<\/a> liittyv\u00e4\u00e4 materiaalia, kertovat useat yhdysvaltalaismediat ja uutistoimisto AFP.<\/p>\n<p class=\"article-body mb-nof-24 px-nof-16\">Oikeusministeri\u00f6 julkaisi verkkosivuillaan <a class=\"article-genericlink\" href=\"https:\/\/www.justice.gov\/epstein\" rel=\"nofollow noopener\" target=\"_blank\">tietokannan<\/a>, josta edesmenneeseen Epsteiniin liittyvi\u00e4 materiaaleja voi hakea.<\/p>\n<p class=\"article-body mb-nof-24 px-nof-16\">Asiakirjojen odotetaan valaisevan Epsteinin yhteyksi\u00e4 merkkihenkil\u00f6ihin kuten yritysjohtajiin, poliittisiin toimijoihin sek\u00e4 muihin julkisuuden henkil\u00f6ihin.<\/p>\n<p class=\"article-body mb-nof-24 px-nof-16\">Perjantaina julkaistujen asiakirjojen joukossa on muun muassa kuvia entisest\u00e4 demokraattipresidentist\u00e4 <a class=\"article-personlink\" href=\"https:\/\/www.satakunnankansa.fi\/haku\/?query=Bill%20Clintonista\" rel=\"nofollow noopener\" target=\"_blank\">Bill Clintonista<\/a>, rockt\u00e4hti <a class=\"article-personlink\" href=\"https:\/\/www.satakunnankansa.fi\/haku\/?query=Mick%20Jaggerista\" rel=\"nofollow noopener\" target=\"_blank\">Mick Jaggerista<\/a> sek\u00e4 edesmenneest\u00e4 popt\u00e4hti <a class=\"article-personlink\" href=\"https:\/\/www.satakunnankansa.fi\/haku\/?query=Michael%20Jacksonista\" rel=\"nofollow noopener\" target=\"_blank\">Michael Jacksonista<\/a>.<\/p>\n<p class=\"article-body mb-nof-24 px-nof-16\">Epsteinill\u00e4 oli aikoinaan l\u00e4heiset v\u00e4lit my\u00f6s Yhdysvaltain nykyiseen presidenttiin <a class=\"article-personlink\" href=\"https:\/\/www.satakunnankansa.fi\/haku\/?query=Donald%20Trumpiin\" rel=\"nofollow noopener\" target=\"_blank\">Donald Trumpiin<\/a>.<\/p>\n<p class=\"article-body mb-nof-24 px-nof-16\">Yhdysvaltalaislehti New York Timesin <a class=\"article-genericlink\" href=\"https:\/\/www.nytimes.com\/live\/2025\/12\/19\/us\/epstein-files-release\/67038a87-2257-50ee-86f0-89fc13281c0c?smid=url-share\" rel=\"nofollow noopener\" target=\"_blank\">mukaan<\/a> Trump on tullut julkaistuissa asiakirjoissa vastaan vain muutamia kertoja. Trumpin nimi l\u00f6ytyy muun muassa asiakirjojen joukossa olleesta osoitekirjasta, mutta on ep\u00e4selv\u00e4\u00e4, kenelle se on kuulunut.<\/p>\n<p>Salattu laajoja osia<\/p>\n<p class=\"article-body mb-nof-24 px-nof-16\">Asiakirjoja julkaistiin perjantaina satojatuhansia. New York Timesin <a class=\"article-genericlink\" href=\"https:\/\/www.nytimes.com\/live\/2025\/12\/19\/us\/epstein-files-release\/80d7ab0b-3843-5593-a4de-90d0ca429e57?smid=url-share\" rel=\"nofollow noopener\" target=\"_blank\">mukaan<\/a> ensimm\u00e4isell\u00e4 materiaalien katsauksella vaikuttaa silt\u00e4, ett\u00e4 niist\u00e4 on salattu laajoja osia.<\/p>\n<p class=\"article-body mb-nof-24 px-nof-16\">Asiakirjojen joukossa on muun muassa lista Epsteinin alaisuudessa toimineista yli 250 hierojasta, mutta listan kaikki nimet on mustattu mahdollisten uhrien suojelemiseksi.<\/p>\n<p class=\"article-body mb-nof-24 px-nof-16\">Kongressi hyv\u00e4ksyi viime kuussa <a class=\"article-genericlink\" href=\"https:\/\/www.congress.gov\/bill\/119th-congress\/house-bill\/4405\/text\" rel=\"nofollow noopener\" target=\"_blank\">lain<\/a>, jonka mukaan hallinnon oli julkaistava Epstein-materiaali t\u00e4m\u00e4n viikon perjantaihin menness\u00e4. Oikeusministeri\u00f6 ei kuitenkaan julkaissut kaikkia Epstein-asiakirjoja perjantaina.<\/p>\n<p class=\"article-body mb-nof-24 px-nof-16\">Varaoikeusministeri <a class=\"article-personlink\" href=\"https:\/\/www.satakunnankansa.fi\/haku\/?query=Todd%20Blanche\" rel=\"nofollow noopener\" target=\"_blank\">Todd Blanche<\/a> sanoi <a class=\"article-genericlink\" href=\"https:\/\/www.foxnews.com\/video\/6386705034112\" rel=\"nofollow noopener\" target=\"_blank\">Fox Newsin<\/a> haastattelussa perjantaina, ett\u00e4 lis\u00e4\u00e4 materiaalia aiotaan julkaista viel\u00e4 parin l\u00e4hiviikon aikana. Blanche perusteli asiakirjojen julkaisemisen lykk\u00e4yst\u00e4 uhrien suojelemisella.<\/p>\n<p class=\"article-body mb-nof-24 px-nof-16\">Laissa on m\u00e4\u00e4ritelty viisi kategoriaa, joiden perusteella materiaalia voi j\u00e4tt\u00e4\u00e4 julkaisematta. Niit\u00e4 ovat esimerkiksi uhreihin liittyv\u00e4 tunnistettava tieto sek\u00e4 lapsen seksuaalista hyv\u00e4ksik\u00e4ytt\u00f6\u00e4 kuvaava materiaali.<\/p>\n<p>Schumer vaatii perusteluja salaamiselle<\/p>\n<p class=\"article-body mb-nof-24 px-nof-16\">Yhdysvaltain senaatin demokraattijohtaja <a class=\"article-personlink\" href=\"https:\/\/www.satakunnankansa.fi\/haku\/?query=Chuck%20Schumer\" rel=\"nofollow noopener\" target=\"_blank\">Chuck Schumer<\/a><a class=\"article-genericlink\" href=\"https:\/\/www.democrats.senate.gov\/newsroom\/press-releases\/leader-schumer-statement-on-the-trump-administration-illegally-refusing-to-release-complete-epstein-files\" rel=\"nofollow noopener\" target=\"_blank\">kritisoi<\/a> aiemmin perjantaina Trumpin hallintoa siit\u00e4, ettei kaikkia asiakirjoja julkaistakaan m\u00e4\u00e4r\u00e4aikaan menness\u00e4 ja syytti toimintaa laittomaksi. Schumer <a class=\"article-genericlink\" href=\"https:\/\/www.democrats.senate.gov\/newsroom\/press-releases\/leader-schumer-statement-on-the-trump-administration-releasing-a-fraction-of-the-epstein-files\" rel=\"nofollow noopener\" target=\"_blank\">kritisoi<\/a> asiakirjojen julkistamisen j\u00e4lkeen my\u00f6s sit\u00e4, ett\u00e4 niit\u00e4 on laajoilta osin salattu.<\/p>\n<p class=\"article-body mb-nof-24 px-nof-16\">\u201dJulkaisemalla valtava m\u00e4\u00e4r\u00e4 mustattuja asiakirjoja rikotaan l\u00e4pin\u00e4kyvyyden henke\u00e4 ja lain kirjainta\u201d, Schumer kirjoitti lausunnossaan.<\/p>\n<p class=\"article-body mb-nof-24 px-nof-16\">H\u00e4n nosti esimerkkin\u00e4 esille perjantaina julkaistun 119-sivuisen asiakirjan, joka oli mustattu kokonaan.<\/p>\n<p class=\"article-body mb-nof-24 px-nof-16\">\u201dTarvitsemme vastauksia, miksi n\u00e4in on tehty\u201d, Schumer kirjoitti.<\/p>\n<p>Clintonin edustajalta syyt\u00f6ksi\u00e4<\/p>\n<p class=\"article-body mb-nof-24 px-nof-16\">Bill Clintonin edustaja <a class=\"article-personlink\" href=\"https:\/\/www.satakunnankansa.fi\/haku\/?query=Angel%20Urena\" rel=\"nofollow noopener\" target=\"_blank\">Angel Urena<\/a> syytti Trumpin hallinnon pyrkineen luomaan ex-presidentist\u00e4 syntipukkia. Urena kirjoitti <a class=\"article-genericlink\" href=\"https:\/\/x.com\/angelurena\/status\/2002159039183269993?s=20\" rel=\"nofollow\">X-viestipalvelussa<\/a> julkaisemassaan lausunnossa, ettei Valkoinen talo lyk\u00e4nnyt Epstein-asiakirjojen julkaisua kuukausikaupalla suojellakseen Clintonia.<\/p>\n<p class=\"article-body mb-nof-24 px-nof-16\">Perjantain julkaisun j\u00e4lkeen Valkoisen talon edustajat nostivat sosiaalisessa mediassa esille juuri Clintonin. Muun muassa Valkoisen talon tiedottaja <a class=\"article-personlink\" href=\"https:\/\/www.satakunnankansa.fi\/haku\/?query=Karoline%20Leavitt\" rel=\"nofollow noopener\" target=\"_blank\">Karoline Leavitt<\/a> sek\u00e4 viestint\u00e4johtaja <a class=\"article-personlink\" href=\"https:\/\/www.satakunnankansa.fi\/haku\/?query=Steven%20Cheung\" rel=\"nofollow noopener\" target=\"_blank\">Steven Cheung<\/a> julkaisivat X-viestipalvelussa viestej\u00e4, joissa kauhisteltiin Clintonista <a class=\"article-genericlink\" href=\"https:\/\/x.com\/PressSec\/status\/2002134916470022213?s=20\" rel=\"nofollow\">julkaistuja<\/a> <a class=\"article-genericlink\" href=\"https:\/\/x.com\/StevenCheung47\/status\/2002135433933959178?s=20\" rel=\"nofollow\">kuvia<\/a>.<\/p>\n<p class=\"article-body mb-nof-24 px-nof-16\">Trump ei ole kommentoinut Epstein-asiakirjojen julkaisua. Republikaanipresidentti puhui paikallista aikaa perjantai-iltana Pohjois-Carolinassa, muttei maininnut Epstein-materiaalien julkaisua puheessaan.<\/p>\n","protected":false},"excerpt":{"rendered":"Perjantaina julkaistujen asiakirjojen joukossa on muun muassa kuvia Bill Clintonista, Mick Jaggerista ja Michael Jacksonista. Yhdysvaltain oikeusministeri\u00f6 on&hellip;\n","protected":false},"author":2,"featured_media":121213,"comment_status":"","ping_status":"","sticky":false,"template":"","format":"standard","meta":{"footnotes":""},"categories":[14],"tags":[22,23,26,27,33,31,30,17,24,25,28,29,15,18,21,80,32,19,20,56,16,59,60,61],"class_list":{"0":"post-121212","1":"post","2":"type-post","3":"status-publish","4":"format-standard","5":"has-post-thumbnail","7":"category-ulkomaat","8":"tag-breaking-news","9":"tag-breakingnews","10":"tag-featured-news","11":"tag-featurednews","12":"tag-fi","13":"tag-finland","14":"tag-finnish","15":"tag-headlines","16":"tag-latest-news","17":"tag-latestnews","18":"tag-main-news","19":"tag-mainnews","20":"tag-news","21":"tag-otsikot","22":"tag-paauutiset","23":"tag-satakunnan-kansa","24":"tag-suomi","25":"tag-top-stories","26":"tag-topstories","27":"tag-ulkomaat","28":"tag-uutiset","29":"tag-world","30":"tag-world-news","31":"tag-worldnews"},"share_on_mastodon":{"url":"https:\/\/pubeurope.com\/@fi\/115750400591253904","error":""},"_links":{"self":[{"href":"https:\/\/www.europesays.com\/fi\/wp-json\/wp\/v2\/posts\/121212","targetHints":{"allow":["GET"]}}],"collection":[{"href":"https:\/\/www.europesays.com\/fi\/wp-json\/wp\/v2\/posts"}],"about":[{"href":"https:\/\/www.europesays.com\/fi\/wp-json\/wp\/v2\/types\/post"}],"author":[{"embeddable":true,"href":"https:\/\/www.europesays.com\/fi\/wp-json\/wp\/v2\/users\/2"}],"replies":[{"embeddable":true,"href":"https:\/\/www.europesays.com\/fi\/wp-json\/wp\/v2\/comments?post=121212"}],"version-history":[{"count":0,"href":"https:\/\/www.europesays.com\/fi\/wp-json\/wp\/v2\/posts\/121212\/revisions"}],"wp:featuredmedia":[{"embeddable":true,"href":"https:\/\/www.europesays.com\/fi\/wp-json\/wp\/v2\/media\/121213"}],"wp:attachment":[{"href":"https:\/\/www.europesays.com\/fi\/wp-json\/wp\/v2\/media?parent=121212"}],"wp:term":[{"taxonomy":"category","embeddable":true,"href":"https:\/\/www.europesays.com\/fi\/wp-json\/wp\/v2\/categories?post=121212"},{"taxonomy":"post_tag","embeddable":true,"href":"https:\/\/www.europesays.com\/fi\/wp-json\/wp\/v2\/tags?post=121212"}],"curies":[{"name":"wp","href":"https:\/\/api.w.org\/{rel}","templated":true}]}}