{"id":121224,"date":"2025-12-20T06:29:51","date_gmt":"2025-12-20T06:29:51","guid":{"rendered":"https:\/\/www.europesays.com\/fi\/121224\/"},"modified":"2025-12-20T06:29:51","modified_gmt":"2025-12-20T06:29:51","slug":"lasse-paasikko-yllattaa-elakelaisena-teki-levyn-82-vuotiaan-ystavansa-kanssa","status":"publish","type":"post","link":"https:\/\/www.europesays.com\/fi\/121224\/","title":{"rendered":"Lasse Paasikko yll\u00e4tt\u00e4\u00e4 el\u00e4kel\u00e4isen\u00e4 \u2013 teki levyn 82-vuotiaan yst\u00e4v\u00e4ns\u00e4 kanssa"},"content":{"rendered":"<p class=\"has-drop-cap\">Harmonikkataiteilija <strong>Lasse Paasikko<\/strong>, 66, j\u00e4i el\u00e4kkeelle <a href=\"https:\/\/www.tanssiin.fi\/tag\/finlanders\/\" title=\"finlanders\" rel=\"nofollow noopener\" target=\"_blank\">Finlanders<\/a>-orkesterista juhannuksena 2023.<\/p>\n<p>Tanssiin.fi kertoi tuolloin suosikkiorkesterin alkuper\u00e4isj\u00e4senen tuntemuksista.<\/p>\n<p>\u201dSain tehd\u00e4 t\u00f6it\u00e4 kolmenkymmenen yhdeks\u00e4n (39) vuoden ajan. Ja\u00a0<strong><a href=\"https:\/\/www.tanssiin.fi\/tag\/aarne-hartelin\/\" title=\"aarne hartelin\" rel=\"nofollow noopener\" target=\"_blank\">Aarnen<\/a><\/strong>\u00a0kanssa samassa riviss\u00e4 yli 40 vuotta. Ei huono\u201d, Lasse kertoi viitaten toiseen Finlanders-legendaan, <strong>Aarne Harteliniin<\/strong>.<\/p>\n<p>\u201dNyt on tullut aika j\u00e4\u00e4d\u00e4 el\u00e4kkeelle ja antaa nuorempien jatkaa.\u201d<\/p>\n<p><strong>Lue my\u00f6s:<\/strong> <a href=\"https:\/\/www.tanssiin.fi\/elakoityva-lasse-paasikko-yllatettiin-tanssijat-kaappasivat-parketille-katso-video\/\" title=\"El\u00e4k\u00f6ityv\u00e4 Lasse Paasikko yll\u00e4tettiin: tanssijat kaappasivat parketille \u2013 katso video\" rel=\"nofollow noopener\" target=\"_blank\">El\u00e4k\u00f6ityv\u00e4 Lasse Paasikko yll\u00e4tettiin: tanssijat kaappasivat parketille \u2013 katso video<\/a><\/p>\n<p>Lasse ei kuitenkaan ole hyl\u00e4nnyt musiikkia el\u00e4kel\u00e4isen\u00e4k\u00e4\u00e4n, onhan se luonnollinen osa h\u00e4nen el\u00e4m\u00e4\u00e4ns\u00e4. H\u00e4n esiintyy yh\u00e4 silloin t\u00e4ll\u00f6in vierailevana muusikkona keikoilla.<\/p>\n<p>Nyt <a href=\"https:\/\/www.tanssiin.fi\/tag\/lasse-paasikko\/\" title=\"lasse paasikko\" rel=\"nofollow noopener\" target=\"_blank\">Lasse<\/a> yll\u00e4tt\u00e4\u00e4, sill\u00e4 h\u00e4n on palannut levytyshommiin ja julkaisi yst\u00e4v\u00e4ns\u00e4, sastamalalaisen laulajan <strong>Mauno Lampim\u00e4en<\/strong>, 82, kanssa El\u00e4m\u00e4ni on lauluni -nimisen albumin.<\/p>\n<p><strong>Kuuntele<\/strong> Lasse Paasikko &amp; Mauno Lampim\u00e4ki El\u00e4m\u00e4ni on lauluni 2025:<\/p>\n<p>Lasse ja Mauno ovat hyvi\u00e4 yst\u00e4vi\u00e4<\/p>\n<p>Lasse ja Mauno kertovat Alueviesti-paikallislehdess\u00e4, ett\u00e4 ovat tehneet jo pitk\u00e4\u00e4n musikaalista yhteisty\u00f6t\u00e4.<\/p>\n<p>\u201dOlemme keikkailleet yhdess\u00e4kin eri kokoonpanoissa. Hyv\u00e4 yst\u00e4vyytemme on s\u00e4ilynyt halki vuosien. Levyn biisit ovat Maunolle rakkaita, ja mielest\u00e4ni levy on h\u00e4nen n\u00e4k\u00f6isens\u00e4\u201d, Lasse sanoo.<\/p>\n<p>\u201dT\u00e4m\u00e4n levyn teko alkoi itse asiassa jo vuonna 2017, siit\u00e4 tuli pitk\u00e4 prosessi. Siihen vaikuttivat monet seikat \u2013 oli muun muassa korona-aikaa ja sairastelua, joiden takia levynteko viiv\u00e4styi. Nyt se on kuitenkin valmis.\u201d<\/p>\n<p>Lasse ja Mauno keikkailivat 1970-luvun lopulla yhdess\u00e4. H\u00e4n julkaisi somessa kuvan tuolloisesta orkesterikokoonpanosta, johon kuuluivat Lassen ja Maunon lis\u00e4ksi <strong>Ilpo Ruuskanen<\/strong>, <strong>Olli Hakanen<\/strong> ja <strong>Hannu L\u00e4hteenm\u00e4ki<\/strong>.<\/p>\n<p>\u201d1970-luvun loppuvuosina musisoi ahkerasti Etel\u00e4-Suomen lavoilla oheisen kuvan mukainen kokoonpano kunnes allekirjoittanut l\u00e4hti opiskelemaan Kaliforniaan 1981 vuoden alussa\u201d, Lasse muistelee.<\/p>\n<p>82-vuotias ter\u00e4svaari-Mauno on juossut 87 maratonia<\/p>\n<p>Mauno Lampim\u00e4ki on laulanut 3-vuotiaasta saakka, mutta on tehnyt el\u00e4m\u00e4nty\u00f6ns\u00e4 yritt\u00e4j\u00e4n\u00e4 varaosa- ja huoltoalalla. Ter\u00e4svaari harrastaa kest\u00e4vyysurheilua.<\/p>\n<p>\u201dOlen juossut el\u00e4m\u00e4ni aikana 87 maratoonia alusta loppuun saakka ja parikymment\u00e4 sit\u00e4kin pitemp\u00e4\u00e4 lenkki\u00e4.\u201d<\/p>\n<p>Levyll\u00e4 on 11 laulua.<\/p>\n<p>\u201dSiell\u00e4 on yksi aivan omaakin tuotantoa oleva laulu, jonka min\u00e4 olen sanoittanut ja Lasse s\u00e4velt\u00e4nyt. Kyseisen kappaleen nimi on Pyh\u00e4-Luoston laulu\u201d, Mauno mainitsee.<\/p>\n<p>\u201dKaikkien laulujen sovitukset on tehnyt Lasse, h\u00e4nell\u00e4 on nuotit hallussaan.\u201d<\/p>\n<p><strong>Kuuntele <\/strong>Mauno Lampim\u00e4ki &amp; Lasse Paasikko Pyh\u00e4-Luoston laulu 2025:<\/p>\n<p>Lassen uusperheess\u00e4 tanssitaan<\/p>\n<p>Lasse Paasikon kunniaksi j\u00e4rjestettiin hein\u00e4kuussa 2024 isot el\u00e4k\u00f6itymisjuhlat.<\/p>\n<p>Suuri joukko muusikon l\u00e4heisi\u00e4 ja yst\u00e4vi\u00e4 kokoontui Sastamalan Kiikaan, miss\u00e4 Lasse ja h\u00e4nen vaimonsa\u00a0<strong>Liisa Kontturi-Paasikko<\/strong>, 64, viihtyv\u00e4t maalaismilj\u00f6\u00f6n rauhassa Teukkulassa.<\/p>\n<p>Lue my\u00f6s: <a href=\"https:\/\/www.tanssiin.fi\/lasse-paasikon-ensimmainen-elakepaiva-evp-eli-eletaan-vaimon-palkalla\/\" title=\"Lasse Paasikon ensimm\u00e4inen el\u00e4kep\u00e4iv\u00e4: \u201dEvp eli elet\u00e4\u00e4n vaimon palkalla\u201d\" rel=\"nofollow noopener\" target=\"_blank\">Lasse Paasikon ensimm\u00e4inen el\u00e4kep\u00e4iv\u00e4: \u201dEvp eli elet\u00e4\u00e4n vaimon palkalla\u201d<\/a><\/p>\n<p>Liisa on tunnettu tanssinopettaja ja tanssinopetuksen rautainen ammattilainen, joka on toiminut paritanssin kent\u00e4ll\u00e4 40 vuoden ajan tanssinopettajana, tanssinopettajien kouluttajana ja tanssikouluyritt\u00e4j\u00e4n\u00e4. Liisan\u00a0tyt\u00e4r\u00a0<strong>Anniina Koivuniemi<\/strong>, 30,  tunnetaan Tanssii t\u00e4htien kanssa -tv-ohjelman tanssinopettajana.<\/p>\n<p>Lassen ja Liisan uusperheeseen kuuluu kaikkiaan 7 aikuista lasta ja 12 lastenlasta. Kotona kirmaa kaksi koiraa, lagotto romagnolo -rotuiset\u00a0<strong>Pepi<\/strong>\u00a0ja\u00a0<strong>Topi<\/strong>.<\/p>\n<p>Lasse tykk\u00e4\u00e4 korjata ja viritt\u00e4\u00e4 harmonikkoja. My\u00f6s omakotitalon kunnossapit\u00e4minen\u00a0on aikaa viev\u00e4 harrastus, joka k\u00e4y ihan ty\u00f6st\u00e4.<\/p>\n<p>Kirjoittanut:<br \/>\n<img loading=\"lazy\" data-lazyloaded=\"1\" width=\"512\" height=\"512\" decoding=\"async\" class=\"aioseo-author-image\" src=\"https:\/\/www.europesays.com\/fi\/wp-content\/uploads\/2025\/10\/cropped-tanssiin-logo.jpg\" alt=\"author avatar\"\/><\/p>\n<p>Tanssiin.fi<\/p>\n<p>\nTanssi- ja iskelm\u00e4musiikin uutiset asiantuntevasti.<\/p>\n<p><img loading=\"lazy\" decoding=\"async\" data-lazyloaded=\"1\" width=\"512\" height=\"512\" class=\"aioseo-author-bio-compact-image\" src=\"https:\/\/www.europesays.com\/fi\/wp-content\/uploads\/2025\/10\/cropped-tanssiin-logo.jpg\" alt=\"author avatar\"\/><br \/>\nTanssi- ja iskelm\u00e4musiikin uutiset asiantuntevasti.<\/p>\n<p>0%<br \/>\nIhana<\/p>\n<p>0%<br \/>\nHauska<\/p>\n<p>0%<br \/>\nVau<\/p>\n<p>0%<br \/>\nSurullinen<\/p>\n<p>0%<br \/>\nVihainen\n<\/p>\n<p>Post navigation<\/p>\n","protected":false},"excerpt":{"rendered":"Harmonikkataiteilija Lasse Paasikko, 66, j\u00e4i el\u00e4kkeelle Finlanders-orkesterista juhannuksena 2023. Tanssiin.fi kertoi tuolloin suosikkiorkesterin alkuper\u00e4isj\u00e4senen tuntemuksista. \u201dSain tehd\u00e4 t\u00f6it\u00e4&hellip;\n","protected":false},"author":2,"featured_media":121225,"comment_status":"","ping_status":"","sticky":false,"template":"","format":"standard","meta":{"footnotes":""},"categories":[130],"tags":[14618,21816,11257,137,33,31,11304,30,21817,4944,21818,21819,1243,6799,32,19015,4049,16,193,109],"class_list":{"0":"post-121224","1":"post","2":"type-post","3":"status-publish","4":"format-standard","5":"has-post-thumbnail","7":"category-viihde","8":"tag-albumi","9":"tag-anniina-koivuniemi","10":"tag-elakelainen","11":"tag-entertainment","12":"tag-fi","13":"tag-finland","14":"tag-finlanders","15":"tag-finnish","16":"tag-lasse-paasikko","17":"tag-levy","18":"tag-liisa-kontturi-paasikko","19":"tag-mauno-lampimaki","20":"tag-musiikkivideo","21":"tag-orkesterit","22":"tag-suomi","23":"tag-tanssimusiikki","24":"tag-tanssitahdet","25":"tag-uutiset","26":"tag-video","27":"tag-viihde"},"share_on_mastodon":{"url":"https:\/\/pubeurope.com\/@fi\/115750491023800310","error":""},"_links":{"self":[{"href":"https:\/\/www.europesays.com\/fi\/wp-json\/wp\/v2\/posts\/121224","targetHints":{"allow":["GET"]}}],"collection":[{"href":"https:\/\/www.europesays.com\/fi\/wp-json\/wp\/v2\/posts"}],"about":[{"href":"https:\/\/www.europesays.com\/fi\/wp-json\/wp\/v2\/types\/post"}],"author":[{"embeddable":true,"href":"https:\/\/www.europesays.com\/fi\/wp-json\/wp\/v2\/users\/2"}],"replies":[{"embeddable":true,"href":"https:\/\/www.europesays.com\/fi\/wp-json\/wp\/v2\/comments?post=121224"}],"version-history":[{"count":0,"href":"https:\/\/www.europesays.com\/fi\/wp-json\/wp\/v2\/posts\/121224\/revisions"}],"wp:featuredmedia":[{"embeddable":true,"href":"https:\/\/www.europesays.com\/fi\/wp-json\/wp\/v2\/media\/121225"}],"wp:attachment":[{"href":"https:\/\/www.europesays.com\/fi\/wp-json\/wp\/v2\/media?parent=121224"}],"wp:term":[{"taxonomy":"category","embeddable":true,"href":"https:\/\/www.europesays.com\/fi\/wp-json\/wp\/v2\/categories?post=121224"},{"taxonomy":"post_tag","embeddable":true,"href":"https:\/\/www.europesays.com\/fi\/wp-json\/wp\/v2\/tags?post=121224"}],"curies":[{"name":"wp","href":"https:\/\/api.w.org\/{rel}","templated":true}]}}