{"id":121228,"date":"2025-12-20T06:33:36","date_gmt":"2025-12-20T06:33:36","guid":{"rendered":"https:\/\/www.europesays.com\/fi\/121228\/"},"modified":"2025-12-20T06:33:36","modified_gmt":"2025-12-20T06:33:36","slug":"finnair-aloittaa-lennot-uuteen-kaukokohteeseen","status":"publish","type":"post","link":"https:\/\/www.europesays.com\/fi\/121228\/","title":{"rendered":"Finnair aloittaa lennot uuteen kaukokohteeseen"},"content":{"rendered":"<p>Finnair kertoo aloittavansa ensi vuoden lokakuussa lennot Australian Melbourneen. Tiedotteen mukaan Finnair lent\u00e4\u00e4 uutuuskohteeseen p\u00e4ivitt\u00e4in Bangkokin kautta. <\/p>\n<p>\u2013 Uskomme, ett\u00e4 uusi reitti tulee houkuttelemaan Australiaan suuntaavia eurooppalaisia matkailijoita, sek\u00e4 australialaisia, jotka haluavat matkustaa eri puolille Eurooppaa, sanoo Finnairin verkostosta ja tuotoista vastaava johtaja\u00a0<strong>Christine Rovelli<\/strong>. <\/p>\n<p>Tiedotteen mukaan lento Melbourneen l\u00e4htee Helsingist\u00e4 heti keskiy\u00f6n j\u00e4lkeen, saapuu Bangkokiin iltap\u00e4iv\u00e4ll\u00e4 ja jatkaa matkaansa lyhyen pys\u00e4hdyksen j\u00e4lkeen Melbourneen saapuen sinne seuraavana aamuna.<\/p>\n<p>Lue my\u00f6s: <a href=\"https:\/\/www.voice.fi\/matkailu\/finnair-lentaa-ensi-kesana-12-uuteen-kohteeseen\" title=\"N\u00e4ihin 12 uuteen kohteeseen Finnair lent\u00e4\u00e4 ensi kes\u00e4n\u00e4\" class=\"underline-custom !font-montserrat !font-bold !underline-offset-4 !decoration-4 !decoration-tilt-light !text-md\" rel=\"nofollow noopener\" target=\"_blank\">N\u00e4ihin 12 uuteen kohteeseen Finnair lent\u00e4\u00e4 ensi kes\u00e4n\u00e4<\/a><\/p>\n<p>Paluulennot l\u00e4htev\u00e4t Melbournesta iltap\u00e4iv\u00e4ll\u00e4, pys\u00e4htyv\u00e4t Bangkokissa illalla, ja laskeutuvat Helsinkiin aikaisin seuraavana aamuna.<\/p>\n<p>Reitti aukeaa 25. lokakuuta 2026, edellytt\u00e4en, ett\u00e4 tarvittavat viranomaisluvat on saatu.\u00a0<\/p>\n<p>Lue my\u00f6s: <a href=\"https:\/\/www.voice.fi\/hyvinvointi\/a-154237\" title=\"K\u00e4rsitk\u00f6 lentopelosta? Lent\u00e4j\u00e4 opastaa 3 tehokasta keinoa hallita j\u00e4nnistyst\u00e4 lennon aikana\" class=\"underline-custom !font-montserrat !font-bold !underline-offset-4 !decoration-4 !decoration-tilt-light !text-md\" rel=\"nofollow noopener\" target=\"_blank\">K\u00e4rsitk\u00f6 lentopelosta? Lent\u00e4j\u00e4 opastaa 3 tehokasta keinoa hallita j\u00e4nnistyst\u00e4 lennon aikana<\/a><\/p>\n<p>Melbournen my\u00f6t\u00e4 Finnairin uusien kohteiden m\u00e4\u00e4r\u00e4 vuonna 2026 nousee nelj\u00e4\u00e4ntoista. Finnair lent\u00e4\u00e4 vuonna 2026 yhteens\u00e4 93 Euroopan kohteeseen, 11 Aasian kohteeseen, seitsem\u00e4\u00e4n Pohjois-Amerikan kohteeseen, mukaan lukien Toronto, joka aukeaa kes\u00e4ll\u00e4 2026, sek\u00e4 kahteen L\u00e4hi-Id\u00e4n kohteeseen, ja nyt my\u00f6s Australiaan.\u00a0<\/p>\n<p>L\u00e4hde: <a href=\"https:\/\/company.finnair.com\/fi\/medialle\/kaikki-tiedotteet\/tiedote?id=240EA136554050CD\" rel=\"nofollow noopener\" target=\"_blank\">Finnair<\/a><\/p>\n","protected":false},"excerpt":{"rendered":"Finnair kertoo aloittavansa ensi vuoden lokakuussa lennot Australian Melbourneen. Tiedotteen mukaan Finnair lent\u00e4\u00e4 uutuuskohteeseen p\u00e4ivitt\u00e4in Bangkokin kautta. \u2013&hellip;\n","protected":false},"author":2,"featured_media":121229,"comment_status":"","ping_status":"","sticky":false,"template":"","format":"standard","meta":{"footnotes":""},"categories":[76],"tags":[79,77,33,31,1548,30,21820,21821,8983,32,78],"class_list":{"0":"post-121228","1":"post","2":"type-post","3":"status-publish","4":"format-standard","5":"has-post-thumbnail","7":"category-talous","8":"tag-business","9":"tag-economy","10":"tag-fi","11":"tag-finland","12":"tag-finnair","13":"tag-finnish","14":"tag-kaukolento","15":"tag-lento","16":"tag-lentokone","17":"tag-suomi","18":"tag-talous"},"share_on_mastodon":{"url":"https:\/\/pubeurope.com\/@fi\/115750502756567549","error":""},"_links":{"self":[{"href":"https:\/\/www.europesays.com\/fi\/wp-json\/wp\/v2\/posts\/121228","targetHints":{"allow":["GET"]}}],"collection":[{"href":"https:\/\/www.europesays.com\/fi\/wp-json\/wp\/v2\/posts"}],"about":[{"href":"https:\/\/www.europesays.com\/fi\/wp-json\/wp\/v2\/types\/post"}],"author":[{"embeddable":true,"href":"https:\/\/www.europesays.com\/fi\/wp-json\/wp\/v2\/users\/2"}],"replies":[{"embeddable":true,"href":"https:\/\/www.europesays.com\/fi\/wp-json\/wp\/v2\/comments?post=121228"}],"version-history":[{"count":0,"href":"https:\/\/www.europesays.com\/fi\/wp-json\/wp\/v2\/posts\/121228\/revisions"}],"wp:featuredmedia":[{"embeddable":true,"href":"https:\/\/www.europesays.com\/fi\/wp-json\/wp\/v2\/media\/121229"}],"wp:attachment":[{"href":"https:\/\/www.europesays.com\/fi\/wp-json\/wp\/v2\/media?parent=121228"}],"wp:term":[{"taxonomy":"category","embeddable":true,"href":"https:\/\/www.europesays.com\/fi\/wp-json\/wp\/v2\/categories?post=121228"},{"taxonomy":"post_tag","embeddable":true,"href":"https:\/\/www.europesays.com\/fi\/wp-json\/wp\/v2\/tags?post=121228"}],"curies":[{"name":"wp","href":"https:\/\/api.w.org\/{rel}","templated":true}]}}