{"id":121230,"date":"2025-12-20T06:34:10","date_gmt":"2025-12-20T06:34:10","guid":{"rendered":"https:\/\/www.europesays.com\/fi\/121230\/"},"modified":"2025-12-20T06:34:10","modified_gmt":"2025-12-20T06:34:10","slug":"tutkija-tasta-syysta-ukraina-jatkaa-taistelua-kertoo-enemmankin","status":"publish","type":"post","link":"https:\/\/www.europesays.com\/fi\/121230\/","title":{"rendered":"Tutkija: T\u00e4st\u00e4 syyst\u00e4 Ukraina jatkaa taistelua \u2013 \u201dKertoo enemm\u00e4nkin&#8230;\u201d"},"content":{"rendered":"<p>Ven\u00e4j\u00e4n absurdi propaganda yritt\u00e4\u00e4 leimata sitke\u00e4t ukrainalaiset sotaisaksi kansaksi, joka vastustaa rauhantekoja.<\/p>\n<p>Lue tiivistelm\u00e4<\/p>\n<p class=\"article-body mb-nof-24 px-nof-16 sndp-summary-bullet-point-font\">Ukrainalaisten puolustustahto on edelleen vankka, koska heill\u00e4 ei ole muita vaihtoehtoja, sanoo Ulkopoliittisen instituutin tutkija Tyyne Karjalainen.<\/p>\n<p class=\"article-body mb-nof-24 px-nof-16 sndp-summary-bullet-point-font\">Kiovan kansainv\u00e4lisen sosiologian instituutin tutkimuksen mukaan 72 prosenttia ukrainalaisista hyv\u00e4ksyisi konfliktin j\u00e4\u00e4dytt\u00e4misen nykyiseen rintamalinjaan, jos Ukraina saisi turvatakuut.<\/p>\n<p class=\"article-body mb-nof-24 px-nof-16 sndp-summary-bullet-point-font\">75 prosenttia vastaajista ei kuitenkaan hyv\u00e4ksyisi sopimusta, jossa Ukrainan joukot vet\u00e4ytyisiv\u00e4t Donetskin alueelta ilman turvatakuita.<\/p>\n<p class=\"article-body mb-nof-24 px-nof-16\">Ukrainan puolustustahto on pysynyt vahvana, vaikka maa on taistellut suurempaa vihollista vastaan jo vuodesta 2014.<\/p>\n<p class=\"article-body mb-nof-24 px-nof-16\">\u2013\u2009Puolustustahtoa on, koska on pakko, Ulkopoliittisen instituutin tutkija <a class=\"article-personlink\" href=\"https:\/\/www.is.fi\/haku\/?query=Tyyne%20Karjalainen\" rel=\"nofollow noopener\" target=\"_blank\">Tyyne Karjalainen<\/a> toteaa ISTV:n Ukraina-studiossa.<\/p>\n<p class=\"article-body mb-nof-24 px-nof-16\">\u2013\u2009T\u00e4m\u00e4 kertoo enemm\u00e4nkin realiteetista, ettei ole muita vaihtoehtoja.<\/p>\n<p><img decoding=\"async\" src=\"https:\/\/www.europesays.com\/fi\/wp-content\/uploads\/2025\/12\/1766212448_815_468.jpg\" alt=\"Pakon edess\u00e4 on taisteltava, tiet\u00e4\u00e4 Ven\u00e4j\u00e4n hy\u00f6kk\u00e4yksen kokenut Ukrainan kansa. Kuvassa presidentti Volodymyr Zelenskyi tervehtii haavoittuneita sotilaitaan 1.10.2025.\" class=\"_Img_1rerz_1\" style=\"aspect-ratio:1.5035238841033673\" loading=\"eager\"\/><\/p>\n<p class=\"article-picture-caption\">Pakon edess\u00e4 on taisteltava, tiet\u00e4\u00e4 Ven\u00e4j\u00e4n hy\u00f6kk\u00e4yksen kokenut Ukrainan kansa. Kuvassa presidentti Volodymyr Zelenskyi tervehtii haavoittuneita sotilaitaan 1.10.2025. Kuva:\u00a0UKRAINIAN PRESIDENTIAL PRESS SERVICE<\/p>\n<p class=\"article-body mb-nof-24 px-nof-16\">Tutkijan mukaan Ukrainassa ei ole pidetty uskottavana, ett\u00e4 rauha saataisiin aikaan sopimalla siit\u00e4 Ven\u00e4j\u00e4n kanssa. T\u00e4m\u00e4 on johtanut ukrainalaiset pakkorauhan vastustajiksi, mik\u00e4 ei tarkoita, ett\u00e4 he olisivat militaristisia.<\/p>\n<p class=\"article-body mb-nof-24 px-nof-16\">Kiovan kansainv\u00e4lisen sosiologian instituutin (KIIS) tuore mielipidetutkimus tarkasteli ukrainalaisten suhtautumista sotaan, rauhaan ja maansa poliittiseen johtoon. Se <a class=\"article-genericlink\" href=\"https:\/\/www.kyivpost.com\/post\/66236\" rel=\"nofollow noopener\" target=\"_blank\">julkaistiin<\/a> Kyiv Postissa viime maanantaina.<\/p>\n<p class=\"article-body mb-nof-24 px-nof-16\">Tuloksista voi vet\u00e4\u00e4 johtop\u00e4\u00e4t\u00f6ksen, ett\u00e4 sotavuodet ovat tehneet ukrainalaisista aiempaa realistisempia.<\/p>\n<p><img decoding=\"async\" src=\"https:\/\/www.europesays.com\/fi\/wp-content\/uploads\/2025\/12\/1766212449_468_468.jpg\" alt=\"T\u00e4m\u00e4 on Kiovan realismia: joulukuusten myynti\u00e4 pommien tuhoaman rakennuksen edustalla 16.12.2025.\" class=\"_Img_1rerz_1\" style=\"aspect-ratio:1.419068736141907\" loading=\"eager\"\/><\/p>\n<p class=\"article-picture-caption\">T\u00e4m\u00e4 on Kiovan realismia: joulukuusten myynti\u00e4 pommien tuhoaman rakennuksen edustalla 16.12.2025. Kuva:\u00a0REUTERS\/Gleb Garanich<\/p>\n<p class=\"article-body mb-nof-24 px-nof-16\">72 prosenttia kansalaisista on valmis hyv\u00e4ksym\u00e4\u00e4n rauhansuunnitelman, jossa konflikti j\u00e4\u00e4dytet\u00e4\u00e4n vallitsevaan rintamalinjaan. Ehtoina on, ett\u00e4 Ukraina saisi turvatakuut, eik\u00e4 Ven\u00e4j\u00e4n miehitt\u00e4mi\u00e4 alueita tunnustettaisi virallisesti sille kuuluviksi.<\/p>\n<p class=\"article-body mb-nof-24 px-nof-16\">Aivan n\u00e4in suurta kannatusta rauhan puolesta Karjalainen ei odottanut.<\/p>\n<p class=\"article-body mb-nof-24 px-nof-16\">\u2013\u2009Itse olin aika yll\u00e4ttynyt siit\u00e4. Vaikuttaa silt\u00e4, ett\u00e4 aika merkitt\u00e4v\u00e4 osa ukrainalaisista olisi t\u00e4m\u00e4nkaltaisen sopimuksen kannalla.<\/p>\n<p class=\"article-body mb-nof-24 px-nof-16\">Samassa tutkimuksessa k\u00e4vi kuitenkin ilmi, ett\u00e4 75 prosenttia vastaajista ei voisi hyv\u00e4ksy\u00e4 sopimusta, jossa Ukrainan joukot pit\u00e4isi vet\u00e4\u00e4 pois koko Donetskin alueelta, asevoimien kokoa rajoitettaisiin, eik\u00e4 olisi turvatakuita.<\/p>\n<p class=\"article-body mb-nof-24 px-nof-16\">\u2013\u2009Mieluummin ollaan valmiita jatkamaan puolustussotaa, Karjalainen toteaa t\u00e4m\u00e4n vaihtoehdon perusteella.<\/p>\n<p class=\"article-body mb-nof-24 px-nof-16\">\u2013\u2009Ja nyth\u00e4n n\u00e4ytt\u00e4\u00e4, ett\u00e4 se olisi sen kaltainen tarjous, jota t\u00e4ss\u00e4 p\u00f6yd\u00e4ll\u00e4 on py\u00f6ritelty.<\/p>\n<p class=\"article-body mb-nof-24 px-nof-16\">\u2013\u2009Eli t\u00e4ytyy sanoa, ett\u00e4 sellaisille ehdotuksille, joita on kuultu <a class=\"article-genericlink\" href=\"https:\/\/www.is.fi\/ulkomaat\/art-2000011690810.html\" rel=\"nofollow noopener\" target=\"_blank\">Yhdysvaltojen suulta<\/a> \u2013 mutta ehk\u00e4 ne ovat alun perin Ven\u00e4j\u00e4n ehdotuksia \u2013\u2009ei ole ukrainalaisten tukea.<\/p>\n<p><img decoding=\"async\" src=\"https:\/\/www.europesays.com\/fi\/wp-content\/uploads\/2025\/12\/1766212449_189_468.jpg\" alt=\"Taistelut jatkuvat jos rauhanehdot ovat ukrainalaisten mielest\u00e4 liian kovat. T\u00e4m\u00e4n tiet\u00e4\u00e4 presidentti Zelenskyi.\" class=\"_Img_1rerz_1\" style=\"aspect-ratio:1.5\" loading=\"eager\"\/><\/p>\n<p class=\"article-picture-caption\">Taistelut jatkuvat jos rauhanehdot ovat ukrainalaisten mielest\u00e4 liian kovat. T\u00e4m\u00e4n tiet\u00e4\u00e4 presidentti Zelenskyi. Kuva:\u00a0Ukraine Presidency via Bestimage \/ Bestimage \/ MVPhotos<\/p>\n<p class=\"article-body mb-nof-24 px-nof-16\">Ukrainan ja Euroopan turvallisuuden tutkija nostaa esiin presidentti <a class=\"article-personlink\" href=\"https:\/\/www.is.fi\/haku\/?query=Volodymyr%20Zelenskyin\" rel=\"nofollow noopener\" target=\"_blank\">Volodymyr Zelenskyin<\/a> politiikan, joka n\u00e4ytt\u00e4\u00e4 kyselytutkimuksen perusteella olevan linjassa kansan mielipiteen kanssa.<\/p>\n<p class=\"article-body mb-nof-24 px-nof-16\">Uusia vaaleja ja hallinnon pikaista vaihtoa ei havitella.<\/p>\n<p class=\"article-body mb-nof-24 px-nof-16\">\u2013\u2009Niin sen kuuluu ollakin. Ukraina kuitenkin toimii, kuten demokratiat toimivat. Eli presidentti ei omavaltaisesti tee p\u00e4\u00e4t\u00f6ksi\u00e4.<\/p>\n<p class=\"article-body mb-nof-24 px-nof-16\">\u2013\u2009Ja [presidentti] ennakoi my\u00f6s sit\u00e4, ett\u00e4 voisi tulla sis\u00e4isi\u00e4 levottomuuksia, jos Ukraina solmisi sopimuksen, jota kansa ei voi hyv\u00e4ksy\u00e4, jota veteraanit eiv\u00e4t voi hyv\u00e4ksy\u00e4, jota ne eiv\u00e4t voi hyv\u00e4ksy\u00e4, jotka ovat paenneet henkens\u00e4 uhalla.<\/p>\n<p><img decoding=\"async\" src=\"https:\/\/www.europesays.com\/fi\/wp-content\/uploads\/2025\/12\/1766212449_439_468.jpg\" alt=\"N\u00e4iss\u00e4 oloissa ei vaaliuurnille ole asiaa. Novi Petrivtsi 6.12.2025.\" class=\"_Img_1rerz_1\" style=\"aspect-ratio:1.5\" loading=\"eager\"\/><\/p>\n<p class=\"article-picture-caption\">N\u00e4iss\u00e4 oloissa ei vaaliuurnille ole asiaa. Novi Petrivtsi 6.12.2025. Kuva:\u00a0REUTERS\/Thomas Peter<\/p>\n<p class=\"article-body mb-nof-24 px-nof-16\">Vain yhdeks\u00e4n prosenttia vastaajista kannattaa uusien vaalien j\u00e4rjest\u00e4mist\u00e4 ennen kuin tulitauosta on sovittu.<\/p>\n<p class=\"article-body mb-nof-24 px-nof-16\">25 prosenttia vastaajista kannattaa vaalien j\u00e4rjest\u00e4mist\u00e4, jos vihollisuudet loppuvat ja Ukraina saa p\u00e4tev\u00e4t turvatakuut.<\/p>\n<p class=\"article-body mb-nof-24 px-nof-16\">Karjalainen ei t\u00e4t\u00e4 ihmettele, sill\u00e4 Ukrainassa on vallinnut vahva konsensus siit\u00e4, ett\u00e4 odotetaan kunnes sota on ohi ja sitten pidet\u00e4\u00e4n vaalit.<\/p>\n<p class=\"article-body mb-nof-24 px-nof-16\">\u2013\u2009Huolena on tietysti, ett\u00e4 Ven\u00e4j\u00e4 pyrkisi vaikuttamaan vaaleihin kaikilla mahdollisilla hybridivaikuttamisen keinoilla.<\/p>\n<p class=\"article-body mb-nof-24 px-nof-16\">\u2013\u2009Ja olisi iso kysymys, ett\u00e4 miten vaikkapa n\u00e4ilt\u00e4 miehitetyilt\u00e4 alueilta \u00e4\u00e4nestet\u00e4\u00e4n. Kun Ven\u00e4j\u00e4 on tuonut sinne kansalaisia, ja vienyt ukrainalaisia pois.<\/p>\n<p><img decoding=\"async\" src=\"https:\/\/www.europesays.com\/fi\/wp-content\/uploads\/2025\/12\/1766212450_230_320.jpg\" alt=\"Ukrainan ja Euroopan turvallisuuden tutkija Tyyne Karjalainen.\" class=\"_Img_1rerz_1\" style=\"aspect-ratio:1.3333333333333333\" loading=\"eager\"\/><\/p>\n<p class=\"article-picture-caption\">Ukrainan ja Euroopan turvallisuuden tutkija Tyyne Karjalainen. Kuva:\u00a0Vesa Moilanen \/ IS<\/p>\n<p class=\"article-body mb-nof-24 px-nof-16\">Tutkija pit\u00e4\u00e4 Zelenskyin hallinnon luottamusta yll\u00e4tt\u00e4v\u00e4n vahvana loppusyksyn vakavan korruptioskandaalin j\u00e4lkeen.<\/p>\n<p class=\"article-body mb-nof-24 px-nof-16\">\u2013\u2009Siin\u00e4 n\u00e4kyy tietysti sodan ajan yhteishenki. Ei l\u00e4hdet\u00e4 aktiivisesti kritisoimaan johtoa, koska halutaan yll\u00e4pit\u00e4\u00e4 hyv\u00e4\u00e4 ja yhten\u00e4ist\u00e4 rintamaa.<\/p>\n<p class=\"article-body mb-nof-24 px-nof-16\">Korruptioskandaali her\u00e4tti raivoa ukrainalaisissa ja \u201dyhteishengen ilmapiiri ik\u00e4\u00e4n kuin horjui\u201d, koska korruptiosta ep\u00e4iltiin Zelenskyin l\u00e4hipiiri\u00e4, entisi\u00e4 liikekumppaneita ja presidentinkansliaa.<\/p>\n<p class=\"article-body mb-nof-24 px-nof-16\">Yll\u00e4 olevalla videolla tutkija Tyyne Karjalaisen studiohaastattelu kokonaisuudessaan.<\/p>\n","protected":false},"excerpt":{"rendered":"Ven\u00e4j\u00e4n absurdi propaganda yritt\u00e4\u00e4 leimata sitke\u00e4t ukrainalaiset sotaisaksi kansaksi, joka vastustaa rauhantekoja. Lue tiivistelm\u00e4 Ukrainalaisten puolustustahto on edelleen&hellip;\n","protected":false},"author":2,"featured_media":121231,"comment_status":"","ping_status":"","sticky":false,"template":"","format":"standard","meta":{"footnotes":""},"categories":[14],"tags":[22,23,26,27,33,31,30,17,34,24,25,28,29,15,18,21,32,19,20,56,16,59,60,61],"class_list":{"0":"post-121230","1":"post","2":"type-post","3":"status-publish","4":"format-standard","5":"has-post-thumbnail","7":"category-ulkomaat","8":"tag-breaking-news","9":"tag-breakingnews","10":"tag-featured-news","11":"tag-featurednews","12":"tag-fi","13":"tag-finland","14":"tag-finnish","15":"tag-headlines","16":"tag-ilta-sanomat","17":"tag-latest-news","18":"tag-latestnews","19":"tag-main-news","20":"tag-mainnews","21":"tag-news","22":"tag-otsikot","23":"tag-paauutiset","24":"tag-suomi","25":"tag-top-stories","26":"tag-topstories","27":"tag-ulkomaat","28":"tag-uutiset","29":"tag-world","30":"tag-world-news","31":"tag-worldnews"},"share_on_mastodon":{"url":"https:\/\/pubeurope.com\/@fi\/115750506954704352","error":""},"_links":{"self":[{"href":"https:\/\/www.europesays.com\/fi\/wp-json\/wp\/v2\/posts\/121230","targetHints":{"allow":["GET"]}}],"collection":[{"href":"https:\/\/www.europesays.com\/fi\/wp-json\/wp\/v2\/posts"}],"about":[{"href":"https:\/\/www.europesays.com\/fi\/wp-json\/wp\/v2\/types\/post"}],"author":[{"embeddable":true,"href":"https:\/\/www.europesays.com\/fi\/wp-json\/wp\/v2\/users\/2"}],"replies":[{"embeddable":true,"href":"https:\/\/www.europesays.com\/fi\/wp-json\/wp\/v2\/comments?post=121230"}],"version-history":[{"count":0,"href":"https:\/\/www.europesays.com\/fi\/wp-json\/wp\/v2\/posts\/121230\/revisions"}],"wp:featuredmedia":[{"embeddable":true,"href":"https:\/\/www.europesays.com\/fi\/wp-json\/wp\/v2\/media\/121231"}],"wp:attachment":[{"href":"https:\/\/www.europesays.com\/fi\/wp-json\/wp\/v2\/media?parent=121230"}],"wp:term":[{"taxonomy":"category","embeddable":true,"href":"https:\/\/www.europesays.com\/fi\/wp-json\/wp\/v2\/categories?post=121230"},{"taxonomy":"post_tag","embeddable":true,"href":"https:\/\/www.europesays.com\/fi\/wp-json\/wp\/v2\/tags?post=121230"}],"curies":[{"name":"wp","href":"https:\/\/api.w.org\/{rel}","templated":true}]}}