{"id":121232,"date":"2025-12-20T06:35:15","date_gmt":"2025-12-20T06:35:15","guid":{"rendered":"https:\/\/www.europesays.com\/fi\/121232\/"},"modified":"2025-12-20T06:35:15","modified_gmt":"2025-12-20T06:35:15","slug":"valokuituyhtio-jatkoi-kaivuita-porissa-vaikka-kaupunki-kielsi-katuvalvoja-royhkeaa-toimintaa-kotimaa","status":"publish","type":"post","link":"https:\/\/www.europesays.com\/fi\/121232\/","title":{"rendered":"Valokuituyhti\u00f6 jatkoi kaivuita Porissa, vaikka kaupunki kielsi \u2013 katuvalvoja: \u201dR\u00f6yhke\u00e4\u00e4 toimintaa\u201d | Kotimaa"},"content":{"rendered":"<p class=\"aw-1gybjub aw-1p7kakr kEtdKx cEmitX yle__article__paragraph\">Valokuituyhti\u00f6 Global Connectin toimintatavoista Porissa paljastuu uusia yksityiskohtia. Aiemmin viikolla kerrottiin, ett\u00e4 <a class=\"aw-iao6s4 iHOxEa yle__article__link\" href=\"https:\/\/yle.fi\/a\/74-20200422\" role=\"link\" rel=\"nofollow noopener\" target=\"_blank\">Porin kaupunki peruu kaikki<\/a> valokuituyhti\u00f6 Global Connectille my\u00f6nnetyt katuty\u00f6luvat t\u00e4st\u00e4 p\u00e4iv\u00e4st\u00e4 alkaen.<\/p>\n<p class=\"aw-1gybjub aw-1p7kakr kEtdKx cEmitX yle__article__paragraph\">Porin kaupunki kertoo nyt, ett\u00e4 yhti\u00f6 on ty\u00f6skennellyt eri puolilla kaupunkia ilman lupia.<\/p>\n<p class=\"aw-1gybjub aw-1p7kakr kEtdKx cEmitX yle__article__paragraph\">Puuttuvien lupien takia kaupunki on voinut perua kaikki Global Connectin ty\u00f6luvat Porissa. Lains\u00e4\u00e4d\u00e4nn\u00f6llisesti yhti\u00f6ll\u00e4 on oikeus luvitettuna toimia ja harjoittaa liiketoimintaa.<\/p>\n<p class=\"aw-1gybjub aw-1p7kakr kEtdKx cEmitX yle__article__paragraph\">\u2013 T\u00e4llainen toimenpide ei ole kevyt. Se vaatii erityisen painavat syyt, sanoo Porin kaupungin katuvalvoja <strong class=\"aw-ak79eh KyCXm yle__article__strong\">Harri-Juhani Heinola<\/strong>.<\/p>\n<p class=\"aw-1gybjub aw-1p7kakr kEtdKx cEmitX yle__article__paragraph\">Kuituyhti\u00f6 hakee sijoituslupaa kaapeleille kaupungilta. T\u00e4m\u00e4n j\u00e4lkeen urakoitsijan pit\u00e4\u00e4 hakea katuty\u00f6lupa. Porissa Global Connectin urakoitsija on ollut kaivamassa sellaisilla alueilla, joille heill\u00e4 ei ole ollut lupaa, eik\u00e4 kaupungin ohjeistusta t\u00f6ist\u00e4 ole noudatettu.<\/p>\n<p>Kolme luvatonta kohdetta<\/p>\n<p class=\"aw-1gybjub aw-1p7kakr kEtdKx cEmitX yle__article__paragraph\">T\u00f6it\u00e4 on tehty luvatta ainakin kolmessa kohteessa, joissa yhti\u00f6ll\u00e4 ei ollut katuty\u00f6lupaa.<\/p>\n<p class=\"aw-1gybjub aw-1p7kakr kEtdKx cEmitX yle__article__paragraph\">\u2013 Olen k\u00e4ynyt itse paikalla. Sanoin englanniksi, ett\u00e4 kone parkkiin ja hyv\u00e4\u00e4 illanjatkoa. Tiet\u00e4m\u00e4tt\u00f6mi\u00e4 asiasta tuntuivat olevan, ja niin se varmaan onkin. Tuskin kuljettaja n\u00e4ist\u00e4 tiet\u00e4\u00e4, sanoo katuvalvoja Harri-Juhani Heinola.<\/p>\n<p class=\"aw-1gybjub aw-1p7kakr kEtdKx cEmitX yle__article__paragraph\">Yhti\u00f6lle on kerrottu ongelmista.<\/p>\n<p class=\"aw-1gybjub aw-1p7kakr kEtdKx cEmitX yle__article__paragraph\">\u2013 Keskustelussa totesimme, ett\u00e4 heill\u00e4 on odottamassa niin paljon vanhojen katut\u00f6iden korjaamisia ja reklamaatioita, ett\u00e4 uusia t\u00f6it\u00e4 ei aloiteta.<\/p>\n<p class=\"aw-1gybjub aw-1p7kakr kEtdKx cEmitX yle__article__paragraph\">Heinolan mukaan pari p\u00e4iv\u00e4\u00e4 palaverin j\u00e4lkeen Global Connect oli kuitenkin kaivamassa uutta valokuituverkkoa katuun.<\/p>\n<p><img decoding=\"async\" alt=\"Parrakas mies mustassa puvussa katsoo kameraan.\" src=\"https:\/\/www.europesays.com\/fi\/wp-content\/uploads\/2025\/12\/39-15723766944fb43a5194.jpeg\" loading=\"lazy\" class=\"aw-1l9m598 hKVVvP\"\/><\/p>\n<p>Avaa kuvien katselu<\/p>\n<p>Katuvalvoja Harri-Juhani Heinola pit\u00e4\u00e4 toimintaa v\u00e4linpit\u00e4m\u00e4tt\u00f6m\u00e4n\u00e4. Kuva: Rami Koivula \/ Yle\u201dV\u00e4linpit\u00e4m\u00e4tt\u00f6myytt\u00e4, r\u00f6yhke\u00e4\u00e4 toimintaa\u201d<\/p>\n<p class=\"aw-1gybjub aw-1p7kakr kEtdKx cEmitX yle__article__paragraph\">Urakoitsija jatkoi kaivuut\u00f6it\u00e4 ilman lupaa siis viel\u00e4 yhteisen palaverin j\u00e4lkeen. Heinola sanoo, ett\u00e4 urakoitsijan mukaan kaivuut\u00f6it\u00e4 oli tarkoitus jatkaa kahdessa muussa kaupunginosassa, vaikkei lupia ollut.<\/p>\n<p class=\"aw-1gybjub aw-1p7kakr kEtdKx cEmitX yle__article__paragraph\">\u2013 T\u00e4m\u00e4n j\u00e4lkeen oli pakko reagoida voimakkaasti. Selkeit\u00e4 suullisia kieltoja ei noudatettu. Vaihtoehdoksi j\u00e4i tehd\u00e4 t\u00e4m\u00e4 raskaimman kautta, Heinola toteaa.<\/p>\n<p class=\"aw-1gybjub aw-1p7kakr kEtdKx cEmitX yle__article__paragraph\">Asianmukainen luvitus on Global Connectin vastuulla. Harri-Juhani Heinola arvioi, ett\u00e4 tieto ei yksinkertaisesti ole kulkenut rakennuttajan ja urakoitsijan v\u00e4lill\u00e4. Aiemmin asioista on keskusteltu hyv\u00e4ss\u00e4 hengess\u00e4.<\/p>\n<p class=\"aw-1gybjub aw-1p7kakr kEtdKx cEmitX yle__article__paragraph\">\u2013 Ei t\u00e4m\u00e4 luvatta toimiminen kuitenkaan yll\u00e4tyksen\u00e4 tullut. Se tuli, ett\u00e4 yhteisen selvitt\u00e4misen, keskustelun ja kielt\u00e4misen j\u00e4lkeen tehd\u00e4\u00e4n r\u00f6yhke\u00e4sti luvattomia t\u00f6it\u00e4. Osoittaa v\u00e4linpit\u00e4m\u00e4tt\u00f6myytt\u00e4, r\u00f6yhke\u00e4\u00e4 toimintaa, sanoo Heinola.<\/p>\n<p class=\"aw-1gybjub aw-1p7kakr kEtdKx cEmitX yle__article__paragraph\">Porin kaupunki ja Global Connect tapasivat torstaina ja keskustelivat, miten kaupungin alueella toimitaan tulevaisuudessa.<\/p>\n<p class=\"aw-1gybjub aw-1p7kakr kEtdKx cEmitX yle__article__paragraph\">Harri-Juhani Heinolan mukaan keskustelu k\u00e4ytiin hyv\u00e4ss\u00e4 hengess\u00e4. Yhti\u00f6 lupasi erilaisia toimenpiteit\u00e4, jotta ty\u00f6t tehd\u00e4\u00e4n asianmukaisesti.<\/p>\n<p class=\"aw-1gybjub aw-1p7kakr kEtdKx cEmitX yle__article__paragraph\">\u2013 Kaupungilla on nyt mahdollisuus asettaa tiukempia lupaehtoja n\u00e4iden kuvioiden j\u00e4lkeen. Pitk\u00e4 matka on viel\u00e4 siihen, ett\u00e4 Global Connect kaivaa Porissa uutta verkkoa maahan.<\/p>\n<p><strong class=\"aw-1bgq5a3 bSmpIc\">Harri-Juhani Heinola kertoo Global Connectin tilanteesta Porissa<\/strong><\/p>\n<p>Global Connect: \u201dSuhtaudumme eritt\u00e4in vakavasti\u201d<\/p>\n<p class=\"aw-1gybjub aw-1p7kakr kEtdKx cEmitX yle__article__paragraph\">Global Connect sanoo suhtautuvansa Porin alueen tilanteeseen eritt\u00e4in vakavasti. Yhti\u00f6 vastasi Ylen kysymyksiin s\u00e4hk\u00f6postilla.<\/p>\n<p class=\"aw-1gybjub aw-1p7kakr kEtdKx cEmitX yle__article__paragraph\">Yhti\u00f6 pahoittelee aiheutunutta haittaa. Global Connectin toimitusjohtaja <strong class=\"aw-ak79eh KyCXm yle__article__strong\">Daniel Kaivo-oja<\/strong> sanoo, ett\u00e4 valokuituverkon rakentaminen on monivaiheinen ja vaativa prosessi, johon liittyy useita kaivukohteita, useita osapuolia sek\u00e4 paikallisesti vaihtelevia vaatimuksia.<\/p>\n<p class=\"aw-1gybjub aw-1p7kakr kEtdKx cEmitX yle__article__paragraph\">\u2013 Porissa n\u00e4ytt\u00e4\u00e4 silt\u00e4, ett\u00e4 lupaehtoja ja ty\u00f6ohjeita ei ole kaikilta osin noudatettu johdonmukaisesti. Pahoittelemme t\u00e4t\u00e4 ja aiomme selvitt\u00e4\u00e4 asian perusteellisesti.<\/p>\n<p class=\"aw-1gybjub aw-1p7kakr kEtdKx cEmitX yle__article__paragraph\">Kaivo-oja mainitsee my\u00f6s, ett\u00e4 he k\u00e4yv\u00e4t aktiivista ja rakentavaa vuoropuhelua Porin kaupungin kanssa saadakseen tilanteesta kokonaisvaltaisen ja tarkan kuvan sek\u00e4 sopiakseen jatkotoimista.<\/p>\n<p class=\"aw-1gybjub aw-1p7kakr kEtdKx cEmitX yle__article__paragraph\">\u2013 Tarkastelemme huolellisesti omia sis\u00e4isi\u00e4 prosessejamme, urakoitsijoiden vastuita sek\u00e4 valvontak\u00e4yt\u00e4nt\u00f6j\u00e4 ymm\u00e4rt\u00e4\u00e4ksemme, miten tilanteeseen on p\u00e4\u00e4dytty, ja varmistaaksemme, ettei vastaavia ongelmia synny jatkossa.<\/p>\n<p>Ainoa vastaava ongelmakaupunki?<\/p>\n<p class=\"aw-1gybjub aw-1p7kakr kEtdKx cEmitX yle__article__paragraph\">Global Connectista kerrotaan, ett\u00e4 heid\u00e4n tiedossaan ei ole vastaavaa tilannetta muualla, mutta esimerkiksi Kouvolassa yhti\u00f6ll\u00e4 on ollut vaikeuksia t\u00f6iden loppuunsaattamisessa.<\/p>\n<p class=\"aw-1gybjub aw-1p7kakr kEtdKx cEmitX yle__article__paragraph\">Kouvolassa yhti\u00f6 on ryhtynyt toimenpiteisiin vaihtamalla alihankkijan. J\u00e4ljell\u00e4 olevat ty\u00f6t saatetaan Kaivo-ojan mukana vaaditulle tasolle mahdollisimman pian s\u00e4\u00e4olosuhteiden salliessa.<\/p>\n<p class=\"aw-1gybjub aw-1p7kakr kEtdKx cEmitX yle__article__paragraph\">\u2013 Valokuiturakentaminen on vaativa kokonaisuus, johon vaikuttavat monet tekij\u00e4t, ja haasteita voi ajoittain ilmet\u00e4.<\/p>\n<p class=\"aw-1gybjub aw-1p7kakr kEtdKx cEmitX yle__article__paragraph\">Kaivo-oja t\u00e4hdent\u00e4\u00e4, ett\u00e4 yhti\u00f6lle on t\u00e4rke\u00e4\u00e4 hoitaa tilanne Porissa kuntoon.<\/p>\n<p class=\"aw-1gybjub aw-1p7kakr kEtdKx cEmitX yle__article__paragraph\">\u2013 Tavoitteenamme on ratkaista asia asianmukaisesti, saattaa ty\u00f6t p\u00e4\u00e4t\u00f6kseen s\u00e4\u00e4d\u00f6sten mukaisesti ja palauttaa luottamus.<\/p>\n","protected":false},"excerpt":{"rendered":"Valokuituyhti\u00f6 Global Connectin toimintatavoista Porissa paljastuu uusia yksityiskohtia. Aiemmin viikolla kerrottiin, ett\u00e4 Porin kaupunki peruu kaikki valokuituyhti\u00f6 Global&hellip;\n","protected":false},"author":2,"featured_media":121233,"comment_status":"","ping_status":"","sticky":false,"template":"","format":"standard","meta":{"footnotes":""},"categories":[12],"tags":[22,23,2786,26,27,33,31,30,17,71,24,25,28,29,15,21824,18,21,2787,968,32,19,20,15123,16,21822,21823],"class_list":{"0":"post-121232","1":"post","2":"type-post","3":"status-publish","4":"format-standard","5":"has-post-thumbnail","7":"category-suomi","8":"tag-breaking-news","9":"tag-breakingnews","10":"tag-elinkeinoelama","11":"tag-featured-news","12":"tag-featurednews","13":"tag-fi","14":"tag-finland","15":"tag-finnish","16":"tag-headlines","17":"tag-kotimaa","18":"tag-latest-news","19":"tag-latestnews","20":"tag-main-news","21":"tag-mainnews","22":"tag-news","23":"tag-optiset-kuidut","24":"tag-otsikot","25":"tag-paauutiset","26":"tag-pori","27":"tag-satakunta","28":"tag-suomi","29":"tag-top-stories","30":"tag-topstories","31":"tag-urakoitsijat","32":"tag-uutiset","33":"tag-valokuitulaajakaista","34":"tag-valokuituverkot"},"share_on_mastodon":{"url":"https:\/\/pubeurope.com\/@fi\/115750510739299549","error":""},"_links":{"self":[{"href":"https:\/\/www.europesays.com\/fi\/wp-json\/wp\/v2\/posts\/121232","targetHints":{"allow":["GET"]}}],"collection":[{"href":"https:\/\/www.europesays.com\/fi\/wp-json\/wp\/v2\/posts"}],"about":[{"href":"https:\/\/www.europesays.com\/fi\/wp-json\/wp\/v2\/types\/post"}],"author":[{"embeddable":true,"href":"https:\/\/www.europesays.com\/fi\/wp-json\/wp\/v2\/users\/2"}],"replies":[{"embeddable":true,"href":"https:\/\/www.europesays.com\/fi\/wp-json\/wp\/v2\/comments?post=121232"}],"version-history":[{"count":0,"href":"https:\/\/www.europesays.com\/fi\/wp-json\/wp\/v2\/posts\/121232\/revisions"}],"wp:featuredmedia":[{"embeddable":true,"href":"https:\/\/www.europesays.com\/fi\/wp-json\/wp\/v2\/media\/121233"}],"wp:attachment":[{"href":"https:\/\/www.europesays.com\/fi\/wp-json\/wp\/v2\/media?parent=121232"}],"wp:term":[{"taxonomy":"category","embeddable":true,"href":"https:\/\/www.europesays.com\/fi\/wp-json\/wp\/v2\/categories?post=121232"},{"taxonomy":"post_tag","embeddable":true,"href":"https:\/\/www.europesays.com\/fi\/wp-json\/wp\/v2\/tags?post=121232"}],"curies":[{"name":"wp","href":"https:\/\/api.w.org\/{rel}","templated":true}]}}