{"id":121236,"date":"2025-12-20T06:37:11","date_gmt":"2025-12-20T06:37:11","guid":{"rendered":"https:\/\/www.europesays.com\/fi\/121236\/"},"modified":"2025-12-20T06:37:11","modified_gmt":"2025-12-20T06:37:11","slug":"kerttu-rissanen-pisti-hjallis-harkimon-hommiin-hurja-naky","status":"publish","type":"post","link":"https:\/\/www.europesays.com\/fi\/121236\/","title":{"rendered":"Kerttu Rissanen pisti Hjallis Harkimon hommiin &#8211; hurja n\u00e4ky"},"content":{"rendered":"<p>Kerttu Rissanen tunnetaan personal trainerina ja hyvinvointiguruna. <\/p>\n<p>Nyt h\u00e4n on jakanut hyv\u00e4\u00e4 oloa poliitikko Hjallis Harkimolle.<\/p>\n<p>Se onkin n\u00e4ky.<\/p>\n<p>Lue my\u00f6s: <a href=\"https:\/\/www.como.fi\/uutiset\/kerttu-rissanen-avoimena-irti-paastamista-vanhasta\/\" title=\"Kerttu Rissanen avoimena: \u201dIrti p\u00e4\u00e4st\u00e4mist\u00e4 vanhasta\u201d\" class=\"underline-custom !font-montserrat !font-bold !underline-offset-4 !decoration-4 !decoration-red-600 !text-md\" rel=\"nofollow noopener\" target=\"_blank\">Kerttu Rissanen avoimena: \u201dIrti p\u00e4\u00e4st\u00e4mist\u00e4 vanhasta\u201d<\/a><\/p>\n<p>Hjallis joutuu puku p\u00e4\u00e4ll\u00e4 k\u00f6ny\u00e4m\u00e4\u00e4n lattialla niin ett\u00e4 housut ovat revet\u00e4. K\u00e4tt\u00e4kin pit\u00e4\u00e4 nostaa yl\u00f6s.<\/p>\n<p>-Nyt meni vaikeaksi, Hjallis \u00e4helt\u00e4\u00e4 l\u00e4hes pyll\u00e4ht\u00e4en alas.<\/p>\n<p>Amorina?<\/p>\n<p>Kyse on siit\u00e4, ett\u00e4 Harkimo on kutsunut Kertun vieraaksi T\u00e4n\u00e4\u00e4n Hjalliksen kanssa -talkshowhun.<\/p>\n<p>-Haastattelussa Kerttu Rissanen! Tehtiin v\u00e4h\u00e4n rennompi joulujakso! T\u00e4ss\u00e4 jaksossa juteltiin Kertun uusista ty\u00f6kuvioista, joulun vietosta ja n\u00e4yttelij\u00e4n hommista! Kerttu haastoi mut my\u00f6s pieneen jumppatuokioon! Kannattaa siis tulla seuraamaan!\u00a0Hjallis usuttaa.<\/p>\n<p>Lue my\u00f6s: <a href=\"https:\/\/www.como.fi\/uutiset\/hjallis-harkimo-ja-jasmine-pajari-veneilemassa-kohteena-onnenkivi\/\" title=\"Hjallis Harkimo ja Jasmine Pajari veneilem\u00e4ss\u00e4 \u2013 kohteena onnenkivi\" class=\"underline-custom !font-montserrat !font-bold !underline-offset-4 !decoration-4 !decoration-red-600 !text-md\" rel=\"nofollow noopener\" target=\"_blank\">Hjallis Harkimo ja Jasmine Pajari veneilem\u00e4ss\u00e4 \u2013 kohteena onnenkivi<\/a><\/p>\n<p>Jodelissa joku viisas on todennut, ett\u00e4 Hjallis kutsui Kertun studioon vain siksi, ett\u00e4 oven takana kurkisteli joulutonttu nimelt\u00e4 Joel. Hjallis yritti toimia amorina kahdelle valtakunnan tavoitelluimmalle sinkulle, Kertulle ja Jollelle.<\/p>\n<p>Liek\u00f6 t\u00e4ss\u00e4 per\u00e4\u00e4, no ymph jaahas.<\/p>\n<p>Lue my\u00f6s: <a href=\"https:\/\/www.como.fi\/tilaa-comon-uutiskirje\/\" title=\"Tilaa Comon uutiskirje ja tied\u00e4t mist\u00e4 kahvitauolla puhutaan! Nappaa kotimaan tv-vinkit ja puheenaiheet suoraan s\u00e4hk\u00f6postiin t\u00e4st\u00e4.\" class=\"underline-custom !font-montserrat !font-bold !underline-offset-4 !decoration-4 !decoration-red-600 !text-md\" rel=\"nofollow noopener\" target=\"_blank\">Tilaa Comon uutiskirje ja tied\u00e4t mist\u00e4 kahvitauolla puhutaan! Nappaa kotimaan tv-vinkit ja puheenaiheet suoraan s\u00e4hk\u00f6postiin t\u00e4st\u00e4.<\/a><\/p>\n","protected":false},"excerpt":{"rendered":"Kerttu Rissanen tunnetaan personal trainerina ja hyvinvointiguruna. Nyt h\u00e4n on jakanut hyv\u00e4\u00e4 oloa poliitikko Hjallis Harkimolle. Se onkin&hellip;\n","protected":false},"author":2,"featured_media":68963,"comment_status":"","ping_status":"","sticky":false,"template":"","format":"standard","meta":{"footnotes":""},"categories":[117],"tags":[33,31,30,2175,3520,1811,72,476,118,32,119,477],"class_list":{"0":"post-121236","1":"post","2":"type-post","3":"status-publish","4":"format-standard","5":"has-post-thumbnail","7":"category-luonto","8":"tag-fi","9":"tag-finland","10":"tag-finnish","11":"tag-hjallis-harkimo","12":"tag-joel-harkimo","13":"tag-kerttu-rissanen","14":"tag-luonto","15":"tag-nature","16":"tag-science","17":"tag-suomi","18":"tag-tiede","19":"tag-wildlife"},"share_on_mastodon":{"url":"https:\/\/pubeurope.com\/@fi\/115750518359811189","error":""},"_links":{"self":[{"href":"https:\/\/www.europesays.com\/fi\/wp-json\/wp\/v2\/posts\/121236","targetHints":{"allow":["GET"]}}],"collection":[{"href":"https:\/\/www.europesays.com\/fi\/wp-json\/wp\/v2\/posts"}],"about":[{"href":"https:\/\/www.europesays.com\/fi\/wp-json\/wp\/v2\/types\/post"}],"author":[{"embeddable":true,"href":"https:\/\/www.europesays.com\/fi\/wp-json\/wp\/v2\/users\/2"}],"replies":[{"embeddable":true,"href":"https:\/\/www.europesays.com\/fi\/wp-json\/wp\/v2\/comments?post=121236"}],"version-history":[{"count":0,"href":"https:\/\/www.europesays.com\/fi\/wp-json\/wp\/v2\/posts\/121236\/revisions"}],"wp:featuredmedia":[{"embeddable":true,"href":"https:\/\/www.europesays.com\/fi\/wp-json\/wp\/v2\/media\/68963"}],"wp:attachment":[{"href":"https:\/\/www.europesays.com\/fi\/wp-json\/wp\/v2\/media?parent=121236"}],"wp:term":[{"taxonomy":"category","embeddable":true,"href":"https:\/\/www.europesays.com\/fi\/wp-json\/wp\/v2\/categories?post=121236"},{"taxonomy":"post_tag","embeddable":true,"href":"https:\/\/www.europesays.com\/fi\/wp-json\/wp\/v2\/tags?post=121236"}],"curies":[{"name":"wp","href":"https:\/\/api.w.org\/{rel}","templated":true}]}}