{"id":121249,"date":"2025-12-20T07:01:15","date_gmt":"2025-12-20T07:01:15","guid":{"rendered":"https:\/\/www.europesays.com\/fi\/121249\/"},"modified":"2025-12-20T07:01:15","modified_gmt":"2025-12-20T07:01:15","slug":"tampereelle-kaksi-uutta-luonnonsuojelualuetta","status":"publish","type":"post","link":"https:\/\/www.europesays.com\/fi\/121249\/","title":{"rendered":"Tampereelle kaksi uutta luonnonsuojelualuetta"},"content":{"rendered":"<p>Uudet suojelualueet H\u00e4rm\u00e4l\u00e4ss\u00e4 ja Atalassa turvaavat harvinaisten lajien elinymp\u00e4rist\u00f6j\u00e4. Luonnonsuojelualueet merkit\u00e4\u00e4n maastoon paaluilla.<\/p>\n<p>19.12. 13:33<\/p>\n<p class=\"article-body mb-nof-24 px-nof-16\">Aamulehti<\/p>\n<p class=\"article-body mb-nof-24 px-nof-16\">Tampereelle on perustettu kaksi uutta luonnonsuojelualuetta, joista toinen on H\u00e4rm\u00e4l\u00e4n V\u00e4h\u00e4j\u00e4rven luonnonsuojelualue ja toinen Atalan Risson Pet\u00e4j\u00e4ssuon luonnonsuojelualue.<\/p>\n<p class=\"article-body mb-nof-24 px-nof-16\">Pirkanmaan ELY-keskus teki molemmista rauhoitusp\u00e4\u00e4t\u00f6kset 9. joulukuuta. Luonnonsuojelualueet merkit\u00e4\u00e4n maastoon paaluilla, joissa lukee yksityinen luonnonsuojelualue.<\/p>\n<p class=\"article-body mb-nof-24 px-nof-16\">\u201dN\u00e4ill\u00e4 uusilla suojelualueilla on s\u00e4ilynyt kaupungin puristuksessa ja asuinalueiden v\u00e4litt\u00f6m\u00e4ss\u00e4 l\u00e4heisyydess\u00e4 Tampereella harvinaisia luontotyyppej\u00e4 ja lajeja\u201d, kertoo ymp\u00e4rist\u00f6suunnittelija <a class=\"article-personlink\" href=\"https:\/\/www.aamulehti.fi\/haku\/?query=Eeva%20Punju\" rel=\"nofollow noopener\" target=\"_blank\">Eeva Punju<\/a> Tampereen kaupungin tiedotteessa.<\/p>\n<p class=\"article-body mb-nof-24 px-nof-16\">Luonnonsuojelualueilla ei saa vahingoittaa tai ker\u00e4t\u00e4 kasveja eik\u00e4 h\u00e4irit\u00e4 el\u00e4imi\u00e4. Marjoja ja sieni\u00e4 saa kuitenkin poimia.<\/p>\n<p class=\"article-body mb-nof-24 px-nof-16\">\u201dToivottavasti ihmiset jatkossakin kunnioittavat luontoa ymp\u00e4rill\u00e4mme eiv\u00e4tk\u00e4 roskaa, melua tai vaikkapa p\u00e4\u00e4st\u00e4 lemmikkej\u00e4\u00e4n luontoon\u201d, Punju muistuttaa.<\/p>\n<p>V\u00e4h\u00e4j\u00e4rvell\u00e4 suojellaan viitasammakoita ja linnustoa<\/p>\n<p class=\"article-body mb-nof-24 px-nof-16\">H\u00e4rm\u00e4l\u00e4n V\u00e4h\u00e4j\u00e4rven alueelle on perustettu 8 hehtaarin luonnonsuojelualue, johon sis\u00e4ltyy 1,5 hehtaarin V\u00e4h\u00e4j\u00e4rvi. V\u00e4h\u00e4j\u00e4rve\u00e4 kiert\u00e4\u00e4 k\u00e4velytie, joka ei kuulu luonnonsuojelualueeseen. It\u00e4p\u00e4\u00e4h\u00e4n on rakennettu katselulaituri, jonne johtaa sorapolku k\u00e4velytielt\u00e4.<\/p>\n<p class=\"article-body mb-nof-24 px-nof-16\">V\u00e4h\u00e4j\u00e4rve\u00e4 ymp\u00e4r\u00f6i saraluhtavy\u00f6hyke ja lehtipuuvaltainen rantamets\u00e4. Rannoilla kasvaa Pirkanmaalla v\u00e4h\u00e4lukuisia kasvilajeja kuten korpiorvokkia, nevaimarretta, korpialvejuurta ja kelta\u00e4ngelm\u00e4\u00e4.<\/p>\n<p class=\"article-body mb-nof-24 px-nof-16\">V\u00e4h\u00e4j\u00e4rvess\u00e4 ja sen rannoilla asustaa runsaasti viitasammakoita. Se on direktiivilaji, jonka lis\u00e4\u00e4ntymis- ja lev\u00e4hdyspaikkoja ei luonnonsuojelulain nojalla saa heikent\u00e4\u00e4 eik\u00e4 h\u00e4vitt\u00e4\u00e4.<\/p>\n<p class=\"article-body mb-nof-24 px-nof-16\">Rantaruovikossa pesii vaarantuneiksi luokiteltuja pajusirkkuja. Metsiss\u00e4 laulaa satakieli\u00e4, kultarintoja ja mustap\u00e4\u00e4kerttuja. Lis\u00e4ksi useana vuonna lammella on havaittu harvinainen ja uhanalainen liejukana.<\/p>\n<p>Pet\u00e4j\u00e4ssuolla harvinaisia pikkuperhosia<\/p>\n<p class=\"article-body mb-nof-24 px-nof-16\">Pet\u00e4j\u00e4ssuon luonnonsuojelualue sijaitsee Atalan Rissossa, 10 kilometrin p\u00e4\u00e4ss\u00e4 Tampereen keskustasta. Sen laajuus on noin 9 hehtaaria.<\/p>\n<p class=\"article-body mb-nof-24 px-nof-16\">Pet\u00e4j\u00e4ssuo on ojittamaton suokokonaisuus. Alueelta on l\u00f6ydetty harvinaisia pikkuperhosia kuten r\u00e4mepussikoi ja pursuk\u00e4\u00e4pi\u00f6koi. Alueella on havaittu my\u00f6s harvinaista harajuurta.<\/p>\n<p class=\"article-body mb-nof-24 px-nof-16\">Alueen pohjoisosassa kulkee pitkospuureitti.<\/p>\n","protected":false},"excerpt":{"rendered":"Uudet suojelualueet H\u00e4rm\u00e4l\u00e4ss\u00e4 ja Atalassa turvaavat harvinaisten lajien elinymp\u00e4rist\u00f6j\u00e4. Luonnonsuojelualueet merkit\u00e4\u00e4n maastoon paaluilla. 19.12. 13:33 Aamulehti Tampereelle on&hellip;\n","protected":false},"author":2,"featured_media":121250,"comment_status":"","ping_status":"","sticky":false,"template":"","format":"standard","meta":{"footnotes":""},"categories":[12],"tags":[157,22,23,26,27,33,31,30,17,24,25,28,29,15,18,21,32,19,20,16],"class_list":{"0":"post-121249","1":"post","2":"type-post","3":"status-publish","4":"format-standard","5":"has-post-thumbnail","7":"category-suomi","8":"tag-aamulehti","9":"tag-breaking-news","10":"tag-breakingnews","11":"tag-featured-news","12":"tag-featurednews","13":"tag-fi","14":"tag-finland","15":"tag-finnish","16":"tag-headlines","17":"tag-latest-news","18":"tag-latestnews","19":"tag-main-news","20":"tag-mainnews","21":"tag-news","22":"tag-otsikot","23":"tag-paauutiset","24":"tag-suomi","25":"tag-top-stories","26":"tag-topstories","27":"tag-uutiset"},"share_on_mastodon":{"url":"https:\/\/pubeurope.com\/@fi\/115750612774331113","error":""},"_links":{"self":[{"href":"https:\/\/www.europesays.com\/fi\/wp-json\/wp\/v2\/posts\/121249","targetHints":{"allow":["GET"]}}],"collection":[{"href":"https:\/\/www.europesays.com\/fi\/wp-json\/wp\/v2\/posts"}],"about":[{"href":"https:\/\/www.europesays.com\/fi\/wp-json\/wp\/v2\/types\/post"}],"author":[{"embeddable":true,"href":"https:\/\/www.europesays.com\/fi\/wp-json\/wp\/v2\/users\/2"}],"replies":[{"embeddable":true,"href":"https:\/\/www.europesays.com\/fi\/wp-json\/wp\/v2\/comments?post=121249"}],"version-history":[{"count":0,"href":"https:\/\/www.europesays.com\/fi\/wp-json\/wp\/v2\/posts\/121249\/revisions"}],"wp:featuredmedia":[{"embeddable":true,"href":"https:\/\/www.europesays.com\/fi\/wp-json\/wp\/v2\/media\/121250"}],"wp:attachment":[{"href":"https:\/\/www.europesays.com\/fi\/wp-json\/wp\/v2\/media?parent=121249"}],"wp:term":[{"taxonomy":"category","embeddable":true,"href":"https:\/\/www.europesays.com\/fi\/wp-json\/wp\/v2\/categories?post=121249"},{"taxonomy":"post_tag","embeddable":true,"href":"https:\/\/www.europesays.com\/fi\/wp-json\/wp\/v2\/tags?post=121249"}],"curies":[{"name":"wp","href":"https:\/\/api.w.org\/{rel}","templated":true}]}}