{"id":121251,"date":"2025-12-20T07:02:23","date_gmt":"2025-12-20T07:02:23","guid":{"rendered":"https:\/\/www.europesays.com\/fi\/121251\/"},"modified":"2025-12-20T07:02:23","modified_gmt":"2025-12-20T07:02:23","slug":"siedettava-ratkaisu-eu-turvaa-ukrainan-rahoituksen-sittenkin-90-miljardin-yhteisvelalla","status":"publish","type":"post","link":"https:\/\/www.europesays.com\/fi\/121251\/","title":{"rendered":"&#8221;Siedett\u00e4v\u00e4 ratkaisu&#8221; \u2013 EU turvaa Ukrainan rahoituksen sittenkin 90 miljardin yhteisvelalla"},"content":{"rendered":"<p>P\u00e4\u00e4ministeri Petteri Orpo (kok.) sanoo, ett\u00e4 huippukokouksen p\u00e4\u00e4t\u00f6s oli pettymys, mutta turvaa p\u00e4\u00e4tavoitteen eli Ukrainan rahoituksen.<\/p>\n<p>19.12. 6:18<\/p>\n<p class=\"article-body mb-nof-24 px-nof-16\">EU:n suunnitelma k\u00e4ytt\u00e4\u00e4 Ven\u00e4j\u00e4n keskuspankin j\u00e4\u00e4dytettyj\u00e4 varoja Ukrainan rahoittamiseksi t\u00f6rm\u00e4si sein\u00e4\u00e4n EU-johtajien huippukokouksessa. Sen sijaan huippukokous p\u00e4\u00e4tti, ett\u00e4 EU ottaa Ukrainan tukemiseksi 90 miljardia euroa yhteisvelkaa.<\/p>\n<p class=\"article-body mb-nof-24 px-nof-16\">Muun muassa Saksa ja Suomi ajoivat voimakkaasti sotakorvauslainaa, joka olisi perustunut Ven\u00e4j\u00e4n keskuspankin j\u00e4\u00e4dytettyihin varoihin. P\u00e4\u00e4ministeri <a class=\"article-personlink\" href=\"https:\/\/www.aamulehti.fi\/haku\/?query=Petteri%20Orpon\" rel=\"nofollow noopener\" target=\"_blank\">Petteri Orpon<\/a> (kok.) mukaan malli t\u00f6rm\u00e4si moniin teknisiin ja poliittisiin ongelmiin.<\/p>\n<p class=\"article-body mb-nof-24 px-nof-16\">Perjantaina aamuy\u00f6st\u00e4 Eurooppa-neuvoston puheenjohtaja <a class=\"article-personlink\" href=\"https:\/\/www.aamulehti.fi\/haku\/?query=Ant%C3%B3nio%20Costa\" rel=\"nofollow noopener\" target=\"_blank\">Ant\u00f3nio Costa<\/a> totesi, ettei sotakorvauslainasta l\u00f6ydy yhteisymm\u00e4rryst\u00e4, ja h\u00e4n esitti yhteisvelkaan turvautumista. T\u00e4m\u00e4 oli vaihtoehto, jota sotakorvauslainan vastustajat, Belgia ja Italia etunen\u00e4ss\u00e4, olivat ehdottaneet jo pitk\u00e4\u00e4n.<\/p>\n<p class=\"article-body mb-nof-24 px-nof-16\">\u201dP\u00e4iv\u00e4n keskustelujen perusteella hyvin monilla mailla, my\u00f6s isommilla, oli huolia\u201d, Orpo kuvasi kokouksen j\u00e4lkeen.<\/p>\n<p class=\"article-body mb-nof-24 px-nof-16\">Sopu syntyi noin kello 4 perjantaiaamuna Suomen aikaa, noin 16 tuntia kest\u00e4neen kokouksen p\u00e4\u00e4tteeksi.<\/p>\n<p class=\"article-body mb-nof-24 px-nof-16\">\u201dT\u00e4m\u00e4 on siedett\u00e4v\u00e4 ratkaisu, vaikka ei olekaan ihan se, mit\u00e4 t\u00e4\u00e4lt\u00e4 l\u00e4hdettiin hakemaan.\u201d<\/p>\n<p class=\"article-body mb-nof-24 px-nof-16\">Orpo sanoo, ett\u00e4 Suomen p\u00e4\u00e4tavoite kokouksessa oli turvata Ukrainan l\u00e4hivuosien rahoitustarpeet. Ilman ulkopuolista rahoitusta Ukrainaa uhkaisi maksukyvytt\u00f6myys jo ensi kev\u00e4\u00e4n\u00e4. My\u00f6s Kansainv\u00e4lisen valuuttarahaston IMF:n tukip\u00e4\u00e4t\u00f6s riippui EU-p\u00e4\u00e4t\u00f6ksest\u00e4.<\/p>\n<p><img decoding=\"async\" src=\"https:\/\/www.europesays.com\/fi\/wp-content\/uploads\/2025\/12\/1766214143_296_468.jpg\" alt=\"Eurooppa-neuvoston puheenjohtaja Antonio Costa (vas.) ja Ukrainan presidentti Volodymyr Zelenskyi EU:n huippukokouksessa Brysseliss\u00e4 torstaina. Kokous on sen j\u00e4lkeen venynyt pitk\u00e4lle y\u00f6h\u00f6n, kun se yritt\u00e4\u00e4 saada aikaan ratkaisua Ukrainan tukemisesta.\" class=\"_Img_1rerz_1\" style=\"aspect-ratio:1.5\" loading=\"eager\"\/><\/p>\n<p class=\"article-picture-caption\">Eurooppa-neuvoston puheenjohtaja Antonio Costa (vas.) ja Ukrainan presidentti Volodymyr Zelenskyi EU:n huippukokouksessa Brysseliss\u00e4 torstaina. Kokous on sen j\u00e4lkeen venynyt pitk\u00e4lle y\u00f6h\u00f6n, kun se yritt\u00e4\u00e4 saada aikaan ratkaisua Ukrainan tukemisesta. Kuva:\u00a0STEPHANIE LECOCQ \/ POOL<\/p>\n<p class=\"article-body mb-nof-24 px-nof-16\">J\u00e4rjestelyss\u00e4 EU ottaa markkinoilta velkaa k\u00e4ytt\u00e4en takauksena EU:n nykyist\u00e4 budjettia.<\/p>\n<p class=\"article-body mb-nof-24 px-nof-16\">\u201dSuomen vastuut eiv\u00e4t t\u00e4ss\u00e4 lis\u00e4\u00e4nny\u201d, Orpo sanoo.<\/p>\n<p class=\"article-body mb-nof-24 px-nof-16\">Ukrainalle t\u00e4m\u00e4 raha ohjataan nollakorkoisen lainan muodossa. Ukraina maksaa lainan takaisin vain siin\u00e4 tapauksessa, ett\u00e4 Ven\u00e4j\u00e4 lopettaa sodan ja maksaa sotakorvaukset.<\/p>\n<p class=\"article-body mb-nof-24 px-nof-16\">EU pit\u00e4\u00e4 Ven\u00e4j\u00e4n keskuspankin j\u00e4\u00e4dytetyt varat j\u00e4rjestelyn \u201dper\u00e4lautana\u201d. My\u00f6s varat pysyv\u00e4t j\u00e4\u00e4dytettyn\u00e4 siihen saakka, kunnes Ven\u00e4j\u00e4 maksaa Ukrainalle sotakorvaukset.<\/p>\n<p class=\"article-body mb-nof-24 px-nof-16\">Kun Ukrainan lainat EU:lle er\u00e4\u00e4ntyv\u00e4t, rahat lainan takaisinmaksuun voitaisiin siis ottaa Ven\u00e4j\u00e4n keskuspankin varoista.<\/p>\n<p class=\"article-body mb-nof-24 px-nof-16\">\u201dJos Ven\u00e4j\u00e4 ei aikanaan maksa sotakorvauksia, silloin n\u00e4it\u00e4 varoja voidaan k\u00e4ytt\u00e4\u00e4 kansainv\u00e4lisoikeudellisen kehikon mukaisesti\u201d, Orpo sanoo.<\/p>\n<p class=\"article-body mb-nof-24 px-nof-16\">\u201dPettymys oli, ettei Ven\u00e4j\u00e4n varoja t\u00e4m\u00e4n enemp\u00e4\u00e4 pystytty hy\u00f6dynt\u00e4m\u00e4\u00e4n, mutta muistutan, ett\u00e4 olemme pystyneet sent\u00e4\u00e4n p\u00e4\u00e4tt\u00e4m\u00e4\u00e4n siit\u00e4, ett\u00e4 ne ovat pysyv\u00e4sti j\u00e4\u00e4dytettyin\u00e4 ja ett\u00e4 niit\u00e4 k\u00e4ytet\u00e4\u00e4n per\u00e4lautana t\u00e4ss\u00e4 lainaj\u00e4rjestelyss\u00e4. On my\u00f6s kirjattu, ett\u00e4 [sotakorvauslainan] valmistelu jatkuu.\u201d<\/p>\n<p class=\"article-body mb-nof-24 px-nof-16\">Ukrainan arvioidaan tarvitsevan vuosina 2026\u20132027 ulkopuolista rahoitusta yli 130 miljardia euroa. EU kattaa t\u00e4st\u00e4 90 miljardia euroa eli kaksi kolmasosaa ja odottaa, ett\u00e4 muut kansainv\u00e4liset kumppanit kuten Britannia, Norja ja Kanada kattavat loput.<\/p>\n<p class=\"article-body mb-nof-24 px-nof-16\">Yhteisvelka vaatii j\u00e4senmaiden yksimielisen p\u00e4\u00e4t\u00f6ksen. T\u00e4m\u00e4n vaatimuksen kiert\u00e4miseksi j\u00e4rjestely p\u00e4\u00e4tettiin toteuttaa vahvistetun yhteisty\u00f6n mallilla, jolloin osa j\u00e4senmaista j\u00e4tt\u00e4ytyy j\u00e4rjestelyn ulkopuolelle. Unkari, Slovakia ja T\u0161ekki eiv\u00e4t est\u00e4neet p\u00e4\u00e4t\u00f6st\u00e4 ja vastineeksi saivat lupauksen, etteiv\u00e4t j\u00e4rjestelyn taloudelliset vastuut koske heit\u00e4.<\/p>\n<p class=\"article-body mb-nof-24 px-nof-16\">K\u00e4yt\u00e4nn\u00f6ss\u00e4 t\u00e4m\u00e4 tarkoittaa, etteiv\u00e4t n\u00e4m\u00e4 kolme maata joudu osallistumaan yhteislainan korkokulujen hoitamiseen. Korkokulut maksetaan EU-budjetista eli viime k\u00e4dess\u00e4 EU-mailta.<\/p>\n","protected":false},"excerpt":{"rendered":"P\u00e4\u00e4ministeri Petteri Orpo (kok.) sanoo, ett\u00e4 huippukokouksen p\u00e4\u00e4t\u00f6s oli pettymys, mutta turvaa p\u00e4\u00e4tavoitteen eli Ukrainan rahoituksen. 19.12. 6:18&hellip;\n","protected":false},"author":2,"featured_media":121252,"comment_status":"","ping_status":"","sticky":false,"template":"","format":"standard","meta":{"footnotes":""},"categories":[5],"tags":[157,22,23,26,27,33,31,30,17,24,25,28,29,15,18,21,32,19,20,16],"class_list":{"0":"post-121251","1":"post","2":"type-post","3":"status-publish","4":"format-standard","5":"has-post-thumbnail","7":"category-otsikot","8":"tag-aamulehti","9":"tag-breaking-news","10":"tag-breakingnews","11":"tag-featured-news","12":"tag-featurednews","13":"tag-fi","14":"tag-finland","15":"tag-finnish","16":"tag-headlines","17":"tag-latest-news","18":"tag-latestnews","19":"tag-main-news","20":"tag-mainnews","21":"tag-news","22":"tag-otsikot","23":"tag-paauutiset","24":"tag-suomi","25":"tag-top-stories","26":"tag-topstories","27":"tag-uutiset"},"share_on_mastodon":{"url":"https:\/\/pubeurope.com\/@fi\/115750616796913524","error":""},"_links":{"self":[{"href":"https:\/\/www.europesays.com\/fi\/wp-json\/wp\/v2\/posts\/121251","targetHints":{"allow":["GET"]}}],"collection":[{"href":"https:\/\/www.europesays.com\/fi\/wp-json\/wp\/v2\/posts"}],"about":[{"href":"https:\/\/www.europesays.com\/fi\/wp-json\/wp\/v2\/types\/post"}],"author":[{"embeddable":true,"href":"https:\/\/www.europesays.com\/fi\/wp-json\/wp\/v2\/users\/2"}],"replies":[{"embeddable":true,"href":"https:\/\/www.europesays.com\/fi\/wp-json\/wp\/v2\/comments?post=121251"}],"version-history":[{"count":0,"href":"https:\/\/www.europesays.com\/fi\/wp-json\/wp\/v2\/posts\/121251\/revisions"}],"wp:featuredmedia":[{"embeddable":true,"href":"https:\/\/www.europesays.com\/fi\/wp-json\/wp\/v2\/media\/121252"}],"wp:attachment":[{"href":"https:\/\/www.europesays.com\/fi\/wp-json\/wp\/v2\/media?parent=121251"}],"wp:term":[{"taxonomy":"category","embeddable":true,"href":"https:\/\/www.europesays.com\/fi\/wp-json\/wp\/v2\/categories?post=121251"},{"taxonomy":"post_tag","embeddable":true,"href":"https:\/\/www.europesays.com\/fi\/wp-json\/wp\/v2\/tags?post=121251"}],"curies":[{"name":"wp","href":"https:\/\/api.w.org\/{rel}","templated":true}]}}