{"id":121253,"date":"2025-12-20T07:12:09","date_gmt":"2025-12-20T07:12:09","guid":{"rendered":"https:\/\/www.europesays.com\/fi\/121253\/"},"modified":"2025-12-20T07:12:09","modified_gmt":"2025-12-20T07:12:09","slug":"risteily-yhtio-kielsi-alylasit-julkisissa-tiloissa","status":"publish","type":"post","link":"https:\/\/www.europesays.com\/fi\/121253\/","title":{"rendered":"Risteily-yhti\u00f6 kielsi \u00e4lylasit julkisissa tiloissa"},"content":{"rendered":"<p>Uudet muotivehkeet eiv\u00e4t kelpaa.<\/p>\n<p class=\"article-body mb-nof-24 px-nof-16\">Sveitsil\u00e4inen risteily-yhti\u00f6 MSC Cruises kielt\u00e4\u00e4 laivoillaan laitteet, joilla pystyy salaa tai vaivihkaa tallentamaan \u00e4\u00e4nt\u00e4 tai kuvaa ja l\u00e4hett\u00e4m\u00e4\u00e4n dataa. Yhti\u00f6n <a class=\"article-genericlink\" href=\"https:\/\/www.msccruisesusa.com\/-\/media\/us\/documents\/guest-conduct-policy\" rel=\"nofollow noopener\" target=\"_blank\">Yhdysvaltain verkkosivujen mukaan<\/a> n\u00e4ihin lukeutuvat \u00e4lylasit, ja kielto koskee laivojen julkisia tiloja.<\/p>\n<p class=\"article-body mb-nof-24 px-nof-16\">Yhti\u00f6 kertoi <a class=\"article-genericlink\" href=\"https:\/\/eu.usatoday.com\/story\/travel\/cruises\/2025\/12\/13\/msc-cruises-smart-glasses-ban\/87737203007\/\" rel=\"nofollow noopener\" target=\"_blank\">USA Todaylle<\/a>, ett\u00e4 kielto astui voimaan viime hein\u00e4kuussa. \u00c4lylasit ovat sallittuja vain hyteiss\u00e4, muissa ei-julkisissa tiloissa ja maihin nousemisen j\u00e4lkeen. Matkustajat saavat kuitenkin tuoda \u00e4lylasinsa laivaan.<\/p>\n<p class=\"article-body mb-nof-24 px-nof-16\">\u2013 \u00c4lylasit ja vastaavat laitteet on listattu kielletyiss\u00e4 laitteissa, jotta turvallisuustiimimme pystyv\u00e4t astumaan v\u00e4liin ja takavarikoimaan laitteen v\u00e4\u00e4rink\u00e4yt\u00f6sten ilmetess\u00e4, MSC Cruises sanoo lehdelle.<\/p>\n<p class=\"article-body mb-nof-24 px-nof-16\">Kieltoa ei l\u00f6ydy MSC:n suomenkielisist\u00e4 risteilys\u00e4\u00e4nn\u00f6ist\u00e4.<\/p>\n<p class=\"article-body mb-nof-24 px-nof-16\">Rajoitus on ymm\u00e4rrett\u00e4viss\u00e4, sill\u00e4 \u00e4lylasit ovat yleistyneet kaikessa hiljaisuudessa yll\u00e4tt\u00e4v\u00e4n nopeasti.<\/p>\n<p class=\"article-body mb-nof-24 px-nof-16\">\u00c4lylasit ovat muuttuneet merkitt\u00e4v\u00e4sti runsaan kymmenen vuoden takaisista k\u00f6mpel\u00f6ist\u00e4 hologrammimalleista. Teko\u00e4lyn tuleminen laseihin on muuttanut niiden luonnetta ja k\u00e4ytett\u00e4vyytt\u00e4 merkitt\u00e4v\u00e4sti. Selke\u00e4t k\u00e4ytt\u00f6tapaukset, kuten \u201dMit\u00e4 katson?\u201d- tai \u201dK\u00e4\u00e4nn\u00e4 t\u00e4m\u00e4 teksti\u201d -kehotteet hy\u00f6dyllisi\u00e4.<\/p>\n<p class=\"article-body mb-nof-24 px-nof-16\">Samalla kun lasit ovat muuttuneet kyborgih\u00e4kkyr\u00f6ist\u00e4 tavallisen n\u00e4k\u00f6iseksi ja kuvan- ja \u00e4\u00e4nenlaatu on parantunut merkitt\u00e4v\u00e4sti, moni kuluttajakin on alkanut niit\u00e4 l\u00f6yt\u00e4\u00e4.<\/p>\n<p class=\"article-body mb-nof-24 px-nof-16\">Metan alkuper\u00e4isi\u00e4 vuonna 2023 julkaistuja Ray-Ban -\u00e4lylaseja oli myyty 2 miljoonaa kappaletta viime helmikuuhun menness\u00e4. Yhti\u00f6 ei ole paljastanut syksyll\u00e4 julkaisemansa Meta Ray-Ban Display -mallin myyntej\u00e4.<\/p>\n<p class=\"article-body mb-nof-24 px-nof-16\">Kasvu on kuitenkin kovaa. Counterpoint Researchin mukaan \u00e4lylasien toimitukset yli kaksinkertaistuivat vuoden 2025 alkupuoliskolla, kertoo <a class=\"article-genericlink\" href=\"https:\/\/www.techinasia.com\/news\/global-smart-glasses-shipments-double-in-h1-2025\" rel=\"nofollow noopener\" target=\"_blank\">Tech in Asia<\/a>.<\/p>\n<p class=\"article-body mb-nof-24 px-nof-16\">My\u00f6s Google on palaamassa markkinoille ensi vuonna. Asiasta uutisoi esimerkiksi <a class=\"article-genericlink\" href=\"https:\/\/www.bbc.com\/news\/articles\/cwyx83n00k6o\" rel=\"nofollow noopener\" target=\"_blank\">BBC<\/a>.<\/p>\n<p class=\"article-body mb-nof-24 px-nof-16\">\u00c4lylaseilla on huono maine. Googlen ensimm\u00e4inen versio laitteesta, Google Glass, tuli tunnetuksi juurikin salakuvaamisesta, ja laitteen k\u00e4ytt\u00e4ji\u00e4 alettiin yleisesti kutsua nimell\u00e4 \u201dglasshole\u201d.<\/p>\n<p class=\"article-body mb-nof-24 px-nof-16\">Lue lis\u00e4\u00e4: <a class=\"article-genericlink\" href=\"https:\/\/www.is.fi\/digitoday\/art-2000001826889.html\" rel=\"nofollow noopener\" target=\"_blank\">Googlelta is\u00e4llinen neuvo: Eth\u00e4n ole &#8221;glasshole&#8221;<\/a><\/p>\n<p class=\"article-body mb-nof-24 px-nof-16\">Lue lis\u00e4\u00e4: <a class=\"article-genericlink\" href=\"https:\/\/www.is.fi\/digitoday\/art-2000001862480.html\" rel=\"nofollow noopener\" target=\"_blank\">Google lopettaa kohuttujen Glass-virtuaalilasien myynnin<\/a><\/p>\n<p class=\"article-body mb-nof-24 px-nof-16\">Google p\u00e4\u00e4tti sitten keskitty\u00e4 laseillaan yrityksiin, mutta nyt yhti\u00f6 uskaltautuu takaisin kuluttajien pariin.<\/p>\n","protected":false},"excerpt":{"rendered":"Uudet muotivehkeet eiv\u00e4t kelpaa. Sveitsil\u00e4inen risteily-yhti\u00f6 MSC Cruises kielt\u00e4\u00e4 laivoillaan laitteet, joilla pystyy salaa tai vaivihkaa tallentamaan \u00e4\u00e4nt\u00e4&hellip;\n","protected":false},"author":2,"featured_media":121254,"comment_status":"","ping_status":"","sticky":false,"template":"","format":"standard","meta":{"footnotes":""},"categories":[86],"tags":[420,33,31,30,34,421,32,91,92],"class_list":{"0":"post-121253","1":"post","2":"type-post","3":"status-publish","4":"format-standard","5":"has-post-thumbnail","7":"category-laitteet","8":"tag-equipment","9":"tag-fi","10":"tag-finland","11":"tag-finnish","12":"tag-ilta-sanomat","13":"tag-laitteet","14":"tag-suomi","15":"tag-technology","16":"tag-teknologia"},"share_on_mastodon":{"url":"https:\/\/pubeurope.com\/@fi\/115750655934856293","error":""},"_links":{"self":[{"href":"https:\/\/www.europesays.com\/fi\/wp-json\/wp\/v2\/posts\/121253","targetHints":{"allow":["GET"]}}],"collection":[{"href":"https:\/\/www.europesays.com\/fi\/wp-json\/wp\/v2\/posts"}],"about":[{"href":"https:\/\/www.europesays.com\/fi\/wp-json\/wp\/v2\/types\/post"}],"author":[{"embeddable":true,"href":"https:\/\/www.europesays.com\/fi\/wp-json\/wp\/v2\/users\/2"}],"replies":[{"embeddable":true,"href":"https:\/\/www.europesays.com\/fi\/wp-json\/wp\/v2\/comments?post=121253"}],"version-history":[{"count":0,"href":"https:\/\/www.europesays.com\/fi\/wp-json\/wp\/v2\/posts\/121253\/revisions"}],"wp:featuredmedia":[{"embeddable":true,"href":"https:\/\/www.europesays.com\/fi\/wp-json\/wp\/v2\/media\/121254"}],"wp:attachment":[{"href":"https:\/\/www.europesays.com\/fi\/wp-json\/wp\/v2\/media?parent=121253"}],"wp:term":[{"taxonomy":"category","embeddable":true,"href":"https:\/\/www.europesays.com\/fi\/wp-json\/wp\/v2\/categories?post=121253"},{"taxonomy":"post_tag","embeddable":true,"href":"https:\/\/www.europesays.com\/fi\/wp-json\/wp\/v2\/tags?post=121253"}],"curies":[{"name":"wp","href":"https:\/\/api.w.org\/{rel}","templated":true}]}}