{"id":121255,"date":"2025-12-20T07:14:08","date_gmt":"2025-12-20T07:14:08","guid":{"rendered":"https:\/\/www.europesays.com\/fi\/121255\/"},"modified":"2025-12-20T07:14:08","modified_gmt":"2025-12-20T07:14:08","slug":"marja-hintikan-poikkeuksellinen-joulunvietto-seiska","status":"publish","type":"post","link":"https:\/\/www.europesays.com\/fi\/121255\/","title":{"rendered":"Marja Hintikan poikkeuksellinen joulunvietto | Seiska"},"content":{"rendered":"<p>\n            (240904) &#8212; Helsinki, September 4, 2024 \u2013Marja Hintikka poses for the camera during El\u00e4m\u00e4 Lapselle &#8211; concert in Helsinki, Finland, 4. September 2024. (Matti Matikainen\/Aller Media)<br \/>\n            Matti Matikainen\n        <\/p>\n<p class=\"subtitle \">Juontajan poikkeuksellinen rajanveto saattaa kummastuttaa.<\/p>\n<p class=\"article-content article-content-width !bg-background\">Tv- ja -radiojuontajana tunnettu  teki painavan ulostulon joulunvietosta.<\/p>\n<p class=\"font-weight-bold m-font-weight-bold article-content article-content-width !bg-background\">Video: TikTalkissa Ninni Rebecca.<\/p>\n<p class=\"article-content article-content-width !bg-background\">Marja kertoo tuoreessa<a href=\"https:\/\/www.instagram.com\/p\/DSclilJiEkE\/?img_index=1\" target=\"_blank\" rel=\"nofollow noopener\"> Instagram-julkaisussaan<\/a>, ettei viet\u00e4 jouluaan niin perinteiss\u00e4 tavalla, kuin monet muut.<\/p>\n<p class=\"article-content article-content-width !bg-background\">Marja on tehnyt poikkeuksellisen rajanvedon, joka voi kummastuttaa etenkiin vierailurumbaan tottuneita joulunviett\u00e4ji\u00e4.<\/p>\n<p class=\"article-content article-content-width !bg-background\">\u2013\u00a0Mulla meni 47 vuotta aikaa opetella sellainen joulu, joka on aidosti sellainen, josta tykk\u00e4\u00e4n. Mutta opettelu kannatti! Marja aloittaa mittavan kirjoituksensa.<\/p>\n<p>Joulusta omann\u00e4k\u00f6inen<\/p>\n<p class=\"article-content article-content-width !bg-background\">Marja tiedostaa, ett\u00e4 joulu lienee harvalle neutraali juhlapyh\u00e4, vaan siihen voi liitty\u00e4 ik\u00e4vi\u00e4kin tunteita. H\u00e4n nostaa esille turvattomuuden kokemukset tai sen, ett\u00e4 perheen \u00e4iti on riutunut ylikuormituksesta.<\/p>\n<p class=\"article-content article-content-width !bg-background\">Joitakin taas koskettaa l\u00e4heisen poismeno, joka on tapahtunut juuri joulun aikaan.<\/p>\n<p class=\"article-content article-content-width !bg-background\">\u2013 Jonkun l\u00e4heinen taas oli aina jouluna liian humalassa.\u00a0Lapsuuden vaikeat ja haavoittavat joulukokemukset voivat saada aikaan sen, ett\u00e4 aikuisenakin suorittaa ja el\u00e4\u00e4 joulua ik\u00e4\u00e4n kuin muita varten. Ja viimeist\u00e4\u00e4n tapaninp\u00e4iv\u00e4n\u00e4 iskee tyhjyys ja raivo: miksi t\u00e4m\u00e4 on aina t\u00e4llaista? h\u00e4n kirjoittaa.<\/p>\n<p class=\"article-content article-content-width !bg-background\">Marja muistuttaa, ett\u00e4 on mahdollista rakentaa pala palalta ja vuosi vuodelta sellainen joulu, joka on itselle sopiva, ja jollaista tuntuu hyv\u00e4lt\u00e4 viett\u00e4\u00e4. Uusi joulu ei h\u00e4nest\u00e4 synny sormia napsauttamalla, mutta Marja kehottaa olemaan armollinen.<\/p>\n<p class=\"article-content article-content-width !bg-background\">\u2013 Kun ottaa realistisen 47 vuoden tavoitteen, sielt\u00e4 se unelmien joulu saattaa yll\u00e4tt\u00e4en kuoriutua, h\u00e4n lohduttaa.<\/p>\n<p>                <img decoding=\"async\" src=\"https:\/\/www.europesays.com\/fi\/wp-content\/uploads\/2025\/12\/1851305.webp\" width=\"576\" height=\"720\" alt=\"Marja ei tee jouluisia vierailua pelk\u00e4st\u00e4 velvollisuudentunnosta.\" loading=\"lazy\" \/>            <\/p>\n<p>\n            Marja ei tee jouluisia vierailua pelk\u00e4st\u00e4 velvollisuudentunnosta.<br \/>\n            Timo Korhonen\n        <\/p>\n<p>S\u00e4nt\u00e4ilylle loppu<\/p>\n<p class=\"article-content article-content-width !bg-background\">Joulutunnelmaa Marjalle itselleen luovat joulupuuro, seura ja kauneimmat joululaulut keskell\u00e4 p\u00e4iv\u00e4\u00e4.<\/p>\n<p class=\"article-content article-content-width !bg-background\">Marja paljastaa, ett\u00e4 viett\u00e4\u00e4 joulunsa lempiseurassaan, eik\u00e4 &#8221;velvollisuuskyl\u00e4ile&#8221;. He lopettivat puolisonsa  kanssa s\u00e4nt\u00e4ilyn ja &#8221;kyl\u00e4ilyrumban&#8221; lastensa ollessa ihan pieni\u00e4.<\/p>\n<p class=\"article-content article-content-width !bg-background\">\u2013 Siit\u00e4 l\u00e4htien ollaan j\u00e4rk\u00e4tty joulu aina meill\u00e4. Liittyy siihenkin hommaa, mutta eip\u00e4 tarvii s\u00e4nt\u00e4ill\u00e4.<\/p>\n<p><script async src=\"\/\/www.instagram.com\/embed.js\"><\/script><\/p>\n","protected":false},"excerpt":{"rendered":"(240904) &#8212; Helsinki, September 4, 2024 \u2013Marja Hintikka poses for the camera during El\u00e4m\u00e4 Lapselle &#8211; concert in&hellip;\n","protected":false},"author":2,"featured_media":121256,"comment_status":"","ping_status":"","sticky":false,"template":"","format":"standard","meta":{"footnotes":""},"categories":[136],"tags":[407,137,33,31,30,2834,5856,19964,408,3326,98,32,109],"class_list":{"0":"post-121255","1":"post","2":"type-post","3":"status-publish","4":"format-standard","5":"has-post-thumbnail","7":"category-julkkikset","8":"tag-celebrities","9":"tag-entertainment","10":"tag-fi","11":"tag-finland","12":"tag-finnish","13":"tag-ile-uusivuori","14":"tag-joulu","15":"tag-joulunvietto","16":"tag-julkkikset","17":"tag-marja-hintikka","18":"tag-perhe","19":"tag-suomi","20":"tag-viihde"},"share_on_mastodon":{"url":"https:\/\/pubeurope.com\/@fi\/115750664148043383","error":""},"_links":{"self":[{"href":"https:\/\/www.europesays.com\/fi\/wp-json\/wp\/v2\/posts\/121255","targetHints":{"allow":["GET"]}}],"collection":[{"href":"https:\/\/www.europesays.com\/fi\/wp-json\/wp\/v2\/posts"}],"about":[{"href":"https:\/\/www.europesays.com\/fi\/wp-json\/wp\/v2\/types\/post"}],"author":[{"embeddable":true,"href":"https:\/\/www.europesays.com\/fi\/wp-json\/wp\/v2\/users\/2"}],"replies":[{"embeddable":true,"href":"https:\/\/www.europesays.com\/fi\/wp-json\/wp\/v2\/comments?post=121255"}],"version-history":[{"count":0,"href":"https:\/\/www.europesays.com\/fi\/wp-json\/wp\/v2\/posts\/121255\/revisions"}],"wp:featuredmedia":[{"embeddable":true,"href":"https:\/\/www.europesays.com\/fi\/wp-json\/wp\/v2\/media\/121256"}],"wp:attachment":[{"href":"https:\/\/www.europesays.com\/fi\/wp-json\/wp\/v2\/media?parent=121255"}],"wp:term":[{"taxonomy":"category","embeddable":true,"href":"https:\/\/www.europesays.com\/fi\/wp-json\/wp\/v2\/categories?post=121255"},{"taxonomy":"post_tag","embeddable":true,"href":"https:\/\/www.europesays.com\/fi\/wp-json\/wp\/v2\/tags?post=121255"}],"curies":[{"name":"wp","href":"https:\/\/api.w.org\/{rel}","templated":true}]}}