{"id":121259,"date":"2025-12-20T07:20:09","date_gmt":"2025-12-20T07:20:09","guid":{"rendered":"https:\/\/www.europesays.com\/fi\/121259\/"},"modified":"2025-12-20T07:20:09","modified_gmt":"2025-12-20T07:20:09","slug":"influenssa-leviaa-pahin-vasta-edessa-tama-on-selkea-virhe","status":"publish","type":"post","link":"https:\/\/www.europesays.com\/fi\/121259\/","title":{"rendered":"Influenssa levi\u00e4\u00e4, pahin vasta edess\u00e4: \u201dT\u00e4m\u00e4 on selke\u00e4 virhe\u201d"},"content":{"rendered":"<p>Husin infektiotautien ylil\u00e4\u00e4k\u00e4ri Asko J\u00e4rvinen suosittelee virustautien kotitestej\u00e4.<\/p>\n<p><img decoding=\"async\" class=\"image image-show image-preview\" src=\"https:\/\/www.europesays.com\/fi\/wp-content\/uploads\/2025\/12\/01c9b090f8b316159c67929a65a7171b4335de96c5c99b011c205b5467e5bf54.jpg\" alt=\"\"\/><img decoding=\"async\" class=\"image image-show\" src=\"https:\/\/www.europesays.com\/fi\/wp-content\/uploads\/2025\/12\/1766215209_897_01c9b090f8b316159c67929a65a7171b4335de96c5c99b011c205b5467e5bf54.jpg\" alt=\"\"\/><\/p>\n<p>Asko J\u00e4rvisen mukaan influenssaan sairastuvat usein ensin nuoremmat ja vasta sitten vanhemmat henkil\u00f6t. Elle Laitila<\/p>\n<p class=\"paragraph\">Influenssaa on jo runsaasti koko maassa, mutta epidemiak\u00e4yr\u00e4 on vasta nousevassa vaiheessa.<\/p>\n<p class=\"paragraph\">\u2013 Tartuntojen voi olettaa lis\u00e4\u00e4ntyv\u00e4n viel\u00e4 tulevien viikkojen aikana, joten epidemiahuippu ajoittunee joulun ja vuodenvaihteen lomakauteen ainakin etel\u00e4isess\u00e4 Suomessa, toteaa Husin infektiotautil\u00e4\u00e4k\u00e4ri <strong>Asko J\u00e4rvinen<\/strong> s\u00e4hk\u00f6postitse.<\/p>\n<p class=\"paragraph\">Koronan suhteen tilanne on toisenlainen.<\/p>\n<p class=\"paragraph\">\u2013 Potilasm\u00e4\u00e4r\u00e4t sairaalassa olevien covid-19-potilaiden osalta ovat viel\u00e4 hyvin matalia. Vanha totuus on, ettei kahden viruksen epidemia osuisi ihan samaan aikaan, mik\u00e4 v\u00e4hent\u00e4isi ehk\u00e4 merkitt\u00e4v\u00e4n koronavirusepidemian todenn\u00e4k\u00f6isyytt\u00e4, J\u00e4rvinen pohtii.<\/p>\n<p class=\"paragraph\">Vaikka virustauteja on liikkeell\u00e4, J\u00e4rvisen mielest\u00e4 suuriin muutoksiin vuodenvaihteen lomasuunnitelmiin ja ihmisten tapaamiseen ei ole tarvetta, jos oireita ei ole.<\/p>\n<p>Tee kotitesti<\/p>\n<p class=\"paragraph\">J\u00e4rvisen mukaan t\u00e4ll\u00e4 hetkell\u00e4 ollaan virustautien suhteen samanlaisessa tilanteessa kuin vallitsi ennen koronapandemiaa. Jotain uutta tilanteessa kuitenkin on.<\/p>\n<p class=\"paragraph\">\u2013 Tietoisuus virustautien mahdollisista riskeist\u00e4 i\u00e4kk\u00e4immille on lis\u00e4\u00e4ntynyt.<\/p>\n<p class=\"paragraph\">Vaikeaa koronavirustautia ei J\u00e4rvisen mukaan k\u00e4yt\u00e4nn\u00f6ss\u00e4 en\u00e4\u00e4 juuri esiinny. I\u00e4kk\u00e4immill\u00e4 kansalaisilla virustauti voi kuitenkin edelleen vaikeuttaa perustauteja ja heikent\u00e4\u00e4 hauraan vanhuksen kotona p\u00e4rj\u00e4\u00e4mist\u00e4.<\/p>\n<p class=\"paragraph\">\u2013 En pit\u00e4isi joulun ajan tapaamisten ja matkojen perumista tarpeellisena. Sairaana ei kuitenkaan pit\u00e4isi l\u00e4hte\u00e4 tartuttamaan muita, J\u00e4rvinen neuvoo.<\/p>\n<p class=\"paragraph\">J\u00e4rvinen suosittelee kotitestien tekemist\u00e4. Yhdistelm\u00e4kotitesti n\u00e4ytt\u00e4\u00e4, onko kyseess\u00e4 koronavirus vai influenssavirus. Joissakin testeiss\u00e4 n\u00e4kyy my\u00f6s RSV-virustartunta.<\/p>\n<p class=\"paragraph\">\u2013 T\u00e4ss\u00e4 tilanteessa saattaa testaamisesta olla hy\u00f6ty\u00e4. Nuorempi voi niill\u00e4 saada varsin hyv\u00e4n varmuuden n\u00e4iden taudinaiheuttajien osalta. Jos i\u00e4k\u00e4s sairastuu influenssaan, tulisi testi tehd\u00e4 nopeasti,  J\u00e4rvinen sanoo.<\/p>\n<p>L\u00e4\u00e4ke taudin ehk\u00e4isyyn<\/p>\n<p class=\"paragraph\">Virustaudin varhaisessa vaiheessa testin tekemisest\u00e4 voi olla erityisen paljon hy\u00f6ty\u00e4. Influenssaan on olemassa hyvin siedetty ja edullinen l\u00e4\u00e4kehoito oseltamiviiri eli Tamiflu.<\/p>\n<p class=\"paragraph\">\u2013 Se tulisi kuitenkin aloittaa mahdollisimman pian eli kahden vuorokauden sis\u00e4ll\u00e4 oireiden alusta. L\u00e4\u00e4ke on sit\u00e4 tehokkaampi, mit\u00e4 aikaisemmin l\u00e4\u00e4kityksen aloittaa, J\u00e4rvinen sanoo.<\/p>\n<p class=\"paragraph\">\u2013 Ongelma on sen reseptivaatimus, joka on nykytilanteessa ja l\u00e4\u00e4kkeen turvallisuus huomioiden selke\u00e4 virhe.<\/p>\n<p class=\"paragraph\">J\u00e4rvinen suosittelee oseltamiviiri\u00e4 my\u00f6s influenssan ehk\u00e4isyyn, jos on tiedossa virukselle altistuminen esimerkiksi joulup\u00f6yd\u00e4ss\u00e4.<\/p>\n<p class=\"paragraph\">Influenssa aiheuttanee kuormitusta sairaaloissa vuodenvaihteessa ja my\u00f6s sit\u00e4 ennen.<\/p>\n<p class=\"paragraph\">\u2013 Terveydenhuollon varautumisesta on keskusteltu marraskuun lopulta l\u00e4htien. Toivottavasti varautuminen on onnistunut, J\u00e4rvinen sanoo.<\/p>\n","protected":false},"excerpt":{"rendered":"Husin infektiotautien ylil\u00e4\u00e4k\u00e4ri Asko J\u00e4rvinen suosittelee virustautien kotitestej\u00e4. Asko J\u00e4rvisen mukaan influenssaan sairastuvat usein ensin nuoremmat ja vasta&hellip;\n","protected":false},"author":2,"featured_media":121260,"comment_status":"","ping_status":"","sticky":false,"template":"","format":"standard","meta":{"footnotes":""},"categories":[165],"tags":[35,33,31,30,166,766,764,32,767,765,167,769],"class_list":{"0":"post-121259","1":"post","2":"type-post","3":"status-publish","4":"format-standard","5":"has-post-thumbnail","7":"category-terveys","8":"tag-24h","9":"tag-fi","10":"tag-finland","11":"tag-finnish","12":"tag-health","13":"tag-koronavirus","14":"tag-sairaudet","15":"tag-suomi","16":"tag-tartuntataudit","17":"tag-taudit-ja-hairiot","18":"tag-terveys","19":"tag-virussairaudet"},"share_on_mastodon":{"url":"https:\/\/pubeurope.com\/@fi\/115750687842386395","error":""},"_links":{"self":[{"href":"https:\/\/www.europesays.com\/fi\/wp-json\/wp\/v2\/posts\/121259","targetHints":{"allow":["GET"]}}],"collection":[{"href":"https:\/\/www.europesays.com\/fi\/wp-json\/wp\/v2\/posts"}],"about":[{"href":"https:\/\/www.europesays.com\/fi\/wp-json\/wp\/v2\/types\/post"}],"author":[{"embeddable":true,"href":"https:\/\/www.europesays.com\/fi\/wp-json\/wp\/v2\/users\/2"}],"replies":[{"embeddable":true,"href":"https:\/\/www.europesays.com\/fi\/wp-json\/wp\/v2\/comments?post=121259"}],"version-history":[{"count":0,"href":"https:\/\/www.europesays.com\/fi\/wp-json\/wp\/v2\/posts\/121259\/revisions"}],"wp:featuredmedia":[{"embeddable":true,"href":"https:\/\/www.europesays.com\/fi\/wp-json\/wp\/v2\/media\/121260"}],"wp:attachment":[{"href":"https:\/\/www.europesays.com\/fi\/wp-json\/wp\/v2\/media?parent=121259"}],"wp:term":[{"taxonomy":"category","embeddable":true,"href":"https:\/\/www.europesays.com\/fi\/wp-json\/wp\/v2\/categories?post=121259"},{"taxonomy":"post_tag","embeddable":true,"href":"https:\/\/www.europesays.com\/fi\/wp-json\/wp\/v2\/tags?post=121259"}],"curies":[{"name":"wp","href":"https:\/\/api.w.org\/{rel}","templated":true}]}}