{"id":121263,"date":"2025-12-20T07:22:07","date_gmt":"2025-12-20T07:22:07","guid":{"rendered":"https:\/\/www.europesays.com\/fi\/121263\/"},"modified":"2025-12-20T07:22:07","modified_gmt":"2025-12-20T07:22:07","slug":"le-bal-debytanttitanssiaiset-kertoo-seurapiiritapahtumasta","status":"publish","type":"post","link":"https:\/\/www.europesays.com\/fi\/121263\/","title":{"rendered":"Le Bal \u2013 debytanttitanssiaiset kertoo seurapiiritapahtumasta"},"content":{"rendered":"<p>\n  Le Bal -dokumentin kiehtovinta antia tuo tapahtuman ylimielinen j\u00e4rjest\u00e4j\u00e4 Oph\u00e9lie Renouard.<\/p>\n<p>\n            Teksti:          <\/p>\n<p>\n            Tero Kartastenp\u00e4\u00e4          <\/p>\n<p>N\u00e4ihin juhliin saa kutsun kauneudella, aatelisuudella tai julkkisvanhemmilla. Kanadalaisdokumentti seuraa vuoden ajan, miten yl\u00e4luokkaiset naiset valmistautuvat Le Bal -tanssiaisiin.<\/p>\n<p>Pukuleikkiin on tarkkaan valikoitu 18 debytanttia ymp\u00e4ri maailman. Heid\u00e4t lenn\u00e4tet\u00e4\u00e4n Pariisin muotitaloihin asusovituksiin.\u00a0Debytantit perustelevat eliittijuhlaa voimaantumisella ja maansa edustamisella. Jotkut sanovat suoraan kuuluvansa kermaan.<\/p>\n<p>Ohjaaja <strong>Lisa Immordino Vreeland <\/strong>on n\u00e4ytt\u00e4nyt kykyns\u00e4 esimerkiksi dokumentissa Diana Vreeland: The Eye Has to Travel (2012). Le Balia on kuvattu kunnianhimoisesti, mutta se k\u00e4rsii sentimentaalisuudesta ja mit\u00e4tt\u00f6mien asiantuntijoiden hehkutuksesta.<\/p>\n<p>Tapahtuman ylimielinen j\u00e4rjest\u00e4j\u00e4 <strong>Oph\u00e9lie Renouard<\/strong> on debytantteja kiehtovampi. Seurapiirivaikuttajan tylytt\u00e4v\u00e4st\u00e4 luonteesta kertovat kuitenkin l\u00e4hinn\u00e4 ty\u00f6ntekij\u00f6iden tyrmistyneet katseet kokouksissa. Tanssiaiset py\u00f6r\u00e4hdet\u00e4\u00e4n nopeasti, koska juhlat voi tiivist\u00e4\u00e4 pariin poseeraukseen kauniissa asuissa.<\/p>\n<p>Le Bal \u2013 debytanttitanssiaiset, lauantai 20.12. klo 19.11, <a href=\"https:\/\/areena.yle.fi\/1-72497759\" target=\"_blank\" rel=\"noreferrer noopener nofollow\">TV2<\/a><\/p>\n","protected":false},"excerpt":{"rendered":"Le Bal -dokumentin kiehtovinta antia tuo tapahtuman ylimielinen j\u00e4rjest\u00e4j\u00e4 Oph\u00e9lie Renouard. Teksti: Tero Kartastenp\u00e4\u00e4 N\u00e4ihin juhliin saa kutsun&hellip;\n","protected":false},"author":2,"featured_media":121264,"comment_status":"","ping_status":"","sticky":false,"template":"","format":"standard","meta":{"footnotes":""},"categories":[130],"tags":[819,18957,137,33,31,30,32,109],"class_list":{"0":"post-121263","1":"post","2":"type-post","3":"status-publish","4":"format-standard","5":"has-post-thumbnail","7":"category-viihde","8":"tag-dokumentti","9":"tag-eliitti","10":"tag-entertainment","11":"tag-fi","12":"tag-finland","13":"tag-finnish","14":"tag-suomi","15":"tag-viihde"},"share_on_mastodon":{"url":"https:\/\/pubeurope.com\/@fi\/115750695290390767","error":""},"_links":{"self":[{"href":"https:\/\/www.europesays.com\/fi\/wp-json\/wp\/v2\/posts\/121263","targetHints":{"allow":["GET"]}}],"collection":[{"href":"https:\/\/www.europesays.com\/fi\/wp-json\/wp\/v2\/posts"}],"about":[{"href":"https:\/\/www.europesays.com\/fi\/wp-json\/wp\/v2\/types\/post"}],"author":[{"embeddable":true,"href":"https:\/\/www.europesays.com\/fi\/wp-json\/wp\/v2\/users\/2"}],"replies":[{"embeddable":true,"href":"https:\/\/www.europesays.com\/fi\/wp-json\/wp\/v2\/comments?post=121263"}],"version-history":[{"count":0,"href":"https:\/\/www.europesays.com\/fi\/wp-json\/wp\/v2\/posts\/121263\/revisions"}],"wp:featuredmedia":[{"embeddable":true,"href":"https:\/\/www.europesays.com\/fi\/wp-json\/wp\/v2\/media\/121264"}],"wp:attachment":[{"href":"https:\/\/www.europesays.com\/fi\/wp-json\/wp\/v2\/media?parent=121263"}],"wp:term":[{"taxonomy":"category","embeddable":true,"href":"https:\/\/www.europesays.com\/fi\/wp-json\/wp\/v2\/categories?post=121263"},{"taxonomy":"post_tag","embeddable":true,"href":"https:\/\/www.europesays.com\/fi\/wp-json\/wp\/v2\/tags?post=121263"}],"curies":[{"name":"wp","href":"https:\/\/api.w.org\/{rel}","templated":true}]}}