{"id":121267,"date":"2025-12-20T07:26:11","date_gmt":"2025-12-20T07:26:11","guid":{"rendered":"https:\/\/www.europesays.com\/fi\/121267\/"},"modified":"2025-12-20T07:26:11","modified_gmt":"2025-12-20T07:26:11","slug":"bill-clintonin-tiedottajalta-kova-syytos-trumpin-hallinnolle","status":"publish","type":"post","link":"https:\/\/www.europesays.com\/fi\/121267\/","title":{"rendered":"Bill Clintonin tiedottajalta kova syyt\u00f6s Trumpin hallinnolle"},"content":{"rendered":"<p>Lausunto tuli sen j\u00e4lkeen, kun oikeusministeri\u00f6 alkoi julkaista Epstein-asiakirjoja, joissa Clintonkin on.<\/p>\n<p class=\"article-body mb-nof-24 px-nof-16\">Entisen demokraattipuolueen presidentin <a class=\"article-personlink\" href=\"https:\/\/www.is.fi\/haku\/?query=Bill%20Clintonin\" rel=\"nofollow noopener\" target=\"_blank\">Bill Clintonin<\/a> tiedottaja syytti perjantaina Valkoista taloa omiensa suojelusta.<\/p>\n<p class=\"article-body mb-nof-24 px-nof-16\"><a class=\"article-personlink\" href=\"https:\/\/www.is.fi\/haku\/?query=Angel%20Ure%C3%B1a\" rel=\"nofollow noopener\" target=\"_blank\">Angel Ure\u00f1a<\/a> julkaisi lausuntonsa viestipalvelu X:ss\u00e4 muutama tunti sen j\u00e4lkeen, kun oikeusministeri\u00f6 oli alkanut julkaista <a class=\"article-personlink\" href=\"https:\/\/www.is.fi\/haku\/?query=Jeffrey%20Epsteinin\" rel=\"nofollow noopener\" target=\"_blank\">Jeffrey Epsteinin<\/a> seksuaalirikostutkintoihin liittyv\u00e4\u00e4 materiaalia.<\/p>\n<p class=\"article-body mb-nof-24 px-nof-16\">Perjantaina julkaistuissa dokumenteissa on useita kuva Bill Clintonista muun muassa tunnistamattomaksi j\u00e4\u00e4vien naisten ja Epsteinin kanssa.<\/p>\n<p class=\"article-body mb-nof-24 px-nof-16\">Presidentti<a class=\"article-personlink\" href=\"https:\/\/www.is.fi\/haku\/?query=%20Donald%20Trumpin\" rel=\"nofollow noopener\" target=\"_blank\"> Donald Trumpin<\/a> hallinto on pitk\u00e4\u00e4n perustellut asiakirjojen salaamista tarpeella suojella Epsteinin uhreja. Lis\u00e4ksi viranomaiset haluavat sanojensa mukaan varmistaa, ettei dokumenttien julkaisu sotke meneill\u00e4\u00e4n olevia tutkintoja.<\/p>\n<p class=\"article-body mb-nof-24 px-nof-16\">Aineistojen salaaminen on kuitenkin her\u00e4tt\u00e4nyt spekulaatiot, ett\u00e4 niist\u00e4 l\u00f6ytyisi lis\u00e4\u00e4 todisteita julkisuuden henkil\u00f6iden yhteyksist\u00e4 Epsteiniin. Jo aiemmin julki tulleet aineistot ovat sis\u00e4lt\u00e4neet Trumpille itselleen kiusallisia tietoja h\u00e4nen ja Epsteinin yst\u00e4vyyssuhteesta 2000-luvun alussa.<\/p>\n<p class=\"article-body mb-nof-24 px-nof-16\">\u2013 Valkoinen talo ei ole piilotellut n\u00e4it\u00e4 dokumentteja kuukausia suojellakseen Bill Clintonia. He ovat suojelleet itse\u00e4\u00e4n silt\u00e4, mit\u00e4 on tulossa tai silt\u00e4, mit\u00e4 he yritt\u00e4v\u00e4t salata loppui\u00e4n, Ure\u00f1a kirjoittaa lausunnossa.<\/p>\n<p class=\"article-body mb-nof-24 px-nof-16\">\u2013 On kahdenlaisia ihmisi\u00e4. Niit\u00e4, jotka eiv\u00e4t tienneet mit\u00e4\u00e4n ja katkaisivat siteens\u00e4 Epsteiniin ennen kuin t\u00e4m\u00e4n rikokset tulivat ilmi. Sitten on niit\u00e4, jotka jatkoivat suhteitaan h\u00e4neen sen j\u00e4lkeenkin. Me olemme siin\u00e4 ensimm\u00e4isess\u00e4 ryhm\u00e4ss\u00e4.<\/p>\n<p class=\"article-body mb-nof-24 px-nof-16\">Bill Clinton on jo aiemmin kiist\u00e4nyt tiet\u00e4neens\u00e4 Epsteinin rikoksista. Clinton on kuvattu useita kertoja yhdess\u00e4 Epsteinin kanssa 1990-luvulla ja 2000-luvun alussa. Clintonia ei ole miss\u00e4\u00e4n vaiheessa syytetty mist\u00e4\u00e4n rikoksista tai v\u00e4\u00e4rink\u00e4yt\u00f6ksist\u00e4.<\/p>\n","protected":false},"excerpt":{"rendered":"Lausunto tuli sen j\u00e4lkeen, kun oikeusministeri\u00f6 alkoi julkaista Epstein-asiakirjoja, joissa Clintonkin on. Entisen demokraattipuolueen presidentin Bill Clintonin tiedottaja&hellip;\n","protected":false},"author":2,"featured_media":121268,"comment_status":"","ping_status":"","sticky":false,"template":"","format":"standard","meta":{"footnotes":""},"categories":[14],"tags":[22,23,26,27,33,31,30,17,34,24,25,28,29,15,18,21,32,19,20,56,16,59,60,61],"class_list":{"0":"post-121267","1":"post","2":"type-post","3":"status-publish","4":"format-standard","5":"has-post-thumbnail","7":"category-ulkomaat","8":"tag-breaking-news","9":"tag-breakingnews","10":"tag-featured-news","11":"tag-featurednews","12":"tag-fi","13":"tag-finland","14":"tag-finnish","15":"tag-headlines","16":"tag-ilta-sanomat","17":"tag-latest-news","18":"tag-latestnews","19":"tag-main-news","20":"tag-mainnews","21":"tag-news","22":"tag-otsikot","23":"tag-paauutiset","24":"tag-suomi","25":"tag-top-stories","26":"tag-topstories","27":"tag-ulkomaat","28":"tag-uutiset","29":"tag-world","30":"tag-world-news","31":"tag-worldnews"},"share_on_mastodon":{"url":"https:\/\/pubeurope.com\/@fi\/115750711164983836","error":""},"_links":{"self":[{"href":"https:\/\/www.europesays.com\/fi\/wp-json\/wp\/v2\/posts\/121267","targetHints":{"allow":["GET"]}}],"collection":[{"href":"https:\/\/www.europesays.com\/fi\/wp-json\/wp\/v2\/posts"}],"about":[{"href":"https:\/\/www.europesays.com\/fi\/wp-json\/wp\/v2\/types\/post"}],"author":[{"embeddable":true,"href":"https:\/\/www.europesays.com\/fi\/wp-json\/wp\/v2\/users\/2"}],"replies":[{"embeddable":true,"href":"https:\/\/www.europesays.com\/fi\/wp-json\/wp\/v2\/comments?post=121267"}],"version-history":[{"count":0,"href":"https:\/\/www.europesays.com\/fi\/wp-json\/wp\/v2\/posts\/121267\/revisions"}],"wp:featuredmedia":[{"embeddable":true,"href":"https:\/\/www.europesays.com\/fi\/wp-json\/wp\/v2\/media\/121268"}],"wp:attachment":[{"href":"https:\/\/www.europesays.com\/fi\/wp-json\/wp\/v2\/media?parent=121267"}],"wp:term":[{"taxonomy":"category","embeddable":true,"href":"https:\/\/www.europesays.com\/fi\/wp-json\/wp\/v2\/categories?post=121267"},{"taxonomy":"post_tag","embeddable":true,"href":"https:\/\/www.europesays.com\/fi\/wp-json\/wp\/v2\/tags?post=121267"}],"curies":[{"name":"wp","href":"https:\/\/api.w.org\/{rel}","templated":true}]}}