{"id":121269,"date":"2025-12-20T07:27:16","date_gmt":"2025-12-20T07:27:16","guid":{"rendered":"https:\/\/www.europesays.com\/fi\/121269\/"},"modified":"2025-12-20T07:27:16","modified_gmt":"2025-12-20T07:27:16","slug":"kolmen-auton-kolarissa-useita-loukkaantuneita-kempeleessa-nelja-viety-sairaalaan-kotimaa","status":"publish","type":"post","link":"https:\/\/www.europesays.com\/fi\/121269\/","title":{"rendered":"Kolmen auton kolarissa useita loukkaantuneita Kempeleess\u00e4 \u2013 nelj\u00e4 viety sairaalaan | Kotimaa"},"content":{"rendered":"<p class=\"aw-1gybjub aw-5vja16 kEtdKx kmuxyA yle__article__paragraph\">Kaksi henkil\u00f6autoa ja jakeluauto kolaroivat Kempeleen keskustan tuntumassa perjantai\u00adaamuna. Autoissa oli kuusi henkil\u00f6\u00e4, joista nelj\u00e4 kuljetettiin ambulansseilla sairaalaan.<\/p>\n<p><img decoding=\"async\" alt=\"Paloauto ja pelastajat siivoavat onnettomuuden j\u00e4lki\u00e4 Kempeleen taajamassa Postin jakeluauton vieress\u00e4.\" src=\"https:\/\/www.europesays.com\/fi\/wp-content\/uploads\/2025\/12\/39-15724826945127d3f77c.jpeg\" class=\"aw-1l9m598 hKVVvP\"\/><\/p>\n<p>Avaa kuvien katselu<\/p>\n<p>Onnettomuuspaikka on l\u00e4hell\u00e4 Kempeleen keskustaa. Viimeisen\u00e4 paikalta poistettiin Postin jakeluauto. Kuva: Rami Moilanen<\/p>\n<p>19.12. 10:04\u2022P\u00e4ivitetty 19.12. 11:12<\/p>\n<p class=\"aw-1gybjub aw-1p7kakr kEtdKx cEmitX yle__article__paragraph\">Nelj\u00e4 henkil\u00f6\u00e4 on loukkaantunut kolmen auton kolarissa Kempeleen taajamassa.<\/p>\n<p class=\"aw-1gybjub aw-1p7kakr kEtdKx cEmitX yle__article__paragraph\">Kahdessa henkil\u00f6autossa ja jakeluautossa oli kyydiss\u00e4 kuusi henkil\u00f6\u00e4, joista nelj\u00e4 on viety ambulanssilla sairaalaan. Yksi loukkaantuneista jouduttiin pelastamaan autosta, kertoo Pohjois-Pohjanmaan pelastuslaitoksen p\u00e4ivyst\u00e4v\u00e4 palomestari <strong class=\"aw-ak79eh KyCXm yle__article__strong\">Tapani Lehtel\u00e4<\/strong>.<\/p>\n<p class=\"aw-1gybjub aw-1p7kakr kEtdKx cEmitX yle__article__paragraph\">Loukkaantuneiden vammoista ei viel\u00e4 ole tietoa.<\/p>\n<p class=\"aw-1gybjub aw-1p7kakr kEtdKx cEmitX yle__article__paragraph\">Onnettomuuspaikka on l\u00e4hell\u00e4 keskustaa Kempeleentien ja Koulutien risteyksess\u00e4, jossa autot osuivat toisiinsa perjantaiaamuna kello yhdeks\u00e4n aikaan.<\/p>\n<p class=\"aw-1gybjub aw-1p7kakr kEtdKx cEmitX yle__article__paragraph\">Pelastuslaitoksen mukaan henkil\u00f6autot olivat t\u00f6rm\u00e4nneet ensin toisiinsa ja liukuneet jakeluauton keulaan.<\/p>\n<p class=\"aw-1gybjub aw-1p7kakr kEtdKx cEmitX yle__article__paragraph\">Paikalle h\u00e4lytettiin kaksi pelastusyksikk\u00f6\u00e4, viisi ensihoitoyksikk\u00f6\u00e4 ja poliisi.<\/p>\n","protected":false},"excerpt":{"rendered":"Kaksi henkil\u00f6autoa ja jakeluauto kolaroivat Kempeleen keskustan tuntumassa perjantai\u00adaamuna. Autoissa oli kuusi henkil\u00f6\u00e4, joista nelj\u00e4 kuljetettiin ambulansseilla sairaalaan.&hellip;\n","protected":false},"author":2,"featured_media":121270,"comment_status":"","ping_status":"","sticky":false,"template":"","format":"standard","meta":{"footnotes":""},"categories":[12],"tags":[22,23,26,27,33,31,30,17,1354,71,24,25,990,28,29,15,837,18,21,728,32,4134,19,20,16],"class_list":{"0":"post-121269","1":"post","2":"type-post","3":"status-publish","4":"format-standard","5":"has-post-thumbnail","7":"category-suomi","8":"tag-breaking-news","9":"tag-breakingnews","10":"tag-featured-news","11":"tag-featurednews","12":"tag-fi","13":"tag-finland","14":"tag-finnish","15":"tag-headlines","16":"tag-kempele","17":"tag-kotimaa","18":"tag-latest-news","19":"tag-latestnews","20":"tag-liikenneonnettomuudet","21":"tag-main-news","22":"tag-mainnews","23":"tag-news","24":"tag-onnettomuudet","25":"tag-otsikot","26":"tag-paauutiset","27":"tag-pohjois-pohjanmaa","28":"tag-suomi","29":"tag-tieliikenneonnettomuudet","30":"tag-top-stories","31":"tag-topstories","32":"tag-uutiset"},"share_on_mastodon":{"url":"https:\/\/pubeurope.com\/@fi\/115750715183978516","error":""},"_links":{"self":[{"href":"https:\/\/www.europesays.com\/fi\/wp-json\/wp\/v2\/posts\/121269","targetHints":{"allow":["GET"]}}],"collection":[{"href":"https:\/\/www.europesays.com\/fi\/wp-json\/wp\/v2\/posts"}],"about":[{"href":"https:\/\/www.europesays.com\/fi\/wp-json\/wp\/v2\/types\/post"}],"author":[{"embeddable":true,"href":"https:\/\/www.europesays.com\/fi\/wp-json\/wp\/v2\/users\/2"}],"replies":[{"embeddable":true,"href":"https:\/\/www.europesays.com\/fi\/wp-json\/wp\/v2\/comments?post=121269"}],"version-history":[{"count":0,"href":"https:\/\/www.europesays.com\/fi\/wp-json\/wp\/v2\/posts\/121269\/revisions"}],"wp:featuredmedia":[{"embeddable":true,"href":"https:\/\/www.europesays.com\/fi\/wp-json\/wp\/v2\/media\/121270"}],"wp:attachment":[{"href":"https:\/\/www.europesays.com\/fi\/wp-json\/wp\/v2\/media?parent=121269"}],"wp:term":[{"taxonomy":"category","embeddable":true,"href":"https:\/\/www.europesays.com\/fi\/wp-json\/wp\/v2\/categories?post=121269"},{"taxonomy":"post_tag","embeddable":true,"href":"https:\/\/www.europesays.com\/fi\/wp-json\/wp\/v2\/tags?post=121269"}],"curies":[{"name":"wp","href":"https:\/\/api.w.org\/{rel}","templated":true}]}}