{"id":121277,"date":"2025-12-20T07:47:09","date_gmt":"2025-12-20T07:47:09","guid":{"rendered":"https:\/\/www.europesays.com\/fi\/121277\/"},"modified":"2025-12-20T07:47:09","modified_gmt":"2025-12-20T07:47:09","slug":"kannattajat-jattivat-vuokra-asunnon-karmeaan-kuntoon-miehet-naureskelevat-videolla","status":"publish","type":"post","link":"https:\/\/www.europesays.com\/fi\/121277\/","title":{"rendered":"Kannattajat j\u00e4ttiv\u00e4t vuokra-asunnon karmeaan kuntoon \u2013 Miehet naureskelevat videolla"},"content":{"rendered":"<p>Feyenoordin kannattajien k\u00e4yt\u00f6s ylitti hyv\u00e4n maun rajat.<\/p>\n<p><img decoding=\"async\" class=\"image image-show image-preview\" src=\"https:\/\/www.europesays.com\/fi\/wp-content\/uploads\/2025\/12\/2f9f774205f4d299f4817a4b382d58cd18b37db9b6566816654ee79d3182c702.jpg\" alt=\"\"\/><img decoding=\"async\" class=\"image image-show\" src=\"https:\/\/www.europesays.com\/fi\/wp-content\/uploads\/2025\/12\/1766216829_673_2f9f774205f4d299f4817a4b382d58cd18b37db9b6566816654ee79d3182c702.jpg\" alt=\"\"\/><\/p>\n<p>Feyenoordin fanit sekoilivat kaupungilla. EPA\/AOP<\/p>\n<p class=\"paragraph\">Hollantilaiset jalkapallofanit aiheuttivat kaaosta FCSB\u2013Feyenoord-ottelun j\u00e4lkeen Bukarestissa Romaniassa.<\/p>\n<p class=\"paragraph\">Vierasjoukkueen fanit muun muassa rikkoivat pulloja ja sytyttiv\u00e4t teltan palamaan vanhassakaupungissa, kertoo romanialainen <a href=\"https:\/\/www.digi24.ro\/stiri\/suporterii-olandezi-au-facut-prapad-in-bucuresti-dupa-meciul-cu-fcsb-cativa-s-au-filmat-in-timp-ce-distrug-un-apartament-inchiriat-3545187\" rel=\"noopener nofollow\" target=\"_blank\">Digi24-sivusto<\/a>.<\/p>\n<p class=\"paragraph\">T\u00e4m\u00e4n lis\u00e4ksi kannattajat olivat tuhonneet vuokra-asunnon. He my\u00f6s kuvasivat tihuty\u00f6ns\u00e4. Videon voit n\u00e4hd\u00e4 Digi24:n uutisesta.<\/p>\n<p class=\"paragraph\">Videolla miehet naureskelevat samalla kun hajottavat asunnon irtaimistoa. Yksi mies heitt\u00e4\u00e4 baarijakkaran huoneesta toiseen. Videolla n\u00e4kyy my\u00f6s, miten taulutelevisiolta n\u00e4ytt\u00e4v\u00e4 laite roikkuu katon rajassa miten sattuu.<\/p>\n<p class=\"paragraph\">Ottelu p\u00e4\u00e4ttyi is\u00e4ntien voittoon 4\u20133. Peli oli merkitt\u00e4v\u00e4 kummallekin joukkueelle. Kyseess\u00e4 oli Eurooppa-liigan kuudennen kierroksen ottelu.<\/p>\n","protected":false},"excerpt":{"rendered":"Feyenoordin kannattajien k\u00e4yt\u00f6s ylitti hyv\u00e4n maun rajat. Feyenoordin fanit sekoilivat kaupungilla. EPA\/AOP Hollantilaiset jalkapallofanit aiheuttivat kaaosta FCSB\u2013Feyenoord-ottelun j\u00e4lkeen&hellip;\n","protected":false},"author":2,"featured_media":121278,"comment_status":"","ping_status":"","sticky":false,"template":"","format":"standard","meta":{"footnotes":""},"categories":[158],"tags":[35,36,542,33,31,30,43,42,543,159,32,160],"class_list":{"0":"post-121277","1":"post","2":"type-post","3":"status-publish","4":"format-standard","5":"has-post-thumbnail","7":"category-urheilu","8":"tag-24h","9":"tag-asuintalot-ja-asunnot","10":"tag-asuminen","11":"tag-fi","12":"tag-finland","13":"tag-finnish","14":"tag-jalkapallo","15":"tag-jalkapalloon-perustuvat-lajit","16":"tag-koti-ja-asuminen","17":"tag-sports","18":"tag-suomi","19":"tag-urheilu"},"share_on_mastodon":{"url":"https:\/\/pubeurope.com\/@fi\/115750794002867899","error":""},"_links":{"self":[{"href":"https:\/\/www.europesays.com\/fi\/wp-json\/wp\/v2\/posts\/121277","targetHints":{"allow":["GET"]}}],"collection":[{"href":"https:\/\/www.europesays.com\/fi\/wp-json\/wp\/v2\/posts"}],"about":[{"href":"https:\/\/www.europesays.com\/fi\/wp-json\/wp\/v2\/types\/post"}],"author":[{"embeddable":true,"href":"https:\/\/www.europesays.com\/fi\/wp-json\/wp\/v2\/users\/2"}],"replies":[{"embeddable":true,"href":"https:\/\/www.europesays.com\/fi\/wp-json\/wp\/v2\/comments?post=121277"}],"version-history":[{"count":0,"href":"https:\/\/www.europesays.com\/fi\/wp-json\/wp\/v2\/posts\/121277\/revisions"}],"wp:featuredmedia":[{"embeddable":true,"href":"https:\/\/www.europesays.com\/fi\/wp-json\/wp\/v2\/media\/121278"}],"wp:attachment":[{"href":"https:\/\/www.europesays.com\/fi\/wp-json\/wp\/v2\/media?parent=121277"}],"wp:term":[{"taxonomy":"category","embeddable":true,"href":"https:\/\/www.europesays.com\/fi\/wp-json\/wp\/v2\/categories?post=121277"},{"taxonomy":"post_tag","embeddable":true,"href":"https:\/\/www.europesays.com\/fi\/wp-json\/wp\/v2\/tags?post=121277"}],"curies":[{"name":"wp","href":"https:\/\/api.w.org\/{rel}","templated":true}]}}