{"id":121279,"date":"2025-12-20T07:48:12","date_gmt":"2025-12-20T07:48:12","guid":{"rendered":"https:\/\/www.europesays.com\/fi\/121279\/"},"modified":"2025-12-20T07:48:12","modified_gmt":"2025-12-20T07:48:12","slug":"ed-sheeran-uskomaton-muodonmuutos-seiska","status":"publish","type":"post","link":"https:\/\/www.europesays.com\/fi\/121279\/","title":{"rendered":"Ed Sheeran: uskomaton muodonmuutos | Seiska"},"content":{"rendered":"<p>\n            Ed Sheeran poses at the Victoria&#8217;s Secret fashion show in London.<br \/>\n            Alamy \/ AOP\n        <\/p>\n<p class=\"subtitle \">Huippumuusikko on l\u00e4hes tunnistamaton.<\/p>\n<p class=\"article-content article-content-width !bg-background\">Englantilainen laulaja-lauluntekij\u00e4 ja tuottaja , 34, on laittanut el\u00e4m\u00e4ntapansa remonttiin.<\/p>\n<p class=\"font-weight-bold m-font-weight-bold article-content article-content-width !bg-background\">Katso video \u2013 Emma Thompson ylist\u00e4\u00e4 suomalaista designia:<\/p>\n<p>Lapset motivoivat el\u00e4m\u00e4ntapamuutokseen<\/p>\n<p class=\"article-content article-content-width !bg-background\">Ed Sheeran paljastaa uuden, lihaksikkaan olemuksensa <a href=\"https:\/\/www.menshealth.com\/uk\/fitness\/a69729547\/ed-sheeran-mens-health\/\" target=\"_blank\" rel=\"nofollow noopener\">Men&#8217;s Health UK-lehdess\u00e4<\/a>. Runsaasti tatuoitu, punatukkainen supert\u00e4hti on pudottanut 14 kiloa painostaan.<\/p>\n<p class=\"article-content article-content-width !bg-background\">Vaikka kurinalainen ulkon\u00e4k\u00f6 on seurausta s\u00e4\u00e4nn\u00f6llisest\u00e4 saliharjoittelusta, pilateksesta ja terveellisest\u00e4 ruokavaliosta, Ed vakuuttaa olevansa yh\u00e4 sama ihminen kuin ennen el\u00e4m\u00e4ntapamuutosta.<\/p>\n<p>        <a itemprop=\"url\" href=\"https:\/\/www.seiska.fi\/ulkomaat\/jaatava-kunto-courteney-cox-60-bikineissa-kuva\/1620301\" rel=\"nofollow noopener\" target=\"_blank\"><\/p>\n<p>\nJ\u00e4\u00e4t\u00e4v\u00e4 kunto!\n<\/p>\n<p class=\"section-date\">\n        <strong class=\"article-section\" data-section=\"ulkomaat\"><br \/>\n            ulkomaat<br \/>\n        <\/strong><br \/>\n        23.2. 13:00\n    <\/p>\n<p>J\u00e4\u00e4t\u00e4v\u00e4 kunto! Courteney Cox, 60, bikineiss\u00e4 \u2013 kuva\n    <\/p>\n<p itemprop=\"description\" class=\"subtitle \">\n    Frendit-t\u00e4hti on uskomattomassa kunnossa.\n<\/p>\n<p>        <\/a><\/p>\n<p class=\"article-content article-content-width !bg-background\">Ed muutti el\u00e4m\u00e4ntapojaan esikoisensa synnytty\u00e4 vuonna 2020. H\u00e4n ymm\u00e4rsi juovansa liikaa ja olevansa huonossa kunnossa, kun vauva her\u00e4ili \u00f6isin. Muutoksen my\u00f6t\u00e4 Ed halusi olla vastuullinen is\u00e4 kahdelle tytt\u00e4relleen sek\u00e4 voida ja n\u00e4ytt\u00e4\u00e4 paremmalta. El\u00e4m\u00e4ntaparemontti vaikutti my\u00f6nteisesti my\u00f6s h\u00e4nen uraansa esiintyv\u00e4n\u00e4 artistina.<\/p>\n<p class=\"article-content article-content-width !bg-background\">\u2013 Uskon, ett\u00e4 pohjimmiltani olen pizzaa sy\u00f6v\u00e4, olutta litkiv\u00e4 tupakoitsija, mutta se ei ole todellisuuteni kolmekymppisen\u00e4 vanhempana. On teht\u00e4v\u00e4 hyvi\u00e4 p\u00e4\u00e4t\u00f6ksi\u00e4, Ed kertoo haastattelussa.<\/p>\n<p>        <a itemprop=\"url\" href=\"https:\/\/www.seiska.fi\/ulkomaat\/kun-kaksi-marjaa-cindy-crawford-ja-kaia-tytar-gaalassa-kuvat-vartaloa-halaavista-iltapuvuista\/1981581\" rel=\"nofollow noopener\" target=\"_blank\"><\/p>\n<p>\nTyt\u00e4r 24, \u00e4iti 59\n<\/p>\n<p class=\"section-date\">\n        <strong class=\"article-section\" data-section=\"ulkomaat\"><br \/>\n            ulkomaat<br \/>\n        <\/strong><br \/>\n        3.11. 19:00\n    <\/p>\n<p>Kun kaksi marjaa: Cindy Crawford ja Kaia-tyt\u00e4r gaalassa \u2013 kuvat vartaloa halaavista iltapuvuista\n    <\/p>\n<p itemprop=\"description\" class=\"subtitle \">\n    Tyt\u00e4r jopa lainaa \u00e4itins\u00e4 samankokoisia mekkoja.\n<\/p>\n<p>        <\/a><\/p>\n<p class=\"article-content article-content-width !bg-background\">Ed kertoo edelleen nauttivansa herkuista, mutta ne eiv\u00e4t kuulu p\u00e4ivitt\u00e4iseen ruokavalioon.<\/p>\n<p>                <img decoding=\"async\" src=\"https:\/\/www.europesays.com\/fi\/wp-content\/uploads\/2025\/12\/2027078.webp\" width=\"576\" height=\"720\" alt=\"Ed aiemmin.\" loading=\"lazy\" \/>            <\/p>\n<p>\n            Ed aiemmin.<br \/>\n            Alamy \/ AOP\n        <\/p>\n<p>Kappale Ellinooran kanssa<\/p>\n<p class=\"article-content article-content-width !bg-background\">Ed on myynyt maailmanlaajuisesti 200 miljoonaa levy\u00e4, mik\u00e4 tekee h\u00e4nest\u00e4 yhden kaikkien aikojen menestyneimmist\u00e4 musiikkiartisteista.<\/p>\n<p class=\"article-content article-content-width !bg-background\">Ed Sheeranin uran l\u00e4pimurto tapahtui vuoden 2011 debyyttialbumilla +, jolta nousivat hiteiksi muun muassa The A Team ja Lego House. Sittemmin mestarimuusikko on tehnyt useita kansainv\u00e4lisi\u00e4 megahittej\u00e4, joista tunnetuimpia ovat Thinking Out Loud, Shape of You ja Perfect.<\/p>\n<p>        <a itemprop=\"url\" href=\"https:\/\/www.seiska.fi\/kotimaa\/muistatko-viela-nain-ellinooran-tyyli-on-muuttunut\/1844936\" rel=\"nofollow noopener\" target=\"_blank\"><\/p>\n<p>\nMuistatko viel\u00e4?\n<\/p>\n<p class=\"section-date\">\n        <strong class=\"article-section\" data-section=\"kotimaa\"><br \/>\n            kotimaa<br \/>\n        <\/strong><br \/>\n        25.6. 19:00\n    <\/p>\n<p>Muistatko viel\u00e4? N\u00e4in Ellinooran tyyli on muuttunut\n    <\/p>\n<p itemprop=\"description\" class=\"subtitle \">\n    Muistatko, milt\u00e4 Ellinoora n\u00e4ytti uransa alkuaikoina?\n<\/p>\n<p>        <\/a><\/p>\n<p class=\"article-content article-content-width !bg-background\">Ed on tehnyt yhteisty\u00f6t\u00e4 lukuisten huippuartistien kanssa, esimerkiksi  ja  kanssa.\u00a0<\/p>\n<p class=\"article-content article-content-width !bg-background\">Vuonna 2022 maailman suurimpiin supert\u00e4htiin lukeutuva\u00a0Ed Sheeran\u00a0julkaisi 2step-kappaleen yhdess\u00e4\u00a0 kanssa.<\/p>\n<p class=\"article-content article-content-width !bg-background\"><a href=\"https:\/\/www.instagram.com\/p\/DSbk-qslvKm\/?img_index=1\" target=\"_blank\" rel=\"nofollow noopener\">Jos kuvat eiv\u00e4t n\u00e4y, voit katsoa ne my\u00f6s t\u00e4\u00e4lt\u00e4.<\/a><\/p>\n<p><script async src=\"\/\/www.instagram.com\/embed.js\"><\/script><\/p>\n","protected":false},"excerpt":{"rendered":"Ed Sheeran poses at the Victoria&#8217;s Secret fashion show in London. Alamy \/ AOP Huippumuusikko on l\u00e4hes tunnistamaton.&hellip;\n","protected":false},"author":2,"featured_media":121280,"comment_status":"","ping_status":"","sticky":false,"template":"","format":"standard","meta":{"footnotes":""},"categories":[130],"tags":[21827,2995,137,33,31,30,2781,563,3018,98,32,19215,167,109],"class_list":{"0":"post-121279","1":"post","2":"type-post","3":"status-publish","4":"format-standard","5":"has-post-thumbnail","7":"category-viihde","8":"tag-ed-sheeran","9":"tag-elamantapamuutos","10":"tag-entertainment","11":"tag-fi","12":"tag-finland","13":"tag-finnish","14":"tag-isyys","15":"tag-liikunta","16":"tag-muusikko","17":"tag-perhe","18":"tag-suomi","19":"tag-terveelliset-elamantavat","20":"tag-terveys","21":"tag-viihde"},"share_on_mastodon":{"url":"https:\/\/pubeurope.com\/@fi\/115750797591038660","error":""},"_links":{"self":[{"href":"https:\/\/www.europesays.com\/fi\/wp-json\/wp\/v2\/posts\/121279","targetHints":{"allow":["GET"]}}],"collection":[{"href":"https:\/\/www.europesays.com\/fi\/wp-json\/wp\/v2\/posts"}],"about":[{"href":"https:\/\/www.europesays.com\/fi\/wp-json\/wp\/v2\/types\/post"}],"author":[{"embeddable":true,"href":"https:\/\/www.europesays.com\/fi\/wp-json\/wp\/v2\/users\/2"}],"replies":[{"embeddable":true,"href":"https:\/\/www.europesays.com\/fi\/wp-json\/wp\/v2\/comments?post=121279"}],"version-history":[{"count":0,"href":"https:\/\/www.europesays.com\/fi\/wp-json\/wp\/v2\/posts\/121279\/revisions"}],"wp:featuredmedia":[{"embeddable":true,"href":"https:\/\/www.europesays.com\/fi\/wp-json\/wp\/v2\/media\/121280"}],"wp:attachment":[{"href":"https:\/\/www.europesays.com\/fi\/wp-json\/wp\/v2\/media?parent=121279"}],"wp:term":[{"taxonomy":"category","embeddable":true,"href":"https:\/\/www.europesays.com\/fi\/wp-json\/wp\/v2\/categories?post=121279"},{"taxonomy":"post_tag","embeddable":true,"href":"https:\/\/www.europesays.com\/fi\/wp-json\/wp\/v2\/tags?post=121279"}],"curies":[{"name":"wp","href":"https:\/\/api.w.org\/{rel}","templated":true}]}}