{"id":121283,"date":"2025-12-20T07:52:09","date_gmt":"2025-12-20T07:52:09","guid":{"rendered":"https:\/\/www.europesays.com\/fi\/121283\/"},"modified":"2025-12-20T07:52:09","modified_gmt":"2025-12-20T07:52:09","slug":"epstein-asiakirjoissa-useita-tunnettuja-henkiloita-katso-uudet-kuvat","status":"publish","type":"post","link":"https:\/\/www.europesays.com\/fi\/121283\/","title":{"rendered":"Epstein-asiakirjoissa useita tunnettuja henkil\u00f6it\u00e4 \u2013 Katso uudet kuvat"},"content":{"rendered":"<p>Tuoreissa kuvissa esiintyy muun muassa entinen presidentti Bill Clinton. <\/p>\n<p><img decoding=\"async\" class=\"image image-show image-preview\" src=\"https:\/\/www.europesays.com\/fi\/wp-content\/uploads\/2025\/12\/ffcd682dc100fc2540e6bb88329b01b11714accc46d0e55c6ce17ff76cc5d8f9.png\" alt=\"\"\/><img decoding=\"async\" class=\"image image-show\" src=\"https:\/\/www.europesays.com\/fi\/wp-content\/uploads\/2025\/12\/1766217128_262_ffcd682dc100fc2540e6bb88329b01b11714accc46d0e55c6ce17ff76cc5d8f9.png\" alt=\"\"\/><\/p>\n<p>Kuvassa edesmennyt laulaja Michael Jackson, ex-presidentti Bill Clinton ja laulaja Diana Ross. <\/p>\n<p class=\"paragraph\">Yhdysvaltain oikeusministeri\u00f6 on julkaissut kauan odotettuja asiakirjoja, jotka liittyv\u00e4t edesmenneeseen seksuaalirikolliseen <a href=\"https:\/\/www.iltalehti.fi\/henkilot\/Jeffrey Epstein\" class=\"article-link-person-page\" rel=\"nofollow noopener\" target=\"_blank\">Jeffrey Epsteiniin<\/a>.<\/p>\n<p class=\"paragraph\">Epsteini\u00e4 syytettiin laajasta alaik\u00e4isten tytt\u00f6jen seksikauppaverkostosta, mutta h\u00e4n kuoli selliss\u00e4\u00e4n ennen tuomiota.<\/p>\n<p class=\"paragraph\">Niin sanottuun \u201dEpstein-asiakirjojen\u201d pakettiin kuuluu my\u00f6s sadoittain valokuvia, joissa osassa n\u00e4kyy tunnettuja ja vaikutusvaltaisia henkil\u00f6it\u00e4.<\/p>\n<p class=\"paragraph\">Henkil\u00f6n esiintyminen asiakirjoissa tai kuvissa ei ole osoitus v\u00e4\u00e4rink\u00e4yt\u00f6ksist\u00e4. Monet aiemmissa Epstein-asiakirjoissa nimetyt ovat kiist\u00e4neet syyllistyneens\u00e4 v\u00e4\u00e4rink\u00e4yt\u00f6ksiin.<\/p>\n<p>Entinen presidentti Bill Clinton vaaleahiuksisen naisen kanssa, jonka henkil\u00f6llisyys on suojattu. U.S. Justice Department<\/p>\n<p class=\"paragraph\">Yhdysvaltojen entinen presidentti <a href=\"https:\/\/www.iltalehti.fi\/henkilot\/Bill Clinton\" class=\"article-link-person-page\" rel=\"nofollow noopener\" target=\"_blank\">Bill Clinton<\/a> esiintyy useassa oikeusministeri\u00f6n julkaisemassa kuvassa.<\/p>\n<p>Bill Clinton uima-altaassa oletettavasti Ghislaine Maxwellin kanssa. Kuvassa n\u00e4ytt\u00e4\u00e4 olevan my\u00f6s toinen nainen, jonka kasvot on peitetty. U.S. Justice Department<\/p>\n<p>Clinton n\u00e4hd\u00e4\u00e4n my\u00f6s poreammeessa seuranaan henkil\u00f6, jonka kasvot on peitetty. U.S. Justice Department<\/p>\n<p class=\"paragraph\">My\u00f6s The Rolling Stone -yhtyeen laulaja <a href=\"https:\/\/www.iltalehti.fi\/henkilot\/Mick Jagger\" class=\"article-link-person-page\" rel=\"nofollow noopener\" target=\"_blank\">Mick Jagger<\/a> esiintyy kuvissa yhdess\u00e4 Clintonin ja Maxwellin kanssa.<\/p>\n<p>Kuvassa The Rolling Stone -yhtyeen Mick Jagger illastaa Ghislaine Maxwellin vieress\u00e4. U.S. Justice Department<\/p>\n<p>Kuvassa Clinton, Jagger ja Epstein viett\u00e4m\u00e4ss\u00e4 iltaa.  U.S. Justice Department<\/p>\n<p class=\"paragraph\">Kuvissa n\u00e4kyy my\u00f6s entinen herttuatar <a href=\"https:\/\/www.iltalehti.fi\/henkilot\/Sarah Fergusonin\" class=\"article-link-person-page\" rel=\"nofollow noopener\" target=\"_blank\">Sarah Ferguson<\/a>, joka menetti tittelins\u00e4 ex-puolisonsa <a href=\"https:\/\/www.iltalehti.fi\/henkilot\/Andrew Mountbatten-Windsor\" class=\"article-link-person-page\" rel=\"nofollow noopener\" target=\"_blank\">Andrew Mountbatten Windsorin<\/a> tavoin Epstein-yhteyksien takia.<\/p>\n<p class=\"paragraph\">Ex-prinssin syytettiin k\u00e4ytt\u00e4neen seksuaalisesti hyv\u00e4kseen alaik\u00e4ist\u00e4 <strong>Virginia Giuffrea<\/strong>, mutta osapuolet sopivat asian ennen oikeudenk\u00e4ynti\u00e4.<\/p>\n<p class=\"paragraph\">Ferguson on julkisuudessa tuominnut Epsteinin teot ja kutsunut suhdettaan miljard\u00f6\u00f6riin \u201dvaltavaksi virheeksi\u201d.<\/p>\n<p class=\"paragraph\"><a href=\"https:\/\/www.theguardian.com\/uk-news\/2025\/sep\/21\/sarah-ferguson-apologised-to-jeffrey-epstein-after-disowning-him-leaked-emails-suggest\" target=\"_blank\" rel=\"noopener nofollow\">Vuotaneet s\u00e4hk\u00f6postiviestit<\/a> kuitenkin paljastivat, ett\u00e4 Ferguson pyysi my\u00f6hemmin Epsteinilt\u00e4 sanojaan anteeksi.<\/p>\n<p>Entinen Yorkin herttuatar Sarah Ferguson kuvattuna naisen kanssa, jonka henkil\u00f6llisyys on suojattu. U.S. Justice Department<\/p>\n<p>Entinen herttuatar kuvattuna j\u00e4lleen naisen kanssa, jonka henkil\u00f6llisyys on suojattu. U.S. Justice Department<\/p>\n<p class=\"paragraph\">Kuvissa esiintyy my\u00f6s Britannian entinen Yhdysvaltain-suurl\u00e4hettil\u00e4s <a href=\"https:\/\/www.iltalehti.fi\/henkilot\/Peter Mandelson\" class=\"article-link-person-page\" rel=\"nofollow noopener\" target=\"_blank\">Peter Mandelson<\/a>, jonka p\u00e4\u00e4ministeri <a href=\"https:\/\/www.iltalehti.fi\/henkilot\/Keir Starmer\" class=\"article-link-person-page\" rel=\"nofollow noopener\" target=\"_blank\">Keir Starmer<\/a> erotti aiemmin t\u00e4n\u00e4 vuonna Epstein-yhteyksien vuoksi.<\/p>\n<p>Peter Mandelson ja Epstein kakun \u00e4\u00e4rell\u00e4. U.S. Justice Department<\/p>\n<p class=\"paragraph\">Oikeusministeri\u00f6 julkaisi useita kuvia my\u00f6s itse Epsteinist\u00e4 naisten kanssa, joiden henkil\u00f6llisyys on peitetty.<\/p>\n<p>Julkaistussa kuvassa Epstein katsoo ryhm\u00e4\u00e4 nuoria naisia. Naisten kasvot on peitetty. U.S. Justice Department<\/p>\n","protected":false},"excerpt":{"rendered":"Tuoreissa kuvissa esiintyy muun muassa entinen presidentti Bill Clinton. Kuvassa edesmennyt laulaja Michael Jackson, ex-presidentti Bill Clinton ja&hellip;\n","protected":false},"author":2,"featured_media":121284,"comment_status":"","ping_status":"","sticky":false,"template":"","format":"standard","meta":{"footnotes":""},"categories":[14],"tags":[35,22,23,26,27,33,31,30,17,24,25,28,29,15,977,976,18,21,142,637,32,19,20,56,16,59,60,61,143],"class_list":{"0":"post-121283","1":"post","2":"type-post","3":"status-publish","4":"format-standard","5":"has-post-thumbnail","7":"category-ulkomaat","8":"tag-24h","9":"tag-breaking-news","10":"tag-breakingnews","11":"tag-featured-news","12":"tag-featurednews","13":"tag-fi","14":"tag-finland","15":"tag-finnish","16":"tag-headlines","17":"tag-latest-news","18":"tag-latestnews","19":"tag-main-news","20":"tag-mainnews","21":"tag-news","22":"tag-oikeusistuimet","23":"tag-oikeusprosessit","24":"tag-otsikot","25":"tag-paauutiset","26":"tag-poliitikot","27":"tag-politiikka","28":"tag-suomi","29":"tag-top-stories","30":"tag-topstories","31":"tag-ulkomaat","32":"tag-uutiset","33":"tag-world","34":"tag-world-news","35":"tag-worldnews","36":"tag-yhdysvaltain-politiikka"},"share_on_mastodon":{"url":"https:\/\/pubeurope.com\/@fi\/115750813758424888","error":""},"_links":{"self":[{"href":"https:\/\/www.europesays.com\/fi\/wp-json\/wp\/v2\/posts\/121283","targetHints":{"allow":["GET"]}}],"collection":[{"href":"https:\/\/www.europesays.com\/fi\/wp-json\/wp\/v2\/posts"}],"about":[{"href":"https:\/\/www.europesays.com\/fi\/wp-json\/wp\/v2\/types\/post"}],"author":[{"embeddable":true,"href":"https:\/\/www.europesays.com\/fi\/wp-json\/wp\/v2\/users\/2"}],"replies":[{"embeddable":true,"href":"https:\/\/www.europesays.com\/fi\/wp-json\/wp\/v2\/comments?post=121283"}],"version-history":[{"count":0,"href":"https:\/\/www.europesays.com\/fi\/wp-json\/wp\/v2\/posts\/121283\/revisions"}],"wp:featuredmedia":[{"embeddable":true,"href":"https:\/\/www.europesays.com\/fi\/wp-json\/wp\/v2\/media\/121284"}],"wp:attachment":[{"href":"https:\/\/www.europesays.com\/fi\/wp-json\/wp\/v2\/media?parent=121283"}],"wp:term":[{"taxonomy":"category","embeddable":true,"href":"https:\/\/www.europesays.com\/fi\/wp-json\/wp\/v2\/categories?post=121283"},{"taxonomy":"post_tag","embeddable":true,"href":"https:\/\/www.europesays.com\/fi\/wp-json\/wp\/v2\/tags?post=121283"}],"curies":[{"name":"wp","href":"https:\/\/api.w.org\/{rel}","templated":true}]}}