{"id":121285,"date":"2025-12-20T07:53:24","date_gmt":"2025-12-20T07:53:24","guid":{"rendered":"https:\/\/www.europesays.com\/fi\/121285\/"},"modified":"2025-12-20T07:53:24","modified_gmt":"2025-12-20T07:53:24","slug":"pirkkalan-koulupuukottaja-oli-tekoaikaan-syyntakeeton","status":"publish","type":"post","link":"https:\/\/www.europesays.com\/fi\/121285\/","title":{"rendered":"Pirkkalan koulupuukottaja oli tekoaikaan syyntakeeton"},"content":{"rendered":"<p><strong class=\"typography-bold\">Pirkanmaan k\u00e4r\u00e4j\u00e4oikeudessa k\u00e4siteltiin t\u00e4n\u00e4\u00e4n viime kev\u00e4ist\u00e4 Pirkkalan koulupuukotusta. Syytetty 16-vuotias poika oli tekoaikaan syyntakeeton.<\/strong><\/p>\n<p>Syytt\u00e4j\u00e4 sanoo, ett\u00e4 Pirkkalan koulupuukotus keskeytyi, kun 16-vuotiaan pojan puukosta irtosi ter\u00e4. Oikeudenk\u00e4ynti puukotuksesta pidettiin t\u00e4n\u00e4\u00e4n Pirkanmaan k\u00e4r\u00e4j\u00e4oikeudessa Tampereella. Oikeudessa ilmeni, ett\u00e4 syytetty poika oli mielentilatutkimuksen mukaan tekoaikaan syyntakeeton eli h\u00e4n ei ymm\u00e4rt\u00e4nyt tekoaan.<\/p>\n<p>Oikeudenk\u00e4ynti alkoi aamulla julkisena, tosin kuvaamista ei sallittu istunnossa ollenkaan. Syytetty poika osallistui istuntoon videoyhteydell\u00e4. H\u00e4n istui neuvotteluhuoneelta n\u00e4ytt\u00e4v\u00e4ss\u00e4 tilassa ison p\u00f6yd\u00e4n \u00e4\u00e4ress\u00e4 rauhallisen oloisena.<\/p>\n<p>V\u00e4kivallanteko tapahtui Pirkkalan V\u00e4h\u00e4j\u00e4rven koululla 20. toukokuuta.\u00a0<\/p>\n<p>Poika puukotti kolmea 14-vuotiasta tytt\u00f6\u00e4, jotka istuivat penkill\u00e4 koulun k\u00e4yt\u00e4v\u00e4ll\u00e4.\u00a0<\/p>\n<p>Syytt\u00e4j\u00e4n mukaan teko keskeytyi siit\u00e4 sattumanvaraisesta syyst\u00e4, ett\u00e4 pojan k\u00e4ytt\u00e4m\u00e4n puukon ter\u00e4 irtosi, mink\u00e4 j\u00e4lkeen poika pakeni paikalta.<\/p>\n<p>Puukotustilanne kesti vain joitain sekunteja. Syytt\u00e4j\u00e4n mukaan poika iski ensimm\u00e4ist\u00e4 uhria puukolla 3\u20134 kertaa, toista kaksi kertaa ja kolmatta 4\u20135 kertaa. Uhrien vammat j\u00e4iv\u00e4t pinnallisiksi.<\/p>\n<p><strong class=\"typography-bold\">Lue my\u00f6s: <\/strong><a class=\"cursor-pointer underline\" data-testid=\"internal-link\" role=\"link\" data-sentry-element=\"Link\" data-sentry-component=\"InternalLink\" data-sentry-source-file=\"InternalLink.tsx\" href=\"https:\/\/www.mtvuutiset.fi\/artikkeli\/mtv-n-tiedot-pirkkalan-koulupuukotuksessa-oli-aineksia-isompaan-tragediaan-teko-keskeytyi-kun-aseen-tera-irtosi\/9168328\" rel=\"nofollow noopener\" target=\"_blank\"><strong class=\"typography-bold\">Pirkkalan koulupuukotuksessa oli aineksia isompaan tragediaan<\/strong><\/a><strong class=\"typography-bold\">Suunnitteli yli puoli vuotta<\/strong><\/p>\n<p>Syytt\u00e4j\u00e4n mukaan poika oli ryhtynyt suunnittelemaan veritekoa edellisen vuoden marraskuussa ja oli tehnyt nettihakuja sek\u00e4 k\u00e4ytt\u00e4nyt teko\u00e4ly\u00e4 hakeakseen tietoa muun muassa koulusurmista, ihmisen anatomiasta ja vankilaoloista.<\/p>\n<p>H\u00e4n oli my\u00f6s kirjautuneena sivustolle, jossa oli oikeita ihmisen tappamista kuvaavia videoita. Syytt\u00e4j\u00e4n mukaan pojan oli tarkoitus ladata sivustolle video omasta teostaan.<\/p>\n<p>\u2013\u2009H\u00e4nell\u00e4 ei ollut yst\u00e4vi\u00e4 eik\u00e4 ole kertomansa mukaan halunnut sellaisia. Marraskuussa h\u00e4n alkaa suunnitella rikosta, h\u00e4n haluaa kokemuksen ihmisen tappamisesta ja menn\u00e4 vankilaan muutamaksi vuodeksi, syytt\u00e4j\u00e4 sanoi.<\/p>\n","protected":false},"excerpt":{"rendered":"Pirkanmaan k\u00e4r\u00e4j\u00e4oikeudessa k\u00e4siteltiin t\u00e4n\u00e4\u00e4n viime kev\u00e4ist\u00e4 Pirkkalan koulupuukotusta. Syytetty 16-vuotias poika oli tekoaikaan syyntakeeton. Syytt\u00e4j\u00e4 sanoo, ett\u00e4 Pirkkalan&hellip;\n","protected":false},"author":2,"featured_media":121286,"comment_status":"","ping_status":"","sticky":false,"template":"","format":"standard","meta":{"footnotes":""},"categories":[12],"tags":[22,23,26,27,33,31,30,17,24,25,28,29,15,18,21,32,19,20,16],"class_list":{"0":"post-121285","1":"post","2":"type-post","3":"status-publish","4":"format-standard","5":"has-post-thumbnail","7":"category-suomi","8":"tag-breaking-news","9":"tag-breakingnews","10":"tag-featured-news","11":"tag-featurednews","12":"tag-fi","13":"tag-finland","14":"tag-finnish","15":"tag-headlines","16":"tag-latest-news","17":"tag-latestnews","18":"tag-main-news","19":"tag-mainnews","20":"tag-news","21":"tag-otsikot","22":"tag-paauutiset","23":"tag-suomi","24":"tag-top-stories","25":"tag-topstories","26":"tag-uutiset"},"share_on_mastodon":{"url":"https:\/\/pubeurope.com\/@fi\/115750817292765902","error":""},"_links":{"self":[{"href":"https:\/\/www.europesays.com\/fi\/wp-json\/wp\/v2\/posts\/121285","targetHints":{"allow":["GET"]}}],"collection":[{"href":"https:\/\/www.europesays.com\/fi\/wp-json\/wp\/v2\/posts"}],"about":[{"href":"https:\/\/www.europesays.com\/fi\/wp-json\/wp\/v2\/types\/post"}],"author":[{"embeddable":true,"href":"https:\/\/www.europesays.com\/fi\/wp-json\/wp\/v2\/users\/2"}],"replies":[{"embeddable":true,"href":"https:\/\/www.europesays.com\/fi\/wp-json\/wp\/v2\/comments?post=121285"}],"version-history":[{"count":0,"href":"https:\/\/www.europesays.com\/fi\/wp-json\/wp\/v2\/posts\/121285\/revisions"}],"wp:featuredmedia":[{"embeddable":true,"href":"https:\/\/www.europesays.com\/fi\/wp-json\/wp\/v2\/media\/121286"}],"wp:attachment":[{"href":"https:\/\/www.europesays.com\/fi\/wp-json\/wp\/v2\/media?parent=121285"}],"wp:term":[{"taxonomy":"category","embeddable":true,"href":"https:\/\/www.europesays.com\/fi\/wp-json\/wp\/v2\/categories?post=121285"},{"taxonomy":"post_tag","embeddable":true,"href":"https:\/\/www.europesays.com\/fi\/wp-json\/wp\/v2\/tags?post=121285"}],"curies":[{"name":"wp","href":"https:\/\/api.w.org\/{rel}","templated":true}]}}