{"id":121287,"date":"2025-12-20T07:54:08","date_gmt":"2025-12-20T07:54:08","guid":{"rendered":"https:\/\/www.europesays.com\/fi\/121287\/"},"modified":"2025-12-20T07:54:08","modified_gmt":"2025-12-20T07:54:08","slug":"yle-nuorten-sometrendi-pahoinpitelyksi-koulussa-tampereella","status":"publish","type":"post","link":"https:\/\/www.europesays.com\/fi\/121287\/","title":{"rendered":"Yle: Nuorten sometrendi pahoinpitelyksi koulussa Tampereella"},"content":{"rendered":"<p>Hiustenleikkuuseen liittyv\u00e4 nuorten Tiktok-trendi \u00e4ityi tamperelaiskoulussa pahoinpitelyksi.<\/p>\n<p class=\"article-body mb-nof-24 px-nof-16\">Tamperelaiskoulussa nuorten suosima hiustenleikkuun \u201dblessaus\u201d, eli niin kutsuttu siunaus, \u00e4ityi pahoinpitelyksi, uutisoi <a class=\"article-genericlink\" href=\"https:\/\/yle.fi\/a\/74-20200894\" rel=\"nofollow noopener\" target=\"_blank\">Yle<\/a>.<\/p>\n<p class=\"article-body mb-nof-24 px-nof-16\">Blessaus-trendi on levinnyt Tiktokista. <a class=\"article-genericlink\" href=\"https:\/\/kotus.fi\/broidi-blessattiin-common-w\/\" rel=\"nofollow noopener\" target=\"_blank\">Kotimaisten kielten keskuksen<\/a> mukaan sana tulee siunaamista tarkoittavasta englanninkielisest\u00e4 verbist\u00e4 bless.<\/p>\n<p class=\"article-body mb-nof-24 px-nof-16\">Blessaus liittyy parturissa k\u00e4ymiseen. Kun nuoren hiukset on leikattu, tuore kuontalo \u201dblessataan\u201d eli hyv\u00e4ksyt\u00e4\u00e4n, kertoo Yle. Tamperelaiskoulussa ilmi\u00f6\u00f6n on liittynyt l\u00e4ps\u00e4isy esimerkiksi takaraivoon.<\/p>\n<p class=\"article-body mb-nof-24 px-nof-16\">Yle kertoo, ett\u00e4 Hatanp\u00e4\u00e4n koulussa blessaus \u00e4ityi pahoinpitelyksi, jossa parturissa k\u00e4ynytt\u00e4 oppilasta pidettiin kiinni ja hakattiin toistuvasti p\u00e4\u00e4h\u00e4n. Poliisi on Ylen tietojen mukaan aloittanut asiasta esitutkinnan.<\/p>\n<p class=\"article-body mb-nof-24 px-nof-16\">Hatanp\u00e4\u00e4n koulun apulaisrehtori <a class=\"article-personlink\" href=\"https:\/\/www.is.fi\/haku\/?query=Sami%20Jaakkola\" rel=\"nofollow noopener\" target=\"_blank\">Sami Jaakkola <\/a>kertoo Ylelle, ettei tapaus ollut koulun ensimm\u00e4inen.<\/p>\n<p class=\"article-body mb-nof-24 px-nof-16\">Lue lis\u00e4\u00e4: <a class=\"article-genericlink\" href=\"https:\/\/www.is.fi\/kotimaa\/art-2000011197589.html\" rel=\"nofollow noopener\" target=\"_blank\">Nuorten hurja sometrendi levi\u00e4\u00e4 Suomessa \u2013 poliisi varoittaa<\/a><\/p>\n<p class=\"article-body mb-nof-24 px-nof-16\">Tiktokista on aiemmin levinnyt vaarallisia trendej\u00e4, joita nuoret ovat kokeilleet.<\/p>\n<p class=\"article-body mb-nof-24 px-nof-16\">Huhtikuussa It\u00e4-Suomen poliisi kertoi, ett\u00e4 etenkin Mikkelin alueella oli tunkeuduttu tyhjill\u00e4\u00e4n oleviin rakennuksiin, kuten kouluihin, sairaaloihin, omakotitaloihin ja teollisuus\u00adkiinteist\u00f6ihin. Vastaavaa ilmi\u00f6t\u00e4 on esiintynyt my\u00f6s muualla Suomessa.<\/p>\n<p class=\"article-body mb-nof-24 px-nof-16\">Poliisi kertoi kev\u00e4\u00e4ll\u00e4 ep\u00e4ilev\u00e4ns\u00e4, ett\u00e4 tunkeutuminen liittyi Tiktokissa levi\u00e4v\u00e4\u00e4n trendiin. Tunkeutumisiin on liittynyt vahingontekoja.<\/p>\n<p class=\"article-body mb-nof-24 px-nof-16\">Elokuussa kerrottiin my\u00f6s hengenvaarallisesta trendist\u00e4, joka kannusti nuoria kiipeilem\u00e4\u00e4n esimerkiksi radio- ja tv-mastoihin.<\/p>\n<p class=\"article-body mb-nof-24 px-nof-16\">Er\u00e4\u00e4ll\u00e4 Tiktokiin jaetulla videolla kaksi nuorta kiipesiv\u00e4t esimerkiksi Hollolan Tiirismaan radio- ja tv-maston huipulle. Masto on yli 300 metri\u00e4 korkea.<\/p>\n","protected":false},"excerpt":{"rendered":"Hiustenleikkuuseen liittyv\u00e4 nuorten Tiktok-trendi \u00e4ityi tamperelaiskoulussa pahoinpitelyksi. Tamperelaiskoulussa nuorten suosima hiustenleikkuun \u201dblessaus\u201d, eli niin kutsuttu siunaus, \u00e4ityi pahoinpitelyksi,&hellip;\n","protected":false},"author":2,"featured_media":121288,"comment_status":"","ping_status":"","sticky":false,"template":"","format":"standard","meta":{"footnotes":""},"categories":[5],"tags":[22,23,26,27,33,31,30,17,34,24,25,28,29,15,18,21,32,19,20,16],"class_list":{"0":"post-121287","1":"post","2":"type-post","3":"status-publish","4":"format-standard","5":"has-post-thumbnail","7":"category-otsikot","8":"tag-breaking-news","9":"tag-breakingnews","10":"tag-featured-news","11":"tag-featurednews","12":"tag-fi","13":"tag-finland","14":"tag-finnish","15":"tag-headlines","16":"tag-ilta-sanomat","17":"tag-latest-news","18":"tag-latestnews","19":"tag-main-news","20":"tag-mainnews","21":"tag-news","22":"tag-otsikot","23":"tag-paauutiset","24":"tag-suomi","25":"tag-top-stories","26":"tag-topstories","27":"tag-uutiset"},"share_on_mastodon":{"url":"https:\/\/pubeurope.com\/@fi\/115750821099554796","error":""},"_links":{"self":[{"href":"https:\/\/www.europesays.com\/fi\/wp-json\/wp\/v2\/posts\/121287","targetHints":{"allow":["GET"]}}],"collection":[{"href":"https:\/\/www.europesays.com\/fi\/wp-json\/wp\/v2\/posts"}],"about":[{"href":"https:\/\/www.europesays.com\/fi\/wp-json\/wp\/v2\/types\/post"}],"author":[{"embeddable":true,"href":"https:\/\/www.europesays.com\/fi\/wp-json\/wp\/v2\/users\/2"}],"replies":[{"embeddable":true,"href":"https:\/\/www.europesays.com\/fi\/wp-json\/wp\/v2\/comments?post=121287"}],"version-history":[{"count":0,"href":"https:\/\/www.europesays.com\/fi\/wp-json\/wp\/v2\/posts\/121287\/revisions"}],"wp:featuredmedia":[{"embeddable":true,"href":"https:\/\/www.europesays.com\/fi\/wp-json\/wp\/v2\/media\/121288"}],"wp:attachment":[{"href":"https:\/\/www.europesays.com\/fi\/wp-json\/wp\/v2\/media?parent=121287"}],"wp:term":[{"taxonomy":"category","embeddable":true,"href":"https:\/\/www.europesays.com\/fi\/wp-json\/wp\/v2\/categories?post=121287"},{"taxonomy":"post_tag","embeddable":true,"href":"https:\/\/www.europesays.com\/fi\/wp-json\/wp\/v2\/tags?post=121287"}],"curies":[{"name":"wp","href":"https:\/\/api.w.org\/{rel}","templated":true}]}}