{"id":121291,"date":"2025-12-20T08:09:09","date_gmt":"2025-12-20T08:09:09","guid":{"rendered":"https:\/\/www.europesays.com\/fi\/121291\/"},"modified":"2025-12-20T08:09:09","modified_gmt":"2025-12-20T08:09:09","slug":"kerttu-rissanen-paljastaa-villit-salatut-elamat-vuodet-hjalliksen-kanssa-ohjelmassa","status":"publish","type":"post","link":"https:\/\/www.europesays.com\/fi\/121291\/","title":{"rendered":"Kerttu Rissanen paljastaa villit Salatut el\u00e4m\u00e4t -vuodet Hjalliksen kanssa -ohjelmassa"},"content":{"rendered":"<p>\n            Erikoisjoukut 3. Kerttu Rissanen. Timo Korhonen.<br \/>\n            Timo Korhonen\n        <\/p>\n<p class=\"subtitle \">Kerttu Rissanen n\u00e4ytteli Salatuissa el\u00e4miss\u00e4 vuosina 2014\u20132020.<\/p>\n<p class=\"article-content article-content-width !bg-background\">Paluun tehneen AlfaTV:n valikoimiin kuuluu  is\u00e4nn\u00f6im\u00e4 Hjalliksen kanssa. Keskusteluohjelman tuoreimmassa jaksossa on vieraana hyvinvointivaikuttaja ja n\u00e4yttelij\u00e4\u00a0.<\/p>\n<p class=\"italic m-italic font-weight-bold m-font-weight-bold article-content article-content-width !bg-background\">Arkistovideo: Kerttu Rissanen kertoo kuulumisiaan<\/p>\n<p class=\"article-content article-content-width !bg-background\">Kerttu tuli tunnetuksi Salattujen el\u00e4mien Sanni Pohjosena, jota h\u00e4n n\u00e4ytteli suosikkisarjassa vuosina 2014\u20132020. H\u00e4n oli sarjassa aloittaessaan 17-vuotias.<\/p>\n<p class=\"article-content article-content-width !bg-background\">\u2013 Olin viel\u00e4 lukiossa ja muutin Turusta Helsinkiin. Asuin yksin ja sain ihan hyv\u00e4\u00e4 kuukausipalkkaa, Kerttu kertoo.<\/p>\n<p class=\"article-content article-content-width !bg-background\">\u2013 El\u00e4m\u00e4ss\u00e4 ei ollut hirve\u00e4sti rajoja. Tuntui, ett\u00e4 kaikki oli mahdollia. Se oli suoraan sanottuna aika villi\u00e4 el\u00e4m\u00e4\u00e4, Kerttu muistelee.<\/p>\n<p>        <a itemprop=\"url\" href=\"https:\/\/www.seiska.fi\/katso\/kerttu-rissanen-ahdistui-tosi-tv-kuvauksissa-tuli-ahtaanpaikankammo\/1510874\" rel=\"nofollow noopener\" target=\"_blank\"><\/p>\n<p class=\"section-date\">\n        <strong class=\"article-section\" data-section=\"katso\"><br \/>\n            katso<br \/>\n        <\/strong><br \/>\n        5.11.2024 16:45\n    <\/p>\n<p>Kerttu Rissanen ahdistui tosi-tv-kuvauksissa: \u201dTuli ahtaanpaikankammo\u201d\n    <\/p>\n<p itemprop=\"description\" class=\"subtitle \">\n    Kerttu Rissanen ja Esko Eerik\u00e4inen avautuvat Kaupunki.tv:ss\u00e4 osallistumisestaan reality-ohjelmiin.\n<\/p>\n<p>        <\/a><\/p>\n<p>\u201dRailakastakin meininki\u00e4\u201d<\/p>\n<p class=\"article-content article-content-width !bg-background\">Kertun mukaan Salatut el\u00e4m\u00e4t -sarjan yhteishenki oli hyv\u00e4.<\/p>\n<p class=\"article-content article-content-width !bg-background\">\u2013 Tulimme todella l\u00e4heiseksi kaikkien ty\u00f6ntekij\u00f6idenkin kanssa. Oli kyll\u00e4 turvallinen olo, mutta oli aika railakastakin meininki\u00e4 silloin, Kerttu kertoo.<\/p>\n<p>                <img decoding=\"async\" src=\"https:\/\/www.europesays.com\/fi\/wp-content\/uploads\/2025\/12\/2026870.webp\" width=\"576\" height=\"274\" alt=\"Salatut El\u00e4m\u00e4t -vuosinaan Kerttu Rissanen oli v\u00e4lill\u00e4 tummahiuksinen.\" loading=\"lazy\" \/>            <\/p>\n<p>\n            Salatut El\u00e4m\u00e4t -vuosinaan Kerttu Rissanen oli v\u00e4lill\u00e4 tummahiuksinen.<br \/>\n            TIMO KORHONEN\n        <\/p>\n<p class=\"article-content article-content-width !bg-background\">Hjallis tahtoo tiet\u00e4\u00e4 tarkemmin, mit\u00e4 Kertun mainitsema railakas meininki tarkoittaa.<\/p>\n<p class=\"article-content article-content-width !bg-background\">\u2013 Viikonloput meniv\u00e4t enemm\u00e4n baarissa kuin koulujuttujen parissa. Sitten jouduinkin viimeisen puolen vuoden ajan kirim\u00e4\u00e4n lukion ja tein itsen\u00e4isesti kaikki jutut valmiiksi, Kerttu avaa.<\/p>\n<p>Puoliksi vitsill\u00e4 Salkkareihin<\/p>\n<p class=\"article-content article-content-width !bg-background\">Alun perin Kertun toivat Helsinkiin opinnot Kallion ilmaisutaidon lukiossa.<\/p>\n<p class=\"article-content article-content-width !bg-background\">\u2013 Hain Salkkareihin sen vuoksi, ett\u00e4 yksinkertaisesti halusin olla n\u00e4yttelij\u00e4. Menin koekuvauksiin puoliksi vitsill\u00e4, mutta sitten se menikin tosi hyvin, Kerttu kertoo.<\/p>\n<p class=\"article-content article-content-width !bg-background\">\u2013 Halusin olla teatterin\u00e4yttelij\u00e4 ja ajattelin, ett\u00e4 olen vain hetken\u00a0Salkkareissa. Kuusi vuotta siin\u00e4 kuitenkin meni, Kerttu nauraa.<\/p>\n<p class=\"article-content article-content-width !bg-background\">Salatut el\u00e4m\u00e4t -pestin j\u00e4lkeen Kerttu alkoi kouluttautua liikunta-alalle ja on sittemmin ollut mukana monissa reality-kisoissa, muun muassa Selviytyj\u00e4t Suomessa ja\u00a0Erikoisjoukoissa.<\/p>\n<p class=\"article-content article-content-width !bg-background\">\u2013 Huomasin, ett\u00e4 aika ei riit\u00e4 kaikkeen. Priorisoin t\u00e4ll\u00e4 hetkell\u00e4 liikunta-alaa ja katsotaan jossain vaiheessa, onko aikaa n\u00e4ytell\u00e4, Kerttu paljastaa.<\/p>\n<p class=\"italic m-italic article-content article-content-width !bg-background\">Hjalliksen kanssa AlfaTV:ll\u00e4 ja Youtubessa.<\/p>\n","protected":false},"excerpt":{"rendered":"Erikoisjoukut 3. Kerttu Rissanen. Timo Korhonen. Timo Korhonen Kerttu Rissanen n\u00e4ytteli Salatuissa el\u00e4miss\u00e4 vuosina 2014\u20132020. Paluun tehneen AlfaTV:n&hellip;\n","protected":false},"author":2,"featured_media":121292,"comment_status":"","ping_status":"","sticky":false,"template":"","format":"standard","meta":{"footnotes":""},"categories":[133],"tags":[21828,137,2159,33,31,30,2175,1811,3060,2376,905,1342,209,2658,32,206,1214,156,109],"class_list":{"0":"post-121291","1":"post","2":"type-post","3":"status-publish","4":"format-standard","5":"has-post-thumbnail","7":"category-televisiot","8":"tag-alfatv","9":"tag-entertainment","10":"tag-erikoisjoukot","11":"tag-fi","12":"tag-finland","13":"tag-finnish","14":"tag-hjallis-harkimo","15":"tag-kerttu-rissanen","16":"tag-keskusteluohjelma","17":"tag-mtv","18":"tag-mtv3","19":"tag-nayttelija","20":"tag-salatut-elamat","21":"tag-selviytyjat-suomi","22":"tag-suomi","23":"tag-televisiot","24":"tag-tosi-tv","25":"tag-tv","26":"tag-viihde"},"share_on_mastodon":{"url":"https:\/\/pubeurope.com\/@fi\/115750880306423176","error":""},"_links":{"self":[{"href":"https:\/\/www.europesays.com\/fi\/wp-json\/wp\/v2\/posts\/121291","targetHints":{"allow":["GET"]}}],"collection":[{"href":"https:\/\/www.europesays.com\/fi\/wp-json\/wp\/v2\/posts"}],"about":[{"href":"https:\/\/www.europesays.com\/fi\/wp-json\/wp\/v2\/types\/post"}],"author":[{"embeddable":true,"href":"https:\/\/www.europesays.com\/fi\/wp-json\/wp\/v2\/users\/2"}],"replies":[{"embeddable":true,"href":"https:\/\/www.europesays.com\/fi\/wp-json\/wp\/v2\/comments?post=121291"}],"version-history":[{"count":0,"href":"https:\/\/www.europesays.com\/fi\/wp-json\/wp\/v2\/posts\/121291\/revisions"}],"wp:featuredmedia":[{"embeddable":true,"href":"https:\/\/www.europesays.com\/fi\/wp-json\/wp\/v2\/media\/121292"}],"wp:attachment":[{"href":"https:\/\/www.europesays.com\/fi\/wp-json\/wp\/v2\/media?parent=121291"}],"wp:term":[{"taxonomy":"category","embeddable":true,"href":"https:\/\/www.europesays.com\/fi\/wp-json\/wp\/v2\/categories?post=121291"},{"taxonomy":"post_tag","embeddable":true,"href":"https:\/\/www.europesays.com\/fi\/wp-json\/wp\/v2\/tags?post=121291"}],"curies":[{"name":"wp","href":"https:\/\/api.w.org\/{rel}","templated":true}]}}