{"id":121295,"date":"2025-12-20T08:14:25","date_gmt":"2025-12-20T08:14:25","guid":{"rendered":"https:\/\/www.europesays.com\/fi\/121295\/"},"modified":"2025-12-20T08:14:25","modified_gmt":"2025-12-20T08:14:25","slug":"helsingissa-on-kauppa-jonne-tuodaan-bussilasteittain-joulukoristeita-ostavia-ihmisia-hanna-viettaa-joulua-jo-ennen-juhannusta-paikalliset","status":"publish","type":"post","link":"https:\/\/www.europesays.com\/fi\/121295\/","title":{"rendered":"Helsingiss\u00e4 on kauppa, jonne tuodaan bussilasteittain joulukoristeita ostavia ihmisi\u00e4 \u2013 Hanna viett\u00e4\u00e4 joulua jo ennen juhannusta | Paikalliset"},"content":{"rendered":"<p>Herttoniemess\u00e4 asuva <strong>Hanna Savolainen<\/strong>, 57, nypr\u00e4\u00e4 sinisi\u00e4, glitterin peitt\u00e4mi\u00e4 joulukuusenkoristeita k\u00e4siss\u00e4\u00e4n.<\/p>\n<p>H\u00e4n on saapunut Weisteen Wanhan Villan joulukuusenkoristeita myyv\u00e4\u00e4n kauppaan.<\/p>\n<p><strong class=\"diks-storyline__impact\">Pukinm\u00e4ess\u00e4<\/strong> sijaitseva liike ei ole mik\u00e4 tahansa koristeita myyv\u00e4 kauppa, vaan se on jouluttajien paratiisi.<\/p>\n<p>Vanhassa puutalossa on huone toisensa j\u00e4lkeen t\u00e4ynn\u00e4 erilaisia joulukoristeita. Yhdess\u00e4 huoneessa on pelkki\u00e4 punaisia koristeita, toisessa valkoisia, kolmannessa hiiri\u00e4 sek\u00e4 tonttuja ja nelj\u00e4nness\u00e4 huoneessa joulukuusen palloja kaikissa sateenkaaren v\u00e4reiss\u00e4.<\/p>\n<p>Savolainen sanoo olevansa superjouluttaja ja tulleensa siksi ostoksille.<\/p>\n<p>\u2013\u2009Tulen t\u00e4nne aina heti, kun kauppa aukeaa ja k\u00e4yn ehk\u00e4 4\u20135 kertaa. Suurin intohimoni on tekokuusi. Minulla on kotona seitsem\u00e4n kuusta.<\/p>\n<p>Joulukauppa aukeaa joka vuosi syys\u2013lokakuussa ja menee kiinni tammikuussa.<\/p>\n<p>\t\t<a class=\"diks-gallery__link\" href=\"https:\/\/i.media.fi\/incoming\/pwn47a\/11197271.jpg\/alternates\/FREE_1440\/11197271.jpg\" data-thumbnail=\"\" data-sub-html=\"Joulukaupassa on keskell\u00e4 arkip\u00e4iv\u00e4\u00e4kin ruuhkaa. Mikko Huisko\" aria-label=\"Katso isompi kuva\" rel=\"nofollow noopener\" target=\"_blank\"><br \/>\n\t\t\t\t<img class=\"diks-figure__image\" src=\"https:\/\/www.europesays.com\/fi\/wp-content\/uploads\/2025\/12\/11197271.jpg\" loading=\"lazy\" decoding=\"sync\" alt=\"\"\/><\/p>\n<p>\t\t\t<\/a><br \/>\n\t\t\t\t\tJoulukaupassa on keskell\u00e4 arkip\u00e4iv\u00e4\u00e4kin ruuhkaa. Mikko Huisko<\/p>\n<p>\t\t<a class=\"diks-gallery__link\" href=\"https:\/\/i.media.fi\/incoming\/zgkg5y\/11197255.jpg\/alternates\/FREE_1440\/11197255.jpg\" data-thumbnail=\"\" data-sub-html=\"Liikkeess\u00e4 koristeita on esill\u00e4 my\u00f6s v\u00e4rien mukaan. Valkoinen on yksi joulun suosikkiv\u00e4reist\u00e4. Mikko Huisko\" aria-label=\"Katso isompi kuva\" rel=\"nofollow noopener\" target=\"_blank\"><br \/>\n\t\t\t\t<img class=\"diks-figure__image\" src=\"https:\/\/www.europesays.com\/fi\/wp-content\/uploads\/2025\/12\/11197255.jpg\" loading=\"lazy\" decoding=\"sync\" alt=\"\"\/><\/p>\n<p>\t\t\t<\/a><br \/>\n\t\t\t\t\tLiikkeess\u00e4 koristeita on esill\u00e4 my\u00f6s v\u00e4rien mukaan. Valkoinen on yksi joulun suosikkiv\u00e4reist\u00e4. Mikko Huisko<\/p>\n<p><strong class=\"diks-storyline__impact\">Arki-iltap\u00e4iv\u00e4n\u00e4<\/strong> kaupan pihalle on juuri ajanut bussi, joka on l\u00e4hes viimeist\u00e4 paikkaa my\u00f6ten t\u00e4ysi.<\/p>\n<p>Weisteen tuotejohtaja <strong>Johanna Weiste<\/strong> arvioi, ett\u00e4 t\u00e4n\u00e4 jouluna kaupalle tuodaan noin 30 bussilastillista ihmisi\u00e4 l\u00e4hinn\u00e4 maakunnista. L\u00e4hell\u00e4 asuvat tulevat omilla kyydeill\u00e4\u00e4n.<\/p>\n<p>\u2013\u2009Siit\u00e4 on tullut ihan traditio joidenkin matkanj\u00e4rjest\u00e4jien kanssa. Paljon on sellaisia asiakkaita, jotka tulevat vuodesta toiseen aina uudelleen.<\/p>\n<p>Erityisesti viikonloput ovat ruuhkaisia.<\/p>\n<p>T\u00e4m\u00e4n vuoden marraskuussa kaupassa myytiin 33\u2009000 koristetta. Viime vuonna vastaava luku oli 31\u2009000.<\/p>\n<p>\u2013\u2009Pient\u00e4 nousua on ollut. Joulukuussa meno aina kiihtyy, Weiste sanoo.<\/p>\n<p>\t\t<a class=\"diks-gallery__link\" href=\"https:\/\/i.media.fi\/incoming\/vfg25\/11197286.jpg\/alternates\/FREE_1440\/11197286.jpg\" data-thumbnail=\"\" data-sub-html=\"Johanna Weiste jatkaa sukunsa liikett\u00e4 ja toimii yrityksen tuotep\u00e4\u00e4llikk\u00f6n\u00e4. H\u00e4n sanoo koristelevansa oman kotinsa jouluna ennemmin runsaammin kuin vaatimattomammin. Mikko Huisko\" aria-label=\"Katso isompi kuva\" rel=\"nofollow noopener\" target=\"_blank\"><br \/>\n\t\t\t\t<img class=\"diks-figure__image\" src=\"https:\/\/www.europesays.com\/fi\/wp-content\/uploads\/2025\/12\/11197286.jpg\" loading=\"lazy\" decoding=\"sync\" alt=\"\"\/><\/p>\n<p>\t\t\t<\/a><br \/>\n\t\t\t\t\tJohanna Weiste jatkaa sukunsa liikett\u00e4 ja toimii yrityksen tuotep\u00e4\u00e4llikk\u00f6n\u00e4. H\u00e4n sanoo koristelevansa oman kotinsa jouluna ennemmin runsaammin kuin vaatimattomammin. Mikko Huisko<\/p>\n<p>\t\t<a class=\"diks-gallery__link\" href=\"https:\/\/i.media.fi\/incoming\/eecmdg\/11197273.jpg\/alternates\/FREE_1440\/11197273.jpg\" data-thumbnail=\"\" data-sub-html=\"Joulupallojen korissa on v\u00e4rej\u00e4 joka l\u00e4ht\u00f6\u00f6n. Mikko Huisko\" aria-label=\"Katso isompi kuva\" rel=\"nofollow noopener\" target=\"_blank\"><br \/>\n\t\t\t\t<img class=\"diks-figure__image\" src=\"https:\/\/www.europesays.com\/fi\/wp-content\/uploads\/2025\/12\/11197273.jpg\" loading=\"lazy\" decoding=\"sync\" alt=\"\"\/><\/p>\n<p>\t\t\t<\/a><br \/>\n\t\t\t\t\tJoulupallojen korissa on v\u00e4rej\u00e4 joka l\u00e4ht\u00f6\u00f6n. Mikko Huisko<\/p>\n<p><strong class=\"diks-storyline__impact\">Kaupassa <\/strong>on noin 2\u2009000 laatua erilaisia koristeita. Tarjolla on paljon sellaisia koristeita, joita ei paljon muualla n\u00e4e. Iso osa kuusenkoristeista on my\u00f6s muita kuin jouluteemaisia: minikokoisia matkalaukkuja, korurasia, suklaalevy, kuoharilasi, muffinssi, kitara ja jakoavain.<\/p>\n<p>Osa koristeista tehd\u00e4\u00e4n samalla tontilla olevassa joulukoristetehtaassa, mutta valtaosa niist\u00e4 tulee tuontitavarana Kiinasta. <\/p>\n<p>Pukinm\u00e4en tehtaalla valmistetaan punokset, latvat\u00e4hdet ja osa palloista.<\/p>\n<p>\t\t<a class=\"diks-gallery__link\" href=\"https:\/\/i.media.fi\/incoming\/4arvtm\/11197282.jpg\/alternates\/FREE_1440\/11197282.jpg\" data-thumbnail=\"\" data-sub-html=\"Moni koriste on muuta kuin perinteist\u00e4 mallia. Mikko Huisko\" aria-label=\"Katso isompi kuva\" rel=\"nofollow noopener\" target=\"_blank\"><br \/>\n\t\t\t\t<img class=\"diks-figure__image\" src=\"https:\/\/www.europesays.com\/fi\/wp-content\/uploads\/2025\/12\/11197282.jpg\" loading=\"lazy\" decoding=\"sync\" alt=\"\"\/><\/p>\n<p>\t\t\t<\/a><br \/>\n\t\t\t\t\tMoni koriste on muuta kuin perinteist\u00e4 mallia. Mikko Huisko<\/p>\n<p>\t\t<a class=\"diks-gallery__link\" href=\"https:\/\/i.media.fi\/incoming\/xbdfkm\/11197263.jpg\/alternates\/FREE_1440\/11197263.jpg\" data-thumbnail=\"\" data-sub-html=\"Myynniss\u00e4 on my\u00f6s korurasioita muistuttavia kuusenkoristeita. Mikko Huisko\" aria-label=\"Katso isompi kuva\" rel=\"nofollow noopener\" target=\"_blank\"><br \/>\n\t\t\t\t<img class=\"diks-figure__image\" src=\"https:\/\/www.europesays.com\/fi\/wp-content\/uploads\/2025\/12\/11197263.jpg\" loading=\"lazy\" decoding=\"sync\" alt=\"\"\/><\/p>\n<p>\t\t\t<\/a><br \/>\n\t\t\t\t\tMyynniss\u00e4 on my\u00f6s korurasioita muistuttavia kuusenkoristeita. Mikko Huisko<\/p>\n<p><strong class=\"diks-storyline__impact\">Bussin <\/strong>kyydill\u00e4 Iitist\u00e4 tulleet <strong>Pirjo Anttonen,<\/strong> 72, ja <strong>Mirja Kuisma-Walin<\/strong>, 64, k\u00e4velev\u00e4t kaupassa innokkaina ostoskoriensa kanssa. Aikaa ei ole hukattavaksi. Kaupalla seuraan on liittynyt Kuisma-Walinin Helsingiss\u00e4 asuva tyt\u00e4r <strong>Noora Walin<\/strong>, 28.<\/p>\n<p>\u2013 Tulimme hakemaan t\u00e4\u00e4lt\u00e4 v\u00e4h\u00e4n lis\u00e4\u00e4 joulukoristeita. Tykk\u00e4\u00e4n joulusta. Siit\u00e4 tulee l\u00e4mmin tunnelma, Anttonen sanoo.<\/p>\n<p>Ostoskorissa on jo muutama koriste ja punos.<\/p>\n<p>\u2013\u2009T\u00e4\u00e4ll\u00e4 on ihan sairaan s\u00f6p\u00f6j\u00e4 juttuja. Olen ostamassa tirppa-koristetta, Noora Walin sanoo kutsuen tirpaksi pient\u00e4 keraamista pikkulintua.<\/p>\n<p>\t\t<a class=\"diks-gallery__link\" href=\"https:\/\/i.media.fi\/incoming\/tajsmu\/11197287.jpg\/alternates\/FREE_1440\/11197287.jpg\" data-thumbnail=\"\" data-sub-html=\"Tyt\u00e4r, \u00e4iti ja t\u00e4ti. Noora Walin, Pirjo Anttonen ja Mirja Kuisma-Walin tulivat Weisteen joulukauppaan etsim\u00e4\u00e4n uusia koristeita. \u00c4iti ja t\u00e4ti tulivat Helsinkiin ryhm\u00e4bussilla Iitist\u00e4 asti. Mikko Huisko\" aria-label=\"Katso isompi kuva\" rel=\"nofollow noopener\" target=\"_blank\"><br \/>\n\t\t\t\t<img class=\"diks-figure__image\" src=\"https:\/\/www.europesays.com\/fi\/wp-content\/uploads\/2025\/12\/11197287.jpg\" loading=\"lazy\" decoding=\"sync\" alt=\"\"\/><\/p>\n<p>\t\t\t<\/a><br \/>\n\t\t\t\t\tTyt\u00e4r, \u00e4iti ja t\u00e4ti. Noora Walin, Pirjo Anttonen ja Mirja Kuisma-Walin tulivat Weisteen joulukauppaan etsim\u00e4\u00e4n uusia koristeita. \u00c4iti ja t\u00e4ti tulivat Helsinkiin ryhm\u00e4bussilla Iitist\u00e4 asti. Mikko Huisko<\/p>\n<p><strong class=\"diks-storyline__impact\">Kouvolasta<\/strong> ryhm\u00e4bussin kyytiin hyp\u00e4nneet \u00e4iti ja aikuinen tyt\u00e4r kertovat halunneensa mielenkiinnosta tulla k\u00e4ym\u00e4\u00e4n joulukoristekaupassa ja samalla etsim\u00e4\u00e4n joulutunnelmaa.<\/p>\n<p>\u2013\u2009Melko paljon t\u00e4\u00e4ll\u00e4 on bling-blingi\u00e4. Meill\u00e4 on vanhoja perinteisi\u00e4 koristeita, \u00e4iti toteaa kaupasta.<\/p>\n<p>Ennen Weisteen kauppaa bussi on vienyt pitk\u00e4matkalaiset Tuomaan markkinoille Senaatintorille, josta \u00e4idin mukaan on tarttunut lasipullollinen gl\u00f6gi\u00e4.<\/p>\n<p>Joulua \u00e4iti ja tyt\u00e4r viett\u00e4v\u00e4t samassa paikassa. Molempien mielest\u00e4 pienet lapset ja j\u00e4nnitt\u00e4v\u00e4 joulun odotus tuovat parhaiten joulutunnelmaa.<\/p>\n<p>\t\t<a class=\"diks-gallery__link\" href=\"https:\/\/i.media.fi\/incoming\/ctlxr5\/11197259.jpg\/alternates\/FREE_1440\/11197259.jpg\" data-thumbnail=\"\" data-sub-html=\"Erityisen p\u00f6yhke\u00e4t punokset ovat t\u00e4m\u00e4n joulun uutuus. Mikko Huisko\" aria-label=\"Katso isompi kuva\" rel=\"nofollow noopener\" target=\"_blank\"><br \/>\n\t\t\t\t<img class=\"diks-figure__image\" src=\"https:\/\/www.europesays.com\/fi\/wp-content\/uploads\/2025\/12\/11197259.jpg\" loading=\"lazy\" decoding=\"sync\" alt=\"\"\/><\/p>\n<p>\t\t\t<\/a><br \/>\n\t\t\t\t\tErityisen p\u00f6yhke\u00e4t punokset ovat t\u00e4m\u00e4n joulun uutuus. Mikko Huisko<\/p>\n<p><strong class=\"diks-storyline__impact\">Tuusulasta<\/strong> ostoksille tulleen <strong>Annina H\u00e4m\u00e4rin<\/strong> koriin on tarttunut hevosen kuvalla varustettu koriste ja jakoavain.<\/p>\n<p>\u2013\u2009Me pid\u00e4mme tytt\u00e4ren kanssa hevosista. Miehelle on jakoavain.<\/p>\n<p>Valitut koristeet sopivat H\u00e4m\u00e4rin mukaan heppa- ja autoihmisille.<\/p>\n<p>H\u00e4n sanoo, ett\u00e4 jouluun valmistautuminen saattaa h\u00e4nell\u00e4 menn\u00e4 v\u00e4h\u00e4n \u00f6reviksi.<\/p>\n<p>\u2013\u2009Vouhotan lahjoja jo lokakuusta alkaen. Joku toinen voisi ajatella, ett\u00e4 meill\u00e4 on koristeitakin liikaa.<\/p>\n<p>\t\t<a class=\"diks-gallery__link\" href=\"https:\/\/i.media.fi\/incoming\/sw3pss\/11197290.jpg\/alternates\/FREE_1440\/11197290.jpg\" data-thumbnail=\"\" data-sub-html=\"Annina H\u00e4m\u00e4ri tuli ostoksille miehens\u00e4 kanssa Tuusulasta. \u2013 Mies on enemm\u00e4nkin mukana hillitsem\u00e4ss\u00e4 innostustani. Mikko Huisko\" aria-label=\"Katso isompi kuva\" rel=\"nofollow noopener\" target=\"_blank\"><br \/>\n\t\t\t\t<img class=\"diks-figure__image\" src=\"https:\/\/www.europesays.com\/fi\/wp-content\/uploads\/2025\/12\/11197290.jpg\" loading=\"lazy\" decoding=\"sync\" alt=\"\"\/><\/p>\n<p>\t\t\t<\/a><br \/>\n\t\t\t\t\tAnnina H\u00e4m\u00e4ri tuli ostoksille miehens\u00e4 kanssa Tuusulasta. \u2013 Mies on enemm\u00e4nkin mukana hillitsem\u00e4ss\u00e4 innostustani. Mikko Huisko<\/p>\n<p>\t\t<a class=\"diks-gallery__link\" href=\"https:\/\/i.media.fi\/incoming\/egufee\/11197268.jpg\/alternates\/FREE_1440\/11197268.jpg\" data-thumbnail=\"\" data-sub-html=\"H\u00e4m\u00e4rin koristeissa n\u00e4kyy perheenj\u00e4senten kiinnostuksen kohteet. Osa pit\u00e4\u00e4 hevosista ja osa autoista. Mikko Huisko\" aria-label=\"Katso isompi kuva\" rel=\"nofollow noopener\" target=\"_blank\"><br \/>\n\t\t\t\t<img class=\"diks-figure__image\" src=\"https:\/\/www.europesays.com\/fi\/wp-content\/uploads\/2025\/12\/11197268.jpg\" loading=\"lazy\" decoding=\"sync\" alt=\"\"\/><\/p>\n<p>\t\t\t<\/a><br \/>\n\t\t\t\t\tH\u00e4m\u00e4rin koristeissa n\u00e4kyy perheenj\u00e4senten kiinnostuksen kohteet. Osa pit\u00e4\u00e4 hevosista ja osa autoista. Mikko Huisko<\/p>\n<p><strong class=\"diks-storyline__impact\">Miehet<\/strong> ovat kaupassa ehdoton v\u00e4hemmist\u00f6. Mutta hep, l\u00f6ytyy hyllyjen v\u00e4list\u00e4 sent\u00e4\u00e4n toinenkin.<\/p>\n<p>Pukinm\u00e4ess\u00e4 asuva <strong>Samuli Turunen<\/strong>, 34, on tullut pienten lastensa ja vaimonsa kanssa k\u00e4ym\u00e4\u00e4n joulukoristeostoksilla.<\/p>\n<p>\u2013\u2009Yleens\u00e4 l\u00e4hdemme ehk\u00e4 kerran vuodessa katsomaan, mit\u00e4 t\u00e4\u00e4ll\u00e4 t\u00e4n\u00e4 vuonna on. Lapset saavat aina valita jotain pient\u00e4 uutta itselleen.<\/p>\n<p>Lapsia kiinnostaa hylly, jossa on pieni\u00e4 hiiri\u00e4.<\/p>\n<p>Turunen itsekin tunnustautuu jouluihmiseksi. Jouluna kotiin laitetaan ainakin valoja ja jonkun verran koristeita.<\/p>\n<p>\u2013\u2009Pid\u00e4n joulusta. Kun on pieni\u00e4 lapsia, on kiva n\u00e4hd\u00e4 toisten ilo, odotus ja jouluntaika.<\/p>\n<p>\t\t<a class=\"diks-gallery__link\" href=\"https:\/\/i.media.fi\/incoming\/hy8hwi\/11197292.jpg\/alternates\/FREE_1440\/11197292.jpg\" data-thumbnail=\"\" data-sub-html=\"Samuli Turunen tuli vaimonsa ja lastensa kanssa katsomaan, mill\u00e4 koristeilla voisi t\u00e4n\u00e4 vuonna t\u00e4ydent\u00e4\u00e4 perheen joulukoristevavalikoimaa. Mikko Huisko\" aria-label=\"Katso isompi kuva\" rel=\"nofollow noopener\" target=\"_blank\"><br \/>\n\t\t\t\t<img class=\"diks-figure__image\" src=\"https:\/\/www.europesays.com\/fi\/wp-content\/uploads\/2025\/12\/11197292.jpg\" loading=\"lazy\" decoding=\"sync\" alt=\"\"\/><\/p>\n<p>\t\t\t<\/a><br \/>\n\t\t\t\t\tSamuli Turunen tuli vaimonsa ja lastensa kanssa katsomaan, mill\u00e4 koristeilla voisi t\u00e4n\u00e4 vuonna t\u00e4ydent\u00e4\u00e4 perheen joulukoristevavalikoimaa. Mikko Huisko<\/p>\n<p>\t\t<a class=\"diks-gallery__link\" href=\"https:\/\/i.media.fi\/incoming\/4xxums\/11197275.jpg\/alternates\/FREE_1440\/11197275.jpg\" data-thumbnail=\"\" data-sub-html=\"\u00d6veri vai ei? Amerikkalaistyyliset joulukuuset ovat t\u00e4ynn\u00e4 koristeita ja n\u00e4ytt\u00e4vi\u00e4. Mikko Huisko\" aria-label=\"Katso isompi kuva\" rel=\"nofollow noopener\" target=\"_blank\"><br \/>\n\t\t\t\t<img class=\"diks-figure__image\" src=\"https:\/\/www.europesays.com\/fi\/wp-content\/uploads\/2025\/12\/11197275.jpg\" loading=\"lazy\" decoding=\"sync\" alt=\"\"\/><\/p>\n<p>\t\t\t<\/a><br \/>\n\t\t\t\t\t\u00d6veri vai ei? Amerikkalaistyyliset joulukuuset ovat t\u00e4ynn\u00e4 koristeita ja n\u00e4ytt\u00e4vi\u00e4. Mikko Huisko<\/p>\n<p><strong class=\"diks-storyline__impact\">Weisteell\u00e4<\/strong> t\u00e4m\u00e4n vuoden hittituotteet ovat korvalliset kuusenpallot eli pallot, joissa on kauriin, kissan tai nallen kuva ja korvat.<\/p>\n<p>Kestosuosikkeina ovat klassiset latvat\u00e4hdet.<\/p>\n<p>Yksi uusi, t\u00e4m\u00e4n joulun hittituote on joulukuuseen ripustettava punosnauha, joka on erityisen s\u00e4ihkyv\u00e4 ja paksu.<\/p>\n<p>Johanna Weiste sanoo, ett\u00e4 trendit on oppinut jo tunnistamaan.<\/p>\n<p>\u2013\u2009N\u00e4imme heti, ett\u00e4 t\u00e4m\u00e4 vet\u00e4\u00e4. Suurin osa tuotteistamme menee j\u00e4lleenmyyjille. Saamme heilt\u00e4 palautetta, mik\u00e4 toimii.<\/p>\n<p>Suosituimmat v\u00e4rit ovat pastellin ja metallin v\u00e4rit. Ne ovat Weisteen mukaan suositumpia kuin perinteiset joulun v\u00e4rit, kuten punainen ja vihre\u00e4.<\/p>\n<p>\t\t<a class=\"diks-gallery__link\" href=\"https:\/\/i.media.fi\/incoming\/lei9d8\/11197288.jpg\/alternates\/FREE_1440\/11197288.jpg\" data-thumbnail=\"\" data-sub-html=\"Helsinkil\u00e4iset Inka (vas.) ja Anu Hallikainen tunnustautuvat jouluihmisiksi. T\u00e4n\u00e4 vuonna \u00e4iti ja tyt\u00e4r aikovat uusia perheen joulukoristeita, koska Inkan veli toivoi perinteisempi\u00e4 koristeita. Mikko Huisko\" aria-label=\"Katso isompi kuva\" rel=\"nofollow noopener\" target=\"_blank\"><br \/>\n\t\t\t\t<img class=\"diks-figure__image\" src=\"https:\/\/www.europesays.com\/fi\/wp-content\/uploads\/2025\/12\/11197288.jpg\" loading=\"lazy\" decoding=\"sync\" alt=\"\"\/><\/p>\n<p>\t\t\t<\/a><br \/>\n\t\t\t\t\tHelsinkil\u00e4iset Inka (vas.) ja Anu Hallikainen tunnustautuvat jouluihmisiksi. T\u00e4n\u00e4 vuonna \u00e4iti ja tyt\u00e4r aikovat uusia perheen joulukoristeita, koska Inkan veli toivoi perinteisempi\u00e4 koristeita. Mikko Huisko<\/p>\n<p><strong class=\"diks-storyline__impact\">Omalla autolla<\/strong> tulleet myllypurolaiset \u00e4iti ja tyt\u00e4r <strong>Anu<\/strong>, 50, ja <strong>Inka Hallikainen<\/strong>, 15, sanovat, ett\u00e4 jouluhulluus sai heid\u00e4t tulemaan kauppaan t\u00e4n\u00e4 vuonna ensimm\u00e4ist\u00e4 kertaa. Jouluksi tarvitaan uusia koristeita.<\/p>\n<p>\u2013\u2009Poika toivoi old school eli sellaista perinteist\u00e4 tyyli\u00e4.<\/p>\n<p>Korissa on vihreit\u00e4 palloja ja kultaisia koristeita.<\/p>\n<p>\u2013\u2009Meill\u00e4 ei moneen vuoteen ole ollut aitoa kuusta. Nyt p\u00e4\u00e4timme satsata, kun kotona on viel\u00e4 ipanoita, h\u00e4n sanoo.<\/p>\n<p>Molempien mielest\u00e4 parasta joulussa on yhdess\u00e4olo ja se, ett\u00e4 kaikilla on hauskaa. Joulua vietet\u00e4\u00e4n t\u00e4n\u00e4 vuonna isolla porukalla omien lasten ja heid\u00e4n kumppaneidensa kanssa.<\/p>\n<p>\t\t<a class=\"diks-gallery__link\" href=\"https:\/\/i.media.fi\/incoming\/a2sgoh\/11197269.jpg\/alternates\/FREE_1440\/11197269.jpg\" data-thumbnail=\"\" data-sub-html=\"Hallikaisen korissa on vihreit\u00e4 ja kultaisia koristeita. Mikko Huisko\" aria-label=\"Katso isompi kuva\" rel=\"nofollow noopener\" target=\"_blank\"><br \/>\n\t\t\t\t<img class=\"diks-figure__image\" src=\"https:\/\/www.europesays.com\/fi\/wp-content\/uploads\/2025\/12\/11197269.jpg\" loading=\"lazy\" decoding=\"sync\" alt=\"\"\/><\/p>\n<p>\t\t\t<\/a><br \/>\n\t\t\t\t\tHallikaisen korissa on vihreit\u00e4 ja kultaisia koristeita. Mikko Huisko<\/p>\n<p><strong class=\"diks-storyline__impact\">Seitsem\u00e4n kuusen superjouluttaja<\/strong> Hanna Savolainen kertoo j\u00e4rjest\u00e4v\u00e4ns\u00e4 vuoden ensimm\u00e4isen joulun jo kes\u00e4ll\u00e4, viikko ennen juhannusta. Silloin jouluun on aikaa tasan puoli vuotta. Kotona esille otetaan kuusi, tehd\u00e4\u00e4n laatikot sek\u00e4 paistetaan kinkku, tortut ja piparit.<\/p>\n<p>Kes\u00e4n j\u00e4lkeen koristeet ker\u00e4t\u00e4\u00e4n pois. Viimeist\u00e4\u00e4n lokakuussa niit\u00e4 ryhdyt\u00e4\u00e4n j\u00e4lleen kaivamaan kaappista.<\/p>\n<p>Jotain uutta koristetta t\u00e4ytyy joka vuosi aina olla.<\/p>\n<p>\u2013\u2009Nyt mietin koristeita jo ensi jouluksi. T\u00e4ksi jouluksi l\u00e4hden Floridaan ja koristeiden osalta se on jo v\u00e4h\u00e4n t\u00e4ss\u00e4.<\/p>\n<p>Joulun j\u00e4lkeen koristeet saavat olla ehk\u00e4 helmikuulle asti. Niit\u00e4 ei ole kiire ker\u00e4t\u00e4 pois.<\/p>\n<p>Mit\u00e4\u00e4n muuta erityist\u00e4 syyt\u00e4 Savolainen ei osaa omaan superjouluttamiseensa sanoa kuin ett\u00e4 lapsuuden jouluista on j\u00e4\u00e4nyt hyv\u00e4 mieli.<\/p>\n<p class=\"diks-title diks-article-box__title\">Mik\u00e4 Weiste?<\/p>\n<p>Joulukoristetehdas perustettiin 1920-luvulla<\/p>\n<p>Kansakoulunopettaja Kalle Weiste perusti yrityksen vuonna 1924. <\/p>\n<p>Liikeideana oli valmistaa hopealangasta joulukuusenkoristeita.<\/p>\n<p>Valmistettuaan koristeita ensin kotonaan ja Kluuvikadulla sijainneessa ty\u00f6huoneessaan, Weiste muutti poikansa Aarren kanssa Pukinm\u00e4keen vuonna 1926. <\/p>\n<p>Samana vuonna tontille valmistui ensimm\u00e4inen tehdasrakennus.<\/p>\n<p>Lis\u00e4rakennus valmistui vuonna 1931.<\/p>\n<p>1930-luvun puoliv\u00e4liss\u00e4 tehtaalle perustettiin kutomo.<\/p>\n<p>Nauhakutomakoneilla ja my\u00f6hemmin kehruu- ja punomakoneilla valmistettiin erilaista nauhoja ja ny\u00f6rej\u00e4.<\/p>\n<p>1960-luvulla siirryttiin tekem\u00e4\u00e4n muovisia joulukuusenkoristeita.<\/p>\n<p>Yrityksen perustajan pojan, Aarre Weisteen johdolla yritys suuntasi voimakkaasti vientimarkkinoille. <\/p>\n<p>Yritykselle my\u00f6nnettiin vuonna 1992 Tasavallan Presidentin Vientipalkinto. <\/p>\n<p>Yh\u00e4 edelleen yrityksen tuotannosta noin 80 prosenttia menee ulkomaille.<\/p>\n<p>Tehtaalle viev\u00e4 katu on nimetty Kalle Weisteen kaduksi.<\/p>\n<p>\t\t<a class=\"diks-gallery__link\" href=\"https:\/\/i.media.fi\/incoming\/judjj9\/11197277.jpg\/alternates\/FREE_1440\/11197277.jpg\" data-thumbnail=\"\" data-sub-html=\"Tennareissa on joulun v\u00e4ri\u00e4. Mikko Huisko\" aria-label=\"Katso isompi kuva\" rel=\"nofollow noopener\" target=\"_blank\"><br \/>\n\t\t\t\t<img class=\"diks-figure__image\" src=\"https:\/\/www.europesays.com\/fi\/wp-content\/uploads\/2025\/12\/11197277.jpg\" loading=\"lazy\" decoding=\"sync\" alt=\"\"\/><\/p>\n<p>\t\t\t<\/a><br \/>\n\t\t\t\t\tTennareissa on joulun v\u00e4ri\u00e4. Mikko Huisko<\/p>\n<p>\t\t<a class=\"diks-gallery__link\" href=\"https:\/\/i.media.fi\/incoming\/zg1qr1\/11197276.jpg\/alternates\/FREE_1440\/11197276.jpg\" data-thumbnail=\"\" data-sub-html=\"Punahattuiset tontut ovat koristeiden perinteisimm\u00e4st\u00e4 p\u00e4\u00e4st\u00e4. Mikko Huisko\" aria-label=\"Katso isompi kuva\" rel=\"nofollow noopener\" target=\"_blank\"><br \/>\n\t\t\t\t<img class=\"diks-figure__image\" src=\"https:\/\/www.europesays.com\/fi\/wp-content\/uploads\/2025\/12\/11197276.jpg\" loading=\"lazy\" decoding=\"sync\" alt=\"\"\/><\/p>\n<p>\t\t\t<\/a><br \/>\n\t\t\t\t\tPunahattuiset tontut ovat koristeiden perinteisimm\u00e4st\u00e4 p\u00e4\u00e4st\u00e4. Mikko Huisko<\/p>\n","protected":false},"excerpt":{"rendered":"Herttoniemess\u00e4 asuva Hanna Savolainen, 57, nypr\u00e4\u00e4 sinisi\u00e4, glitterin peitt\u00e4mi\u00e4 joulukuusenkoristeita k\u00e4siss\u00e4\u00e4n. H\u00e4n on saapunut Weisteen Wanhan Villan joulukuusenkoristeita&hellip;\n","protected":false},"author":2,"featured_media":121296,"comment_status":"","ping_status":"","sticky":false,"template":"","format":"standard","meta":{"footnotes":""},"categories":[130],"tags":[137,33,31,30,104,5856,17630,14442,32,109],"class_list":{"0":"post-121295","1":"post","2":"type-post","3":"status-publish","4":"format-standard","5":"has-post-thumbnail","7":"category-viihde","8":"tag-entertainment","9":"tag-fi","10":"tag-finland","11":"tag-finnish","12":"tag-helsinki","13":"tag-joulu","14":"tag-joulukoristeet","15":"tag-kansalliset-ja-kansainvaliset-juhlapaivat","16":"tag-suomi","17":"tag-viihde"},"share_on_mastodon":{"url":"https:\/\/pubeurope.com\/@fi\/115750900269306534","error":""},"_links":{"self":[{"href":"https:\/\/www.europesays.com\/fi\/wp-json\/wp\/v2\/posts\/121295","targetHints":{"allow":["GET"]}}],"collection":[{"href":"https:\/\/www.europesays.com\/fi\/wp-json\/wp\/v2\/posts"}],"about":[{"href":"https:\/\/www.europesays.com\/fi\/wp-json\/wp\/v2\/types\/post"}],"author":[{"embeddable":true,"href":"https:\/\/www.europesays.com\/fi\/wp-json\/wp\/v2\/users\/2"}],"replies":[{"embeddable":true,"href":"https:\/\/www.europesays.com\/fi\/wp-json\/wp\/v2\/comments?post=121295"}],"version-history":[{"count":0,"href":"https:\/\/www.europesays.com\/fi\/wp-json\/wp\/v2\/posts\/121295\/revisions"}],"wp:featuredmedia":[{"embeddable":true,"href":"https:\/\/www.europesays.com\/fi\/wp-json\/wp\/v2\/media\/121296"}],"wp:attachment":[{"href":"https:\/\/www.europesays.com\/fi\/wp-json\/wp\/v2\/media?parent=121295"}],"wp:term":[{"taxonomy":"category","embeddable":true,"href":"https:\/\/www.europesays.com\/fi\/wp-json\/wp\/v2\/categories?post=121295"},{"taxonomy":"post_tag","embeddable":true,"href":"https:\/\/www.europesays.com\/fi\/wp-json\/wp\/v2\/tags?post=121295"}],"curies":[{"name":"wp","href":"https:\/\/api.w.org\/{rel}","templated":true}]}}