{"id":121299,"date":"2025-12-20T08:18:11","date_gmt":"2025-12-20T08:18:11","guid":{"rendered":"https:\/\/www.europesays.com\/fi\/121299\/"},"modified":"2025-12-20T08:18:11","modified_gmt":"2025-12-20T08:18:11","slug":"viron-paaministeri-vulle-taytyy-ymmartaa-etta-venaja-bluffaa","status":"publish","type":"post","link":"https:\/\/www.europesays.com\/fi\/121299\/","title":{"rendered":"Viron p\u00e4\u00e4ministeri VU:lle: T\u00e4ytyy ymm\u00e4rt\u00e4\u00e4, ett\u00e4 Ven\u00e4j\u00e4 bluffaa"},"content":{"rendered":"<p class=\"ai-optimize-6 ai-optimize-introduction\">Euroopan it\u00e4isen ulkorajan turvallisuuden merkitt\u00e4v\u00e4 ja nopea vahvistaminen oli p\u00e4\u00e4ministeri <strong>Petteri Orpon<\/strong> (kok.) is\u00e4nn\u00f6im\u00e4n Eastern Flank -huippukokouksen keskeinen teema tiistaina Helsingiss\u00e4.<\/p>\n<p class=\"ai-optimize-7\">\u2013 Ven\u00e4j\u00e4 on merkitt\u00e4vin, suorin ja pitk\u00e4aikaisin uhka turvallisuudellemme sek\u00e4 euroatlanttisen alueen rauhalle ja vakaudelle. Ven\u00e4j\u00e4n hy\u00f6kk\u00e4yssota Ukrainassa ja sen seuraukset muodostavat vakavan ja pysyv\u00e4n uhan Euroopan turvallisuudelle ja vakaudelle, kokoukseen osallistuneet valtiojohtajat totesivat yhteisess\u00e4 <a href=\"https:\/\/valtioneuvosto.fi\/documents\/194055633\/200124281\/Eastern%20Flank%20Summit%20julkilausuma%2016122025%20FI.pdf\/1c50d5d8-057f-0bf5-4d96-0d1fecd547be\/Eastern%20Flank%20Summit%20julkilausuma%2016122025%20FI.pdf?t=1765890506672\" target=\"_blank\" rel=\"noopener nofollow\">julkilausumassaan<\/a>.<\/p>\n<p class=\"ai-optimize-8\">Viron p\u00e4\u00e4ministerin <strong>Kristen Michalin<\/strong> mukaan Ven\u00e4j\u00e4n muodostama eksistentiaalinen uhka on toki tiedostettu it\u00e4isiss\u00e4 reunavaltioissa, ja viimeisten nelj\u00e4n vuoden aikana siihen on havahduttu yh\u00e4 selvemmin my\u00f6s muualla Euroopassa.<\/p>\n<p class=\"ai-optimize-9\">\u2013 Ven\u00e4j\u00e4ll\u00e4 on t\u00e4ll\u00e4 hetkell\u00e4 aseissa enemm\u00e4n miehi\u00e4 kuin sodan alkaessa. Minne n\u00e4m\u00e4 rintamasotilaat menev\u00e4t, kun sota p\u00e4\u00e4ttyy? He ovat olleet mukana kuumassa konfliktissa ja saavat parempaa palkkaa kuin muut ven\u00e4l\u00e4issotilaat. Ven\u00e4j\u00e4ll\u00e4 heit\u00e4 on kohdeltava veteraaneina ja sankareina, vaikka tied\u00e4mme, ett\u00e4 he ovat rikollisia, Michal sanoo Verkkouutisille antamassaan haastattelussa.<\/p>\n<p class=\"ai-optimize-10\">\u2013 <strong>Vladimir Putinille<\/strong> on ep\u00e4ilem\u00e4tt\u00e4 ongelma, mit\u00e4 tehd\u00e4 n\u00e4ille veteraaneille. Muistamme, ett\u00e4 sodan alkaessa oli yksityisarmeija Wagner. Ehk\u00e4 n\u00e4m\u00e4 kaverit muodostavat seuraavat \u2013 Wagner 2, Wagner 3, Wagner 4 \u2013 ja levitt\u00e4ytyv\u00e4t ymp\u00e4ri maapalloa Eurooppaan, Aasiaan, Afrikkaan, h\u00e4n toteaa.<\/p>\n<p class=\"ai-optimize-11\">Jo t\u00e4m\u00e4 muodostaa h\u00e4nen mukaansa uhan, joka antaa kaikille eurooppalaisille valtioille aiheen vahvistaa puolustustaan ja turvallisuuttaan. Sama koskee Ven\u00e4j\u00e4n harjoittamaa kybervaikuttamista, joka saavuttaa yh\u00e4 vaarallisempia mittasuhteita.<\/p>\n<p class=\"ai-optimize-12\">\u2013 Ven\u00e4l\u00e4iset ovat luultavasti maailman k\u00e4rjess\u00e4, kun puhutaan liev\u00e4sti sanottuna pahanteosta. Se on heid\u00e4n luonteessaan ja my\u00f6s osa Ven\u00e4j\u00e4n hallintoj\u00e4rjestelm\u00e4\u00e4. T\u00e4m\u00e4 on peli\u00e4, jota he pelaavat, h\u00e4n painottaa.<\/p>\n<p>Kun hy\u00f6kk\u00e4yssota p\u00e4\u00e4ttyy<\/p>\n<p class=\"ai-optimize-14\">Kun hy\u00f6kk\u00e4yssota Ukrainaa vastaan ennemmin tai my\u00f6hemmin p\u00e4\u00e4ttyy, on h\u00e4nen mukaansa syyt\u00e4 toivoa, ett\u00e4 tietoisuus Ven\u00e4j\u00e4n perusluonteesta ei unohdu.<\/p>\n<p class=\"ai-optimize-14\">Se on kuitenkin valitettavasti kaikkea muuta kuin selv\u00e4\u00e4 etenkin niiss\u00e4 maissa, jotka sijaitsevat et\u00e4\u00e4mp\u00e4n\u00e4 Moskovasta ja Pietarista.<\/p>\n<p class=\"ai-optimize-15\">\u2013 Ajatellaanpa vaikka Covid-pandemiaa, josta on kulunut vain muutama vuosi. Nyt jo n\u00e4emme, ett\u00e4 ihmiset tulevat taas sairaina t\u00f6ihin, eiv\u00e4t muista pest\u00e4 k\u00e4si\u00e4\u00e4n ja niin edelleen. Opitulla on valitettavasti taipumus unohtua varsinkin silloin, kun se liittyy ik\u00e4viin asioihin, h\u00e4n toteaa.<\/p>\n<p class=\"ai-optimize-16\">H\u00e4n kertoo arvostavansa suomalaiskollegansa, p\u00e4\u00e4ministeri Petteri Orpon edustamaa ajattelutapaa, jonka mukaan ei kannata pel\u00e4t\u00e4, vaan kannattaa varautua.<\/p>\n<p class=\"ai-optimize-17\">\u2013 Kun olet varautunut, vihollisesi kyll\u00e4 havaitsee sen. Viron puolustusmenot ovat ensi vuodelle vahvistetussa budjetissa yli viisi prosenttia bkt:sta. Se on paljon, mutta se on my\u00f6s v\u00e4ltt\u00e4m\u00e4t\u00f6nt\u00e4, jotta saamme el\u00e4\u00e4 rauhassa. Ven\u00e4j\u00e4lle on osoitettava, ett\u00e4 me \u2013 Baltian maat, Pohjoismaat, Saksa ja Puola \u2013 otamme puolustuksemme vakavasti eik\u00e4 meille kannata ryppyill\u00e4, h\u00e4n sanoo.<\/p>\n<p><img fetchpriority=\"high\" decoding=\"async\" class=\"size-full wp-image-778458\" src=\"https:\/\/www.europesays.com\/fi\/wp-content\/uploads\/2025\/12\/Michal_haastattelukuva.jpg\" alt=\"\" width=\"1200\" height=\"989\"  \/>P\u00e4\u00e4ministeri Kristen Michal Verkkouutisten haastateltavana 16. joulukuuta. (Kuva: Eliise Kuus, Riigikantselei)<\/p>\n<p class=\"ai-optimize-18\">Viro on perinteisesti korostanut Yhdysvaltojen roolia keskeisimp\u00e4n\u00e4 liittolaisenaan ja turvallisuutensa viimek\u00e4tisen\u00e4 lukkona.<\/p>\n<p class=\"ai-optimize-18\"><strong>Donald Trumpin<\/strong> hallinnon Eurooppaan kohdistama retoriikka sen enemp\u00e4\u00e4 kuin vastik\u00e4\u00e4n julkistetun uuden turvallisuusstrategian painotuksetkaan eiv\u00e4t ole t\u00e4t\u00e4 linjaa ainakaan toistaiseksi horjuttaneet.<\/p>\n<p class=\"ai-optimize-19\">\u2013 USA:n turvallisuusstrategiasta v\u00e4littyy mielest\u00e4ni sama viesti, jota Trump toi esiin jo ensimm\u00e4isell\u00e4 presidenttikaudellaan. H\u00e4n haluaa Euroopan investoivan enemm\u00e4n omaan puolustukseensa, mik\u00e4 on jokseenkin ymm\u00e4rrett\u00e4v\u00e4\u00e4. Jos haluamme turvata vaurautemme ja vapautemme, meid\u00e4n on panostettava my\u00f6s turvallisuuteen ja puolustukseen, h\u00e4n sanoo.<\/p>\n<p class=\"ai-optimize-20\">Trump on h\u00e4nen mukaansa useaan otteeseen vakuuttanut, ett\u00e4 Yhdysvallat on edelleen sitoutunut puolustamaan muun muassa Baltian maita ja Puolaa, jos niit\u00e4 vastaan hy\u00f6k\u00e4t\u00e4\u00e4n.<\/p>\n<p class=\"ai-optimize-21\">\u2013 H\u00e4n on sitoutunut Natoon ja sen peruskirjan viidenteen artiklaan, mik\u00e4 on varsin selke\u00e4 viesti. On luonnollista, ett\u00e4 Yhdysvalloilla on intressej\u00e4 ymp\u00e4ri maailmaa, ja sill\u00e4 on tietty vaikutus joukkojen kulloiseenkin sijoitteluun. En n\u00e4e, ett\u00e4 niit\u00e4 oltaisiin vet\u00e4m\u00e4ss\u00e4 Euroopasta kokonaan, sill\u00e4 sotilaallinen l\u00e4sn\u00e4olo Euroopassa on USA:n omienkin turvallisuusetujen mukaista, h\u00e4n toteaa.<\/p>\n<p class=\"ai-optimize-22\">Asialla on my\u00f6s taloudellinen ulottuvuutensa. Viron tiedustelu- ja turvallisuuspalvelujen entinen johtaja, nykyinen kansanedustaja <strong>Eerik-Niiles Kross<\/strong> <a href=\"https:\/\/x.com\/EerikNKross\/status\/1999160247475183851\" target=\"_blank\" rel=\"noopener nofollow\">on laskenut<\/a>, ett\u00e4 amerikkalaisjoukkojen mahdollisen uudelleensijoittamisen hintalappu nousisi v\u00e4hint\u00e4\u00e4n kymmeniin miljardeihin euroihin.<\/p>\n<p>Torjutaan heti rajalla<\/p>\n<p class=\"ai-optimize-24\">Helsingin huippukokouksessa korostettiin EU:n yhteisen Eastern Flank Watch -puolustushankkeen merkityst\u00e4. Viron erityisi\u00e4 painopistealueita ovat Michalin mukaan ilmapuolustus \u2013 droonien torjunta mukaan lukien \u2013 tarkka ja ajantasainen tilannekuva sek\u00e4 kyky torjua hy\u00f6kk\u00e4\u00e4j\u00e4 heti rajalla.<\/p>\n<p class=\"ai-optimize-25\">T\u00e4m\u00e4n tarkoittanee esimerkiksi uusia ilmatorjuntaohjusj\u00e4rjestelmi\u00e4, pitk\u00e4n kantaman tykist\u00f6\u00e4, it\u00e4rajan linnoittamista, uutta tukikohtaa rajakaupunki Narvaan, kehittyneit\u00e4 sensorij\u00e4rjestelmi\u00e4 sek\u00e4 tiedonvaihdon tiivist\u00e4mist\u00e4 l\u00e4heisimpien liittolaisten kanssa.<\/p>\n<p class=\"ai-optimize-26\">\u2013 Puolustusministeri\u00f6n ja sis\u00e4ministeri\u00f6n teht\u00e4v\u00e4n\u00e4 on koordinoida ja ratkaista, mit\u00e4 tarvitaan ja miss\u00e4. Niill\u00e4 on siihen t\u00e4ydet valtuudet, h\u00e4n toteaa.<\/p>\n<p class=\"ai-optimize-27\">Ven\u00e4l\u00e4ish\u00e4vitt\u00e4j\u00e4t tunkeutuivat syyskuussa Viron ilmatilaan ja poistuivat vasta 12 minuuttia my\u00f6hemmin Naton ilmavalvontaoperaatioon silloin osallistuneiden Italian F-35-h\u00e4vitt\u00e4jien saattamana.<\/p>\n<p class=\"ai-optimize-27\">My\u00f6s suomalaiset F-16-Hornet-h\u00e4vitt\u00e4j\u00e4t reagoivat lent\u00e4m\u00e4tt\u00e4 kuitenkaan Viron ilmatilaan, koska sellaisesta ei ollut ennalta sovittu. T\u00e4m\u00e4 oli Michalin mielest\u00e4 t\u00e4rke\u00e4 oppitunti Suomi-yhteisty\u00f6n kannalta.<\/p>\n<p class=\"ai-optimize-28\">\u2013 Toivon todella, ett\u00e4 voimme t\u00e4t\u00e4 jatkossa virtaviivaistaa. Suomalaiset ovat yst\u00e4vi\u00e4mme, velji\u00e4mme ja liittolaisiamme. Kun uhat muuttuvat todellisiksi, opimme joka p\u00e4iv\u00e4 jotakin uutta, h\u00e4n toteaa.<\/p>\n<p>Yhten\u00e4isyytt\u00e4 ja voimaa<\/p>\n<p class=\"ai-optimize-30\">Virossa, kuten Suomessakin, my\u00f6s puolustusteollisuus ymm\u00e4rret\u00e4\u00e4n puolustuskyvyn vahvistamisen yhdeksi avaintekij\u00e4ksi.<\/p>\n<p class=\"ai-optimize-31\">\u2013 Sanoisin, ett\u00e4 Virossa kaksi elinkeinoel\u00e4m\u00e4n sektoria menestyy erityisen kukoistavasti. Toinen niist\u00e4 on jo pitk\u00e4\u00e4n ollut ICT, toinen yh\u00e4 selvemmin puolustusteollisuus. On todella my\u00f6nteist\u00e4, ett\u00e4 puolustusteollisuus kasvaa kaikkialla Euroopassa. Ukrainan kokemusten perusteella on ymm\u00e4rretty, ett\u00e4 se on puolustuskyvyn olennainen elementti, Michal toteaa.<\/p>\n<p class=\"ai-optimize-32\">\u2013 Pohjoismaiden ja Baltian maiden yhteinen NB8-ryhm\u00e4 on mielest\u00e4ni vahvistanut sek\u00e4 EU:ta ett\u00e4 Natoa. Toisinaan mukana ovat my\u00f6s Puola ja Saksa \u2013 Naton puitteissa Britanniakin. N\u00e4in on my\u00f6s Britannian johtaman monikansallisen nopean toiminnan JEF-joukon laita. Meit\u00e4 yhdist\u00e4v\u00e4t samanmielisyys suoraviivaisuus ja kyky toimia nopeasti. T\u00e4m\u00e4 ei ole mitenk\u00e4\u00e4n pois Natolta, vaan p\u00e4invastoin tuottaa lis\u00e4arvoa sille, h\u00e4n sanoo.<\/p>\n<p class=\"ai-optimize-33\">Kun Verkkouutiset haastatteli p\u00e4\u00e4ministeri Michalia viime tammikuussa, h\u00e4n oli palaamassa tasavallan presidentti <strong>Alexander Stubbin<\/strong> pikavauhtia koollekutsumasta huippukokouksesta, jonka teemana oli polttavan ajankohtainen kysymys It\u00e4meren kriittisen infrastruktuurin turvaamisesta.<\/p>\n<p class=\"ai-optimize-33\">Pian kokouksen j\u00e4lkeen <a href=\"https:\/\/www.nato.int\/en\/news-and-events\/articles\/news\/2025\/01\/14\/nato-launches-baltic-sentry-to-increase-critical-infrastructure-security\" target=\"_blank\" rel=\"noopener nofollow\">k\u00e4ynnistyi<\/a> Naton Baltic Sentry -operaatio, joka vahvisti liittokunnan sotilaallista l\u00e4sn\u00e4oloa alueella. Se on onnistunut ilmeisen kiitett\u00e4v\u00e4sti ydinteht\u00e4v\u00e4ss\u00e4\u00e4n, sill\u00e4 yht\u00e4\u00e4n tietoliikenne- tai energiayhteyksiin kohdistunutta vahingontekoa ei tiett\u00e4v\u00e4sti ole sen aikana tapahtunut.<\/p>\n<p class=\"ai-optimize-34\">\u2013 Operaatio on todellakin osoittautunut menestyksekk\u00e4\u00e4ksi. Ei pid\u00e4 silti sulkea pois sit\u00e4 mahdollisuutta, ett\u00e4 vihamielist\u00e4 vaikuttamista saattaa j\u00e4lleen tapahtua. Hy\u00f6kk\u00e4\u00e4j\u00e4nh\u00e4n ei tarvitse onnistua kuin kerran \u2013 puolustajan joka kerta, h\u00e4n toteaa.<\/p>\n<p>Poimintoja videosis\u00e4ll\u00f6ist\u00e4mme<\/p>\n<p class=\"ai-optimize-35\">Ukrainan rauhanprosessissa on Michalin mukaan tapahtunut positiivista kehityst\u00e4, jota my\u00f6s Helsingin huippukokouksessa tuoreeltaan k\u00e4siteltiin.<\/p>\n<p class=\"ai-optimize-35\">Vladimir Putinin johtama Ven\u00e4j\u00e4 ei kuitenkaan ole toistaiseksi tinkinyt piiruakaan maksimalistisista vaatimuksistaan, jotka toteutuessaan tarkoittaisivat Ukrainan tuhoa. Siksi painetta Ven\u00e4j\u00e4\u00e4 kohtaan on Michalin mielest\u00e4 v\u00e4ltt\u00e4m\u00e4t\u00f6nt\u00e4 lis\u00e4t\u00e4.<\/p>\n<p class=\"ai-optimize-36\">\u2013 Ven\u00e4j\u00e4 tyypillisesti per\u00e4\u00e4ntyy, kuten diktatuurit yleens\u00e4, joutuessaan kohtaamaan yhten\u00e4isyytt\u00e4 ja voimaa. Ven\u00e4j\u00e4n tilanne ei ole kovin kaksinen, sill\u00e4 \u00f6ljyn hinta, josta maan talous ja sotakassa ovat vahvasti riippuvaisia, on laskenut. Kremlin kannalta kriittinen kysymys on my\u00f6s Eurooppaan j\u00e4\u00e4dytettyjen ven\u00e4l\u00e4isten varojen kohtalo, h\u00e4n sanoo.<\/p>\n<p class=\"ai-optimize-37\">Osana kognitiivista sodank\u00e4ynti\u00e4\u00e4n Kreml vakuuttaa, ett\u00e4 Ven\u00e4j\u00e4ll\u00e4 menee hyvin \u2013 jopa paremmin kuin koskaan \u2013 ja sotakin on yht\u00e4 voittokulkua.<\/p>\n<p class=\"ai-optimize-38\">\u2013 T\u00e4ytyy tietysti ymm\u00e4rt\u00e4\u00e4, ett\u00e4 Ven\u00e4j\u00e4 bluffaa, ja meh\u00e4n sen tied\u00e4mme. Viron neuvostomiehityksen loppuaikoinakin kaikki oli muka paremmin kuin koskaan, vaikka huoltoasemilla kansa joutui jonottamaan bensiini\u00e4, Michal sivaltaa.<\/p>\n<p class=\"ai-optimize-39\">H\u00e4n sanoo yhtyv\u00e4ns\u00e4 edesmenneen amerikkalaissenaattori <strong>John McCainin<\/strong> vuonna 2014 esitt\u00e4m\u00e4\u00e4n <a href=\"https:\/\/www.politico.com\/story\/2014\/03\/john-mccain-russia-gas-station-105061\" target=\"_blank\" rel=\"noopener nofollow\">n\u00e4kemykseen<\/a>, jonka mukaan my\u00f6s Ven\u00e4j\u00e4 on oikeastaan vain huoltoasema, joka teeskentelee olevansa oikea valtio muiden valtioiden joukossa.<\/p>\n<p><img loading=\"lazy\" decoding=\"async\" class=\"size-full wp-image-778460\" src=\"https:\/\/www.europesays.com\/fi\/wp-content\/uploads\/2025\/12\/54986807052_2b717a3bf0_c.jpg\" alt=\"\" width=\"1200\" height=\"801\"  \/>P\u00e4\u00e4ministerit Kristen Michal ja Petteri Orpo S\u00e4\u00e4tytalolla 16. joulukuuta. (Kuva: Lauri Heikkinen, valtioneuvoston kanslia)<\/p>\n","protected":false},"excerpt":{"rendered":"Euroopan it\u00e4isen ulkorajan turvallisuuden merkitt\u00e4v\u00e4 ja nopea vahvistaminen oli p\u00e4\u00e4ministeri Petteri Orpon (kok.) is\u00e4nn\u00f6im\u00e4n Eastern Flank -huippukokouksen keskeinen&hellip;\n","protected":false},"author":2,"featured_media":121300,"comment_status":"","ping_status":"","sticky":false,"template":"","format":"standard","meta":{"footnotes":""},"categories":[14],"tags":[22,23,26,27,33,31,30,17,24,25,28,29,15,18,21,32,19,20,56,16,987,4029,59,60,61],"class_list":{"0":"post-121299","1":"post","2":"type-post","3":"status-publish","4":"format-standard","5":"has-post-thumbnail","7":"category-ulkomaat","8":"tag-breaking-news","9":"tag-breakingnews","10":"tag-featured-news","11":"tag-featurednews","12":"tag-fi","13":"tag-finland","14":"tag-finnish","15":"tag-headlines","16":"tag-latest-news","17":"tag-latestnews","18":"tag-main-news","19":"tag-mainnews","20":"tag-news","21":"tag-otsikot","22":"tag-paauutiset","23":"tag-suomi","24":"tag-top-stories","25":"tag-topstories","26":"tag-ulkomaat","27":"tag-uutiset","28":"tag-venajan-hyokkays","29":"tag-viro","30":"tag-world","31":"tag-world-news","32":"tag-worldnews"},"share_on_mastodon":{"url":"https:\/\/pubeurope.com\/@fi\/115750916018308486","error":""},"_links":{"self":[{"href":"https:\/\/www.europesays.com\/fi\/wp-json\/wp\/v2\/posts\/121299","targetHints":{"allow":["GET"]}}],"collection":[{"href":"https:\/\/www.europesays.com\/fi\/wp-json\/wp\/v2\/posts"}],"about":[{"href":"https:\/\/www.europesays.com\/fi\/wp-json\/wp\/v2\/types\/post"}],"author":[{"embeddable":true,"href":"https:\/\/www.europesays.com\/fi\/wp-json\/wp\/v2\/users\/2"}],"replies":[{"embeddable":true,"href":"https:\/\/www.europesays.com\/fi\/wp-json\/wp\/v2\/comments?post=121299"}],"version-history":[{"count":0,"href":"https:\/\/www.europesays.com\/fi\/wp-json\/wp\/v2\/posts\/121299\/revisions"}],"wp:featuredmedia":[{"embeddable":true,"href":"https:\/\/www.europesays.com\/fi\/wp-json\/wp\/v2\/media\/121300"}],"wp:attachment":[{"href":"https:\/\/www.europesays.com\/fi\/wp-json\/wp\/v2\/media?parent=121299"}],"wp:term":[{"taxonomy":"category","embeddable":true,"href":"https:\/\/www.europesays.com\/fi\/wp-json\/wp\/v2\/categories?post=121299"},{"taxonomy":"post_tag","embeddable":true,"href":"https:\/\/www.europesays.com\/fi\/wp-json\/wp\/v2\/tags?post=121299"}],"curies":[{"name":"wp","href":"https:\/\/api.w.org\/{rel}","templated":true}]}}